{"id":10173,"date":"2018-01-17T16:49:13","date_gmt":"2018-01-17T15:49:13","guid":{"rendered":"http:\/\/www.sef-italia.it\/?p=10173"},"modified":"2018-01-17T17:01:58","modified_gmt":"2018-01-17T16:01:58","slug":"corso-otb-in-programma-a-villaguardia-co","status":"publish","type":"post","link":"https:\/\/www.sef-italia.it\/index.php\/2018\/01\/17\/corso-otb-in-programma-a-villaguardia-co\/","title":{"rendered":"Corso OTB in programma a Villaguardia (CO)"},"content":{"rendered":"<p>Cari amici SEF-Italia,<\/p>\n<p>tra i corsi in programma nei prossimi mesi portiamo alla vostra attenzione quello di Operatore Tecnico di Base organizzato a villa guardia (co) presso il centro \u201cLa Milonga asd\u201d, le cui iscrizioni devono pervenire alla segreteria SEF-Italia entro il 16\/02\/2018. Il corso \u00e8 valido per tutte le specialit\u00e0 e avr\u00e0 durata di 3 giorni, 23\/02\/2018 &#8211; 25\/02\/2018, dalle ore 9 alle 18 circa con pausa per il pranzo a met\u00e0 giornata.<br \/>\nRicordiamo che il corso OTB ha lo scopo sia di dotare i cavalieri di una guida sic<img loading=\"lazy\" decoding=\"async\" class=\"size-medium wp-image-9745 alignright\" src=\"http:\/\/www.sef-italia.it\/wp-content\/uploads\/2017\/11\/EN-SE_W44_sumaz-300x210.jpg\" alt=\"\" width=\"300\" height=\"210\" srcset=\"https:\/\/www.sef-italia.it\/wp-content\/uploads\/2017\/11\/EN-SE_W44_sumaz-300x210.jpg 300w, https:\/\/www.sef-italia.it\/wp-content\/uploads\/2017\/11\/EN-SE_W44_sumaz-148x103.jpg 148w, https:\/\/www.sef-italia.it\/wp-content\/uploads\/2017\/11\/EN-SE_W44_sumaz-31x22.jpg 31w, https:\/\/www.sef-italia.it\/wp-content\/uploads\/2017\/11\/EN-SE_W44_sumaz-38x27.jpg 38w, https:\/\/www.sef-italia.it\/wp-content\/uploads\/2017\/11\/EN-SE_W44_sumaz-308x215.jpg 308w, https:\/\/www.sef-italia.it\/wp-content\/uploads\/2017\/11\/EN-SE_W44_sumaz-230x161.jpg 230w, https:\/\/www.sef-italia.it\/wp-content\/uploads\/2017\/11\/EN-SE_W44_sumaz-350x245.jpg 350w, https:\/\/www.sef-italia.it\/wp-content\/uploads\/2017\/11\/EN-SE_W44_sumaz-480x335.jpg 480w, https:\/\/www.sef-italia.it\/wp-content\/uploads\/2017\/11\/EN-SE_W44_sumaz.jpg 750w\" sizes=\"(max-width: 300px) 100vw, 300px\" \/>ura in merito alla tecnica equestre e al mondo del cavallo sia quello di fornire gli strumenti teorici e pratici necessari all&#8217;esercizio della propria professione nelle diverse discipline, al fine di poter affiancare un tecnico di livello superiore in un centro ippico.<br \/>\nUna volta superato l&#8217;esame e ottenuto il brevetto l&#8217;Operatore di Equitazione di Base sar\u00e0 abilitato a svolgere diverse mansioni; tra queste: controllare che gli allievi siano in possesso dell&#8217;abilitazione a montare ed eventualmente rilasciarla (patente A), affiancare i Tecnici di grado superiore in manifestazioni amatoriali di livello elementare oppure accompagnare gli allievi in raduni o manifestazioni organizzate dall&#8217;Ente. Il tecnico dovr\u00e0 altres\u00ec preoccuparsi dell&#8217;equipaggiamento del cavallo ed assicurarsi che l&#8217;attivit\u00e0 che viene svolta sia commisurata alla preparazione fisica dello stesso.<\/p>\n<p><a href=\"https:\/\/www.sef-italia.it\/sefnav\/corsi_Corsisti.asp?CF_ID=2264\">CLICCA QUI PER ISCRIVERTI<\/a><\/p>\n","protected":false},"excerpt":{"rendered":"<p>Cari amici SEF-Italia, tra i corsi in programma nei prossimi mesi portiamo alla vostra attenzione quello di Operatore Tecnico di Base organizzato [&hellip;]<\/p>\n","protected":false},"author":83,"featured_media":9342,"comment_status":"open","ping_status":"open","sticky":false,"template":"","format":"standard","meta":{"footnotes":""},"categories":[1],"tags":[],"yoast_head":"<!-- This site is optimized with the Yoast SEO plugin v24.5 - https:\/\/yoast.com\/wordpress\/plugins\/seo\/ -->\r\n<title>Corso OTB in programma a Villaguardia (CO) - SEF Italia<\/title>\r\n<meta name=\"robots\" content=\"index, follow, max-snippet:-1, max-image-preview:large, max-video-preview:-1\" \/>\r\n<link rel=\"canonical\" href=\"https:\/\/www.sef-italia.it\/index.php\/2018\/01\/17\/corso-otb-in-programma-a-villaguardia-co\/\" \/>\r\n<meta property=\"og:locale\" content=\"it_IT\" \/>\r\n<meta property=\"og:type\" content=\"article\" \/>\r\n<meta property=\"og:title\" content=\"Corso OTB in programma a Villaguardia (CO) - SEF Italia\" \/>\r\n<meta property=\"og:description\" content=\"Cari amici SEF-Italia, tra i corsi in programma nei prossimi mesi portiamo alla vostra attenzione quello di Operatore Tecnico di Base organizzato [&hellip;]\" \/>\r\n<meta property=\"og:url\" content=\"https:\/\/www.sef-italia.it\/index.php\/2018\/01\/17\/corso-otb-in-programma-a-villaguardia-co\/\" \/>\r\n<meta property=\"og:site_name\" content=\"SEF Italia\" \/>\r\n<meta property=\"article:publisher\" content=\"https:\/\/www.facebook.com\/scuolaequestrediformazione\/\" \/>\r\n<meta property=\"article:published_time\" content=\"2018-01-17T15:49:13+00:00\" \/>\r\n<meta property=\"article:modified_time\" content=\"2018-01-17T16:01:58+00:00\" \/>\r\n<meta property=\"og:image\" content=\"https:\/\/www.sef-italia.it\/wp-content\/uploads\/2017\/10\/cavallo.jpg\" \/>\r\n\t<meta property=\"og:image:width\" content=\"500\" \/>\r\n\t<meta property=\"og:image:height\" content=\"316\" \/>\r\n\t<meta property=\"og:image:type\" content=\"image\/jpeg\" \/>\r\n<meta name=\"author\" content=\"Maria Teresa Bevilacqua\" \/>\r\n<meta name=\"twitter:card\" content=\"summary_large_image\" \/>\r\n<meta name=\"twitter:creator\" content=\"@sef_italia\" \/>\r\n<meta name=\"twitter:site\" content=\"@sef_italia\" \/>\r\n<meta name=\"twitter:label1\" content=\"Scritto da\" \/>\n\t<meta name=\"twitter:data1\" content=\"Maria Teresa Bevilacqua\" \/>\n\t<meta name=\"twitter:label2\" content=\"Tempo di lettura stimato\" \/>\n\t<meta name=\"twitter:data2\" content=\"1 minuto\" \/>\r\n<script type=\"application\/ld+json\" class=\"yoast-schema-graph\">{\"@context\":\"https:\/\/schema.org\",\"@graph\":[{\"@type\":\"Article\",\"@id\":\"https:\/\/www.sef-italia.it\/index.php\/2018\/01\/17\/corso-otb-in-programma-a-villaguardia-co\/#article\",\"isPartOf\":{\"@id\":\"https:\/\/www.sef-italia.it\/index.php\/2018\/01\/17\/corso-otb-in-programma-a-villaguardia-co\/\"},\"author\":{\"name\":\"Maria Teresa Bevilacqua\",\"@id\":\"https:\/\/www.sef-italia.it\/#\/schema\/person\/98bbf141ebc34928c1b6b3262203ee9e\"},\"headline\":\"Corso OTB in programma a Villaguardia (CO)\",\"datePublished\":\"2018-01-17T15:49:13+00:00\",\"dateModified\":\"2018-01-17T16:01:58+00:00\",\"mainEntityOfPage\":{\"@id\":\"https:\/\/www.sef-italia.it\/index.php\/2018\/01\/17\/corso-otb-in-programma-a-villaguardia-co\/\"},\"wordCount\":223,\"commentCount\":0,\"publisher\":{\"@id\":\"https:\/\/www.sef-italia.it\/#organization\"},\"image\":{\"@id\":\"https:\/\/www.sef-italia.it\/index.php\/2018\/01\/17\/corso-otb-in-programma-a-villaguardia-co\/#primaryimage\"},\"thumbnailUrl\":\"https:\/\/www.sef-italia.it\/wp-content\/uploads\/2017\/10\/cavallo.jpg\",\"articleSection\":[\"News\"],\"inLanguage\":\"it-IT\",\"potentialAction\":[{\"@type\":\"CommentAction\",\"name\":\"Comment\",\"target\":[\"https:\/\/www.sef-italia.it\/index.php\/2018\/01\/17\/corso-otb-in-programma-a-villaguardia-co\/#respond\"]}]},{\"@type\":\"WebPage\",\"@id\":\"https:\/\/www.sef-italia.it\/index.php\/2018\/01\/17\/corso-otb-in-programma-a-villaguardia-co\/\",\"url\":\"https:\/\/www.sef-italia.it\/index.php\/2018\/01\/17\/corso-otb-in-programma-a-villaguardia-co\/\",\"name\":\"Corso OTB in programma a Villaguardia (CO) - SEF Italia\",\"isPartOf\":{\"@id\":\"https:\/\/www.sef-italia.it\/#website\"},\"primaryImageOfPage\":{\"@id\":\"https:\/\/www.sef-italia.it\/index.php\/2018\/01\/17\/corso-otb-in-programma-a-villaguardia-co\/#primaryimage\"},\"image\":{\"@id\":\"https:\/\/www.sef-italia.it\/index.php\/2018\/01\/17\/corso-otb-in-programma-a-villaguardia-co\/#primaryimage\"},\"thumbnailUrl\":\"https:\/\/www.sef-italia.it\/wp-content\/uploads\/2017\/10\/cavallo.jpg\",\"datePublished\":\"2018-01-17T15:49:13+00:00\",\"dateModified\":\"2018-01-17T16:01:58+00:00\",\"breadcrumb\":{\"@id\":\"https:\/\/www.sef-italia.it\/index.php\/2018\/01\/17\/corso-otb-in-programma-a-villaguardia-co\/#breadcrumb\"},\"inLanguage\":\"it-IT\",\"potentialAction\":[{\"@type\":\"ReadAction\",\"target\":[\"https:\/\/www.sef-italia.it\/index.php\/2018\/01\/17\/corso-otb-in-programma-a-villaguardia-co\/\"]}]},{\"@type\":\"ImageObject\",\"inLanguage\":\"it-IT\",\"@id\":\"https:\/\/www.sef-italia.it\/index.php\/2018\/01\/17\/corso-otb-in-programma-a-villaguardia-co\/#primaryimage\",\"url\":\"https:\/\/www.sef-italia.it\/wp-content\/uploads\/2017\/10\/cavallo.jpg\",\"contentUrl\":\"https:\/\/www.sef-italia.it\/wp-content\/uploads\/2017\/10\/cavallo.jpg\",\"width\":500,\"height\":316},{\"@type\":\"BreadcrumbList\",\"@id\":\"https:\/\/www.sef-italia.it\/index.php\/2018\/01\/17\/corso-otb-in-programma-a-villaguardia-co\/#breadcrumb\",\"itemListElement\":[{\"@type\":\"ListItem\",\"position\":1,\"name\":\"Home\",\"item\":\"https:\/\/www.sef-italia.it\/\"},{\"@type\":\"ListItem\",\"position\":2,\"name\":\"Corso OTB in programma a Villaguardia (CO)\"}]},{\"@type\":\"WebSite\",\"@id\":\"https:\/\/www.sef-italia.it\/#website\",\"url\":\"https:\/\/www.sef-italia.it\/\",\"name\":\"SEF Italia\",\"description\":\"Il nuovo sito SEF Italia\",\"publisher\":{\"@id\":\"https:\/\/www.sef-italia.it\/#organization\"},\"potentialAction\":[{\"@type\":\"SearchAction\",\"target\":{\"@type\":\"EntryPoint\",\"urlTemplate\":\"https:\/\/www.sef-italia.it\/?s={search_term_string}\"},\"query-input\":{\"@type\":\"PropertyValueSpecification\",\"valueRequired\":true,\"valueName\":\"search_term_string\"}}],\"inLanguage\":\"it-IT\"},{\"@type\":\"Organization\",\"@id\":\"https:\/\/www.sef-italia.it\/#organization\",\"name\":\"SEF Italia\",\"url\":\"https:\/\/www.sef-italia.it\/\",\"logo\":{\"@type\":\"ImageObject\",\"inLanguage\":\"it-IT\",\"@id\":\"https:\/\/www.sef-italia.it\/#\/schema\/logo\/image\/\",\"url\":\"https:\/\/www.sef-italia.it\/wp-content\/uploads\/2018\/01\/logoSEF_QUADRATO-.jpg\",\"contentUrl\":\"https:\/\/www.sef-italia.it\/wp-content\/uploads\/2018\/01\/logoSEF_QUADRATO-.jpg\",\"width\":600,\"height\":600,\"caption\":\"SEF Italia\"},\"image\":{\"@id\":\"https:\/\/www.sef-italia.it\/#\/schema\/logo\/image\/\"},\"sameAs\":[\"https:\/\/www.facebook.com\/scuolaequestrediformazione\/\",\"https:\/\/x.com\/sef_italia\",\"https:\/\/www.youtube.com\/channel\/UCcEMamL3elnrqfrtIT8sh7g?view_as=subscriber\"]},{\"@type\":\"Person\",\"@id\":\"https:\/\/www.sef-italia.it\/#\/schema\/person\/98bbf141ebc34928c1b6b3262203ee9e\",\"name\":\"Maria Teresa Bevilacqua\",\"image\":{\"@type\":\"ImageObject\",\"inLanguage\":\"it-IT\",\"@id\":\"https:\/\/www.sef-italia.it\/#\/schema\/person\/image\/\",\"url\":\"https:\/\/secure.gravatar.com\/avatar\/15e0000cbd79bf458c75ba2fc416b0c2?s=96&d=mm&r=g\",\"contentUrl\":\"https:\/\/secure.gravatar.com\/avatar\/15e0000cbd79bf458c75ba2fc416b0c2?s=96&d=mm&r=g\",\"caption\":\"Maria Teresa Bevilacqua\"},\"url\":\"https:\/\/www.sef-italia.it\/index.php\/author\/mariateresa\/\"}]}<\/script>\r\n<!-- \/ Yoast SEO plugin. -->","yoast_head_json":{"title":"Corso OTB in programma a Villaguardia (CO) - SEF Italia","robots":{"index":"index","follow":"follow","max-snippet":"max-snippet:-1","max-image-preview":"max-image-preview:large","max-video-preview":"max-video-preview:-1"},"canonical":"https:\/\/www.sef-italia.it\/index.php\/2018\/01\/17\/corso-otb-in-programma-a-villaguardia-co\/","og_locale":"it_IT","og_type":"article","og_title":"Corso OTB in programma a Villaguardia (CO) - SEF Italia","og_description":"Cari amici SEF-Italia, tra i corsi in programma nei prossimi mesi portiamo alla vostra attenzione quello di Operatore Tecnico di Base organizzato [&hellip;]","og_url":"https:\/\/www.sef-italia.it\/index.php\/2018\/01\/17\/corso-otb-in-programma-a-villaguardia-co\/","og_site_name":"SEF Italia","article_publisher":"https:\/\/www.facebook.com\/scuolaequestrediformazione\/","article_published_time":"2018-01-17T15:49:13+00:00","article_modified_time":"2018-01-17T16:01:58+00:00","og_image":[{"width":500,"height":316,"url":"https:\/\/www.sef-italia.it\/wp-content\/uploads\/2017\/10\/cavallo.jpg","type":"image\/jpeg"}],"author":"Maria Teresa Bevilacqua","twitter_card":"summary_large_image","twitter_creator":"@sef_italia","twitter_site":"@sef_italia","twitter_misc":{"Scritto da":"Maria Teresa Bevilacqua","Tempo di lettura stimato":"1 minuto"},"schema":{"@context":"https:\/\/schema.org","@graph":[{"@type":"Article","@id":"https:\/\/www.sef-italia.it\/index.php\/2018\/01\/17\/corso-otb-in-programma-a-villaguardia-co\/#article","isPartOf":{"@id":"https:\/\/www.sef-italia.it\/index.php\/2018\/01\/17\/corso-otb-in-programma-a-villaguardia-co\/"},"author":{"name":"Maria Teresa Bevilacqua","@id":"https:\/\/www.sef-italia.it\/#\/schema\/person\/98bbf141ebc34928c1b6b3262203ee9e"},"headline":"Corso OTB in programma a Villaguardia (CO)","datePublished":"2018-01-17T15:49:13+00:00","dateModified":"2018-01-17T16:01:58+00:00","mainEntityOfPage":{"@id":"https:\/\/www.sef-italia.it\/index.php\/2018\/01\/17\/corso-otb-in-programma-a-villaguardia-co\/"},"wordCount":223,"commentCount":0,"publisher":{"@id":"https:\/\/www.sef-italia.it\/#organization"},"image":{"@id":"https:\/\/www.sef-italia.it\/index.php\/2018\/01\/17\/corso-otb-in-programma-a-villaguardia-co\/#primaryimage"},"thumbnailUrl":"https:\/\/www.sef-italia.it\/wp-content\/uploads\/2017\/10\/cavallo.jpg","articleSection":["News"],"inLanguage":"it-IT","potentialAction":[{"@type":"CommentAction","name":"Comment","target":["https:\/\/www.sef-italia.it\/index.php\/2018\/01\/17\/corso-otb-in-programma-a-villaguardia-co\/#respond"]}]},{"@type":"WebPage","@id":"https:\/\/www.sef-italia.it\/index.php\/2018\/01\/17\/corso-otb-in-programma-a-villaguardia-co\/","url":"https:\/\/www.sef-italia.it\/index.php\/2018\/01\/17\/corso-otb-in-programma-a-villaguardia-co\/","name":"Corso OTB in programma a Villaguardia (CO) - SEF Italia","isPartOf":{"@id":"https:\/\/www.sef-italia.it\/#website"},"primaryImageOfPage":{"@id":"https:\/\/www.sef-italia.it\/index.php\/2018\/01\/17\/corso-otb-in-programma-a-villaguardia-co\/#primaryimage"},"image":{"@id":"https:\/\/www.sef-italia.it\/index.php\/2018\/01\/17\/corso-otb-in-programma-a-villaguardia-co\/#primaryimage"},"thumbnailUrl":"https:\/\/www.sef-italia.it\/wp-content\/uploads\/2017\/10\/cavallo.jpg","datePublished":"2018-01-17T15:49:13+00:00","dateModified":"2018-01-17T16:01:58+00:00","breadcrumb":{"@id":"https:\/\/www.sef-italia.it\/index.php\/2018\/01\/17\/corso-otb-in-programma-a-villaguardia-co\/#breadcrumb"},"inLanguage":"it-IT","potentialAction":[{"@type":"ReadAction","target":["https:\/\/www.sef-italia.it\/index.php\/2018\/01\/17\/corso-otb-in-programma-a-villaguardia-co\/"]}]},{"@type":"ImageObject","inLanguage":"it-IT","@id":"https:\/\/www.sef-italia.it\/index.php\/2018\/01\/17\/corso-otb-in-programma-a-villaguardia-co\/#primaryimage","url":"https:\/\/www.sef-italia.it\/wp-content\/uploads\/2017\/10\/cavallo.jpg","contentUrl":"https:\/\/www.sef-italia.it\/wp-content\/uploads\/2017\/10\/cavallo.jpg","width":500,"height":316},{"@type":"BreadcrumbList","@id":"https:\/\/www.sef-italia.it\/index.php\/2018\/01\/17\/corso-otb-in-programma-a-villaguardia-co\/#breadcrumb","itemListElement":[{"@type":"ListItem","position":1,"name":"Home","item":"https:\/\/www.sef-italia.it\/"},{"@type":"ListItem","position":2,"name":"Corso OTB in programma a Villaguardia (CO)"}]},{"@type":"WebSite","@id":"https:\/\/www.sef-italia.it\/#website","url":"https:\/\/www.sef-italia.it\/","name":"SEF Italia","description":"Il nuovo sito SEF Italia","publisher":{"@id":"https:\/\/www.sef-italia.it\/#organization"},"potentialAction":[{"@type":"SearchAction","target":{"@type":"EntryPoint","urlTemplate":"https:\/\/www.sef-italia.it\/?s={search_term_string}"},"query-input":{"@type":"PropertyValueSpecification","valueRequired":true,"valueName":"search_term_string"}}],"inLanguage":"it-IT"},{"@type":"Organization","@id":"https:\/\/www.sef-italia.it\/#organization","name":"SEF Italia","url":"https:\/\/www.sef-italia.it\/","logo":{"@type":"ImageObject","inLanguage":"it-IT","@id":"https:\/\/www.sef-italia.it\/#\/schema\/logo\/image\/","url":"https:\/\/www.sef-italia.it\/wp-content\/uploads\/2018\/01\/logoSEF_QUADRATO-.jpg","contentUrl":"https:\/\/www.sef-italia.it\/wp-content\/uploads\/2018\/01\/logoSEF_QUADRATO-.jpg","width":600,"height":600,"caption":"SEF Italia"},"image":{"@id":"https:\/\/www.sef-italia.it\/#\/schema\/logo\/image\/"},"sameAs":["https:\/\/www.facebook.com\/scuolaequestrediformazione\/","https:\/\/x.com\/sef_italia","https:\/\/www.youtube.com\/channel\/UCcEMamL3elnrqfrtIT8sh7g?view_as=subscriber"]},{"@type":"Person","@id":"https:\/\/www.sef-italia.it\/#\/schema\/person\/98bbf141ebc34928c1b6b3262203ee9e","name":"Maria Teresa Bevilacqua","image":{"@type":"ImageObject","inLanguage":"it-IT","@id":"https:\/\/www.sef-italia.it\/#\/schema\/person\/image\/","url":"https:\/\/secure.gravatar.com\/avatar\/15e0000cbd79bf458c75ba2fc416b0c2?s=96&d=mm&r=g","contentUrl":"https:\/\/secure.gravatar.com\/avatar\/15e0000cbd79bf458c75ba2fc416b0c2?s=96&d=mm&r=g","caption":"Maria Teresa Bevilacqua"},"url":"https:\/\/www.sef-italia.it\/index.php\/author\/mariateresa\/"}]}},"_links":{"self":[{"href":"https:\/\/www.sef-italia.it\/index.php\/wp-json\/wp\/v2\/posts\/10173"}],"collection":[{"href":"https:\/\/www.sef-italia.it\/index.php\/wp-json\/wp\/v2\/posts"}],"about":[{"href":"https:\/\/www.sef-italia.it\/index.php\/wp-json\/wp\/v2\/types\/post"}],"author":[{"embeddable":true,"href":"https:\/\/www.sef-italia.it\/index.php\/wp-json\/wp\/v2\/users\/83"}],"replies":[{"embeddable":true,"href":"https:\/\/www.sef-italia.it\/index.php\/wp-json\/wp\/v2\/comments?post=10173"}],"version-history":[{"count":3,"href":"https:\/\/www.sef-italia.it\/index.php\/wp-json\/wp\/v2\/posts\/10173\/revisions"}],"predecessor-version":[{"id":10176,"href":"https:\/\/www.sef-italia.it\/index.php\/wp-json\/wp\/v2\/posts\/10173\/revisions\/10176"}],"wp:featuredmedia":[{"embeddable":true,"href":"https:\/\/www.sef-italia.it\/index.php\/wp-json\/wp\/v2\/media\/9342"}],"wp:attachment":[{"href":"https:\/\/www.sef-italia.it\/index.php\/wp-json\/wp\/v2\/media?parent=10173"}],"wp:term":[{"taxonomy":"category","embeddable":true,"href":"https:\/\/www.sef-italia.it\/index.php\/wp-json\/wp\/v2\/categories?post=10173"},{"taxonomy":"post_tag","embeddable":true,"href":"https:\/\/www.sef-italia.it\/index.php\/wp-json\/wp\/v2\/tags?post=10173"}],"curies":[{"name":"wp","href":"https:\/\/api.w.org\/{rel}","templated":true}]}}