{"id":10670,"date":"2018-03-27T13:47:07","date_gmt":"2018-03-27T11:47:07","guid":{"rendered":"http:\/\/www.sef-italia.it\/?p=10670"},"modified":"2018-03-27T13:50:31","modified_gmt":"2018-03-27T11:50:31","slug":"la-sella-e-il-pomolo-del-cow-boy","status":"publish","type":"post","link":"https:\/\/www.sef-italia.it\/index.php\/2018\/03\/27\/la-sella-e-il-pomolo-del-cow-boy\/","title":{"rendered":"La sella e il pomolo del cow-boy"},"content":{"rendered":"<p>L\u2019attrezzatura che il cow-boy usa \u00e8 fondamentale per lo svolgimento corretto del suo lavoro.<\/p>\n<p>Per quanto riguarda la sella, \u00e8 importante capire quali sono le sue dimensioni perch\u00e9 devono renderla comoda sia per il cavaliere che per il cavallo e il suo peso che garantisce robustezza e stabilit\u00e0 al cavallo. L&#8217;elemento principale della sella per la monta \u00e8 il fusto, che si forma con l\u2019unione di varie parti rigide.<\/p>\n<p>Il pomolo pu\u00f2 essere fatto di diversi materiali (metallo, di bronzo o di legno) e viene fissato con quattro viti all\u2019arcione. Questo elemento \u00e8 fondamentale quando il cow-boy lavora con la mandria perch\u00e9 serve ad ancorare il lazo con il quale si cattura il bestiame. Esistono diversi modelli di lazo: l\u2019hard-and-fast tie-roper, ovvero il lazo corto, e il daily roper, il lazo lungo, usato principalmente negli spazi privi di vegetazione. Invece, con hard-and-fast tie-roper, il corno deve essere corto e inclinato in avanti perch\u00e9 la violenza dello strappo deve essere inversamente proporzionale alla lunghezza del lazo usato.<\/p>\n<p><img loading=\"lazy\" decoding=\"async\" class=\"alignnone size-medium wp-image-10671\" src=\"http:\/\/www.sef-italia.it\/wp-content\/uploads\/2018\/03\/cowboy-300x265.jpg\" alt=\"\" width=\"300\" height=\"265\" srcset=\"https:\/\/www.sef-italia.it\/wp-content\/uploads\/2018\/03\/cowboy-300x265.jpg 300w, https:\/\/www.sef-italia.it\/wp-content\/uploads\/2018\/03\/cowboy-768x679.jpg 768w, https:\/\/www.sef-italia.it\/wp-content\/uploads\/2018\/03\/cowboy-148x131.jpg 148w, https:\/\/www.sef-italia.it\/wp-content\/uploads\/2018\/03\/cowboy-31x27.jpg 31w, https:\/\/www.sef-italia.it\/wp-content\/uploads\/2018\/03\/cowboy-38x34.jpg 38w, https:\/\/www.sef-italia.it\/wp-content\/uploads\/2018\/03\/cowboy-243x215.jpg 243w, https:\/\/www.sef-italia.it\/wp-content\/uploads\/2018\/03\/cowboy-830x733.jpg 830w, https:\/\/www.sef-italia.it\/wp-content\/uploads\/2018\/03\/cowboy-230x203.jpg 230w, https:\/\/www.sef-italia.it\/wp-content\/uploads\/2018\/03\/cowboy-350x309.jpg 350w, https:\/\/www.sef-italia.it\/wp-content\/uploads\/2018\/03\/cowboy-480x424.jpg 480w, https:\/\/www.sef-italia.it\/wp-content\/uploads\/2018\/03\/cowboy.jpg 963w\" sizes=\"(max-width: 300px) 100vw, 300px\" \/><\/p>\n","protected":false},"excerpt":{"rendered":"<p>L\u2019attrezzatura che il cow-boy usa \u00e8 fondamentale per lo svolgimento corretto del suo lavoro. Per quanto riguarda la sella, \u00e8 importante capire [&hellip;]<\/p>\n","protected":false},"author":83,"featured_media":10671,"comment_status":"open","ping_status":"open","sticky":false,"template":"","format":"standard","meta":{"footnotes":""},"categories":[1],"tags":[],"yoast_head":"<!-- This site is optimized with the Yoast SEO plugin v24.5 - https:\/\/yoast.com\/wordpress\/plugins\/seo\/ -->\r\n<title>La sella e il pomolo del cow-boy - SEF Italia<\/title>\r\n<meta name=\"robots\" content=\"index, follow, max-snippet:-1, max-image-preview:large, max-video-preview:-1\" \/>\r\n<link rel=\"canonical\" href=\"https:\/\/www.sef-italia.it\/index.php\/2018\/03\/27\/la-sella-e-il-pomolo-del-cow-boy\/\" \/>\r\n<meta property=\"og:locale\" content=\"it_IT\" \/>\r\n<meta property=\"og:type\" content=\"article\" \/>\r\n<meta property=\"og:title\" content=\"La sella e il pomolo del cow-boy - SEF Italia\" \/>\r\n<meta property=\"og:description\" content=\"L\u2019attrezzatura che il cow-boy usa \u00e8 fondamentale per lo svolgimento corretto del suo lavoro. Per quanto riguarda la sella, \u00e8 importante capire [&hellip;]\" \/>\r\n<meta property=\"og:url\" content=\"https:\/\/www.sef-italia.it\/index.php\/2018\/03\/27\/la-sella-e-il-pomolo-del-cow-boy\/\" \/>\r\n<meta property=\"og:site_name\" content=\"SEF Italia\" \/>\r\n<meta property=\"article:publisher\" content=\"https:\/\/www.facebook.com\/scuolaequestrediformazione\/\" \/>\r\n<meta property=\"article:published_time\" content=\"2018-03-27T11:47:07+00:00\" \/>\r\n<meta property=\"article:modified_time\" content=\"2018-03-27T11:50:31+00:00\" \/>\r\n<meta property=\"og:image\" content=\"https:\/\/www.sef-italia.it\/wp-content\/uploads\/2018\/03\/cowboy.jpg\" \/>\r\n\t<meta property=\"og:image:width\" content=\"963\" \/>\r\n\t<meta property=\"og:image:height\" content=\"851\" \/>\r\n\t<meta property=\"og:image:type\" content=\"image\/jpeg\" \/>\r\n<meta name=\"author\" content=\"Maria Teresa Bevilacqua\" \/>\r\n<meta name=\"twitter:card\" content=\"summary_large_image\" \/>\r\n<meta name=\"twitter:creator\" content=\"@sef_italia\" \/>\r\n<meta name=\"twitter:site\" content=\"@sef_italia\" \/>\r\n<meta name=\"twitter:label1\" content=\"Scritto da\" \/>\n\t<meta name=\"twitter:data1\" content=\"Maria Teresa Bevilacqua\" \/>\n\t<meta name=\"twitter:label2\" content=\"Tempo di lettura stimato\" \/>\n\t<meta name=\"twitter:data2\" content=\"1 minuto\" \/>\r\n<script type=\"application\/ld+json\" class=\"yoast-schema-graph\">{\"@context\":\"https:\/\/schema.org\",\"@graph\":[{\"@type\":\"Article\",\"@id\":\"https:\/\/www.sef-italia.it\/index.php\/2018\/03\/27\/la-sella-e-il-pomolo-del-cow-boy\/#article\",\"isPartOf\":{\"@id\":\"https:\/\/www.sef-italia.it\/index.php\/2018\/03\/27\/la-sella-e-il-pomolo-del-cow-boy\/\"},\"author\":{\"name\":\"Maria Teresa Bevilacqua\",\"@id\":\"https:\/\/www.sef-italia.it\/#\/schema\/person\/98bbf141ebc34928c1b6b3262203ee9e\"},\"headline\":\"La sella e il pomolo del cow-boy\",\"datePublished\":\"2018-03-27T11:47:07+00:00\",\"dateModified\":\"2018-03-27T11:50:31+00:00\",\"mainEntityOfPage\":{\"@id\":\"https:\/\/www.sef-italia.it\/index.php\/2018\/03\/27\/la-sella-e-il-pomolo-del-cow-boy\/\"},\"wordCount\":174,\"commentCount\":0,\"publisher\":{\"@id\":\"https:\/\/www.sef-italia.it\/#organization\"},\"image\":{\"@id\":\"https:\/\/www.sef-italia.it\/index.php\/2018\/03\/27\/la-sella-e-il-pomolo-del-cow-boy\/#primaryimage\"},\"thumbnailUrl\":\"https:\/\/www.sef-italia.it\/wp-content\/uploads\/2018\/03\/cowboy.jpg\",\"articleSection\":[\"News\"],\"inLanguage\":\"it-IT\",\"potentialAction\":[{\"@type\":\"CommentAction\",\"name\":\"Comment\",\"target\":[\"https:\/\/www.sef-italia.it\/index.php\/2018\/03\/27\/la-sella-e-il-pomolo-del-cow-boy\/#respond\"]}]},{\"@type\":\"WebPage\",\"@id\":\"https:\/\/www.sef-italia.it\/index.php\/2018\/03\/27\/la-sella-e-il-pomolo-del-cow-boy\/\",\"url\":\"https:\/\/www.sef-italia.it\/index.php\/2018\/03\/27\/la-sella-e-il-pomolo-del-cow-boy\/\",\"name\":\"La sella e il pomolo del cow-boy - SEF Italia\",\"isPartOf\":{\"@id\":\"https:\/\/www.sef-italia.it\/#website\"},\"primaryImageOfPage\":{\"@id\":\"https:\/\/www.sef-italia.it\/index.php\/2018\/03\/27\/la-sella-e-il-pomolo-del-cow-boy\/#primaryimage\"},\"image\":{\"@id\":\"https:\/\/www.sef-italia.it\/index.php\/2018\/03\/27\/la-sella-e-il-pomolo-del-cow-boy\/#primaryimage\"},\"thumbnailUrl\":\"https:\/\/www.sef-italia.it\/wp-content\/uploads\/2018\/03\/cowboy.jpg\",\"datePublished\":\"2018-03-27T11:47:07+00:00\",\"dateModified\":\"2018-03-27T11:50:31+00:00\",\"breadcrumb\":{\"@id\":\"https:\/\/www.sef-italia.it\/index.php\/2018\/03\/27\/la-sella-e-il-pomolo-del-cow-boy\/#breadcrumb\"},\"inLanguage\":\"it-IT\",\"potentialAction\":[{\"@type\":\"ReadAction\",\"target\":[\"https:\/\/www.sef-italia.it\/index.php\/2018\/03\/27\/la-sella-e-il-pomolo-del-cow-boy\/\"]}]},{\"@type\":\"ImageObject\",\"inLanguage\":\"it-IT\",\"@id\":\"https:\/\/www.sef-italia.it\/index.php\/2018\/03\/27\/la-sella-e-il-pomolo-del-cow-boy\/#primaryimage\",\"url\":\"https:\/\/www.sef-italia.it\/wp-content\/uploads\/2018\/03\/cowboy.jpg\",\"contentUrl\":\"https:\/\/www.sef-italia.it\/wp-content\/uploads\/2018\/03\/cowboy.jpg\",\"width\":963,\"height\":851},{\"@type\":\"BreadcrumbList\",\"@id\":\"https:\/\/www.sef-italia.it\/index.php\/2018\/03\/27\/la-sella-e-il-pomolo-del-cow-boy\/#breadcrumb\",\"itemListElement\":[{\"@type\":\"ListItem\",\"position\":1,\"name\":\"Home\",\"item\":\"https:\/\/www.sef-italia.it\/\"},{\"@type\":\"ListItem\",\"position\":2,\"name\":\"La sella e il pomolo del cow-boy\"}]},{\"@type\":\"WebSite\",\"@id\":\"https:\/\/www.sef-italia.it\/#website\",\"url\":\"https:\/\/www.sef-italia.it\/\",\"name\":\"SEF Italia\",\"description\":\"Il nuovo sito SEF Italia\",\"publisher\":{\"@id\":\"https:\/\/www.sef-italia.it\/#organization\"},\"potentialAction\":[{\"@type\":\"SearchAction\",\"target\":{\"@type\":\"EntryPoint\",\"urlTemplate\":\"https:\/\/www.sef-italia.it\/?s={search_term_string}\"},\"query-input\":{\"@type\":\"PropertyValueSpecification\",\"valueRequired\":true,\"valueName\":\"search_term_string\"}}],\"inLanguage\":\"it-IT\"},{\"@type\":\"Organization\",\"@id\":\"https:\/\/www.sef-italia.it\/#organization\",\"name\":\"SEF Italia\",\"url\":\"https:\/\/www.sef-italia.it\/\",\"logo\":{\"@type\":\"ImageObject\",\"inLanguage\":\"it-IT\",\"@id\":\"https:\/\/www.sef-italia.it\/#\/schema\/logo\/image\/\",\"url\":\"https:\/\/www.sef-italia.it\/wp-content\/uploads\/2018\/01\/logoSEF_QUADRATO-.jpg\",\"contentUrl\":\"https:\/\/www.sef-italia.it\/wp-content\/uploads\/2018\/01\/logoSEF_QUADRATO-.jpg\",\"width\":600,\"height\":600,\"caption\":\"SEF Italia\"},\"image\":{\"@id\":\"https:\/\/www.sef-italia.it\/#\/schema\/logo\/image\/\"},\"sameAs\":[\"https:\/\/www.facebook.com\/scuolaequestrediformazione\/\",\"https:\/\/x.com\/sef_italia\",\"https:\/\/www.youtube.com\/channel\/UCcEMamL3elnrqfrtIT8sh7g?view_as=subscriber\"]},{\"@type\":\"Person\",\"@id\":\"https:\/\/www.sef-italia.it\/#\/schema\/person\/98bbf141ebc34928c1b6b3262203ee9e\",\"name\":\"Maria Teresa Bevilacqua\",\"image\":{\"@type\":\"ImageObject\",\"inLanguage\":\"it-IT\",\"@id\":\"https:\/\/www.sef-italia.it\/#\/schema\/person\/image\/\",\"url\":\"https:\/\/secure.gravatar.com\/avatar\/15e0000cbd79bf458c75ba2fc416b0c2?s=96&d=mm&r=g\",\"contentUrl\":\"https:\/\/secure.gravatar.com\/avatar\/15e0000cbd79bf458c75ba2fc416b0c2?s=96&d=mm&r=g\",\"caption\":\"Maria Teresa Bevilacqua\"},\"url\":\"https:\/\/www.sef-italia.it\/index.php\/author\/mariateresa\/\"}]}<\/script>\r\n<!-- \/ Yoast SEO plugin. -->","yoast_head_json":{"title":"La sella e il pomolo del cow-boy - SEF Italia","robots":{"index":"index","follow":"follow","max-snippet":"max-snippet:-1","max-image-preview":"max-image-preview:large","max-video-preview":"max-video-preview:-1"},"canonical":"https:\/\/www.sef-italia.it\/index.php\/2018\/03\/27\/la-sella-e-il-pomolo-del-cow-boy\/","og_locale":"it_IT","og_type":"article","og_title":"La sella e il pomolo del cow-boy - SEF Italia","og_description":"L\u2019attrezzatura che il cow-boy usa \u00e8 fondamentale per lo svolgimento corretto del suo lavoro. Per quanto riguarda la sella, \u00e8 importante capire [&hellip;]","og_url":"https:\/\/www.sef-italia.it\/index.php\/2018\/03\/27\/la-sella-e-il-pomolo-del-cow-boy\/","og_site_name":"SEF Italia","article_publisher":"https:\/\/www.facebook.com\/scuolaequestrediformazione\/","article_published_time":"2018-03-27T11:47:07+00:00","article_modified_time":"2018-03-27T11:50:31+00:00","og_image":[{"width":963,"height":851,"url":"https:\/\/www.sef-italia.it\/wp-content\/uploads\/2018\/03\/cowboy.jpg","type":"image\/jpeg"}],"author":"Maria Teresa Bevilacqua","twitter_card":"summary_large_image","twitter_creator":"@sef_italia","twitter_site":"@sef_italia","twitter_misc":{"Scritto da":"Maria Teresa Bevilacqua","Tempo di lettura stimato":"1 minuto"},"schema":{"@context":"https:\/\/schema.org","@graph":[{"@type":"Article","@id":"https:\/\/www.sef-italia.it\/index.php\/2018\/03\/27\/la-sella-e-il-pomolo-del-cow-boy\/#article","isPartOf":{"@id":"https:\/\/www.sef-italia.it\/index.php\/2018\/03\/27\/la-sella-e-il-pomolo-del-cow-boy\/"},"author":{"name":"Maria Teresa Bevilacqua","@id":"https:\/\/www.sef-italia.it\/#\/schema\/person\/98bbf141ebc34928c1b6b3262203ee9e"},"headline":"La sella e il pomolo del cow-boy","datePublished":"2018-03-27T11:47:07+00:00","dateModified":"2018-03-27T11:50:31+00:00","mainEntityOfPage":{"@id":"https:\/\/www.sef-italia.it\/index.php\/2018\/03\/27\/la-sella-e-il-pomolo-del-cow-boy\/"},"wordCount":174,"commentCount":0,"publisher":{"@id":"https:\/\/www.sef-italia.it\/#organization"},"image":{"@id":"https:\/\/www.sef-italia.it\/index.php\/2018\/03\/27\/la-sella-e-il-pomolo-del-cow-boy\/#primaryimage"},"thumbnailUrl":"https:\/\/www.sef-italia.it\/wp-content\/uploads\/2018\/03\/cowboy.jpg","articleSection":["News"],"inLanguage":"it-IT","potentialAction":[{"@type":"CommentAction","name":"Comment","target":["https:\/\/www.sef-italia.it\/index.php\/2018\/03\/27\/la-sella-e-il-pomolo-del-cow-boy\/#respond"]}]},{"@type":"WebPage","@id":"https:\/\/www.sef-italia.it\/index.php\/2018\/03\/27\/la-sella-e-il-pomolo-del-cow-boy\/","url":"https:\/\/www.sef-italia.it\/index.php\/2018\/03\/27\/la-sella-e-il-pomolo-del-cow-boy\/","name":"La sella e il pomolo del cow-boy - SEF Italia","isPartOf":{"@id":"https:\/\/www.sef-italia.it\/#website"},"primaryImageOfPage":{"@id":"https:\/\/www.sef-italia.it\/index.php\/2018\/03\/27\/la-sella-e-il-pomolo-del-cow-boy\/#primaryimage"},"image":{"@id":"https:\/\/www.sef-italia.it\/index.php\/2018\/03\/27\/la-sella-e-il-pomolo-del-cow-boy\/#primaryimage"},"thumbnailUrl":"https:\/\/www.sef-italia.it\/wp-content\/uploads\/2018\/03\/cowboy.jpg","datePublished":"2018-03-27T11:47:07+00:00","dateModified":"2018-03-27T11:50:31+00:00","breadcrumb":{"@id":"https:\/\/www.sef-italia.it\/index.php\/2018\/03\/27\/la-sella-e-il-pomolo-del-cow-boy\/#breadcrumb"},"inLanguage":"it-IT","potentialAction":[{"@type":"ReadAction","target":["https:\/\/www.sef-italia.it\/index.php\/2018\/03\/27\/la-sella-e-il-pomolo-del-cow-boy\/"]}]},{"@type":"ImageObject","inLanguage":"it-IT","@id":"https:\/\/www.sef-italia.it\/index.php\/2018\/03\/27\/la-sella-e-il-pomolo-del-cow-boy\/#primaryimage","url":"https:\/\/www.sef-italia.it\/wp-content\/uploads\/2018\/03\/cowboy.jpg","contentUrl":"https:\/\/www.sef-italia.it\/wp-content\/uploads\/2018\/03\/cowboy.jpg","width":963,"height":851},{"@type":"BreadcrumbList","@id":"https:\/\/www.sef-italia.it\/index.php\/2018\/03\/27\/la-sella-e-il-pomolo-del-cow-boy\/#breadcrumb","itemListElement":[{"@type":"ListItem","position":1,"name":"Home","item":"https:\/\/www.sef-italia.it\/"},{"@type":"ListItem","position":2,"name":"La sella e il pomolo del cow-boy"}]},{"@type":"WebSite","@id":"https:\/\/www.sef-italia.it\/#website","url":"https:\/\/www.sef-italia.it\/","name":"SEF Italia","description":"Il nuovo sito SEF Italia","publisher":{"@id":"https:\/\/www.sef-italia.it\/#organization"},"potentialAction":[{"@type":"SearchAction","target":{"@type":"EntryPoint","urlTemplate":"https:\/\/www.sef-italia.it\/?s={search_term_string}"},"query-input":{"@type":"PropertyValueSpecification","valueRequired":true,"valueName":"search_term_string"}}],"inLanguage":"it-IT"},{"@type":"Organization","@id":"https:\/\/www.sef-italia.it\/#organization","name":"SEF Italia","url":"https:\/\/www.sef-italia.it\/","logo":{"@type":"ImageObject","inLanguage":"it-IT","@id":"https:\/\/www.sef-italia.it\/#\/schema\/logo\/image\/","url":"https:\/\/www.sef-italia.it\/wp-content\/uploads\/2018\/01\/logoSEF_QUADRATO-.jpg","contentUrl":"https:\/\/www.sef-italia.it\/wp-content\/uploads\/2018\/01\/logoSEF_QUADRATO-.jpg","width":600,"height":600,"caption":"SEF Italia"},"image":{"@id":"https:\/\/www.sef-italia.it\/#\/schema\/logo\/image\/"},"sameAs":["https:\/\/www.facebook.com\/scuolaequestrediformazione\/","https:\/\/x.com\/sef_italia","https:\/\/www.youtube.com\/channel\/UCcEMamL3elnrqfrtIT8sh7g?view_as=subscriber"]},{"@type":"Person","@id":"https:\/\/www.sef-italia.it\/#\/schema\/person\/98bbf141ebc34928c1b6b3262203ee9e","name":"Maria Teresa Bevilacqua","image":{"@type":"ImageObject","inLanguage":"it-IT","@id":"https:\/\/www.sef-italia.it\/#\/schema\/person\/image\/","url":"https:\/\/secure.gravatar.com\/avatar\/15e0000cbd79bf458c75ba2fc416b0c2?s=96&d=mm&r=g","contentUrl":"https:\/\/secure.gravatar.com\/avatar\/15e0000cbd79bf458c75ba2fc416b0c2?s=96&d=mm&r=g","caption":"Maria Teresa Bevilacqua"},"url":"https:\/\/www.sef-italia.it\/index.php\/author\/mariateresa\/"}]}},"_links":{"self":[{"href":"https:\/\/www.sef-italia.it\/index.php\/wp-json\/wp\/v2\/posts\/10670"}],"collection":[{"href":"https:\/\/www.sef-italia.it\/index.php\/wp-json\/wp\/v2\/posts"}],"about":[{"href":"https:\/\/www.sef-italia.it\/index.php\/wp-json\/wp\/v2\/types\/post"}],"author":[{"embeddable":true,"href":"https:\/\/www.sef-italia.it\/index.php\/wp-json\/wp\/v2\/users\/83"}],"replies":[{"embeddable":true,"href":"https:\/\/www.sef-italia.it\/index.php\/wp-json\/wp\/v2\/comments?post=10670"}],"version-history":[{"count":1,"href":"https:\/\/www.sef-italia.it\/index.php\/wp-json\/wp\/v2\/posts\/10670\/revisions"}],"predecessor-version":[{"id":10672,"href":"https:\/\/www.sef-italia.it\/index.php\/wp-json\/wp\/v2\/posts\/10670\/revisions\/10672"}],"wp:featuredmedia":[{"embeddable":true,"href":"https:\/\/www.sef-italia.it\/index.php\/wp-json\/wp\/v2\/media\/10671"}],"wp:attachment":[{"href":"https:\/\/www.sef-italia.it\/index.php\/wp-json\/wp\/v2\/media?parent=10670"}],"wp:term":[{"taxonomy":"category","embeddable":true,"href":"https:\/\/www.sef-italia.it\/index.php\/wp-json\/wp\/v2\/categories?post=10670"},{"taxonomy":"post_tag","embeddable":true,"href":"https:\/\/www.sef-italia.it\/index.php\/wp-json\/wp\/v2\/tags?post=10670"}],"curies":[{"name":"wp","href":"https:\/\/api.w.org\/{rel}","templated":true}]}}