{"id":11676,"date":"2018-10-18T09:57:42","date_gmt":"2018-10-18T07:57:42","guid":{"rendered":"http:\/\/www.sef-italia.it\/?p=11676"},"modified":"2018-10-18T10:04:28","modified_gmt":"2018-10-18T08:04:28","slug":"adempimenti-contabili-e-fiscali-tenuta-della-contabilita","status":"publish","type":"post","link":"https:\/\/www.sef-italia.it\/index.php\/2018\/10\/18\/adempimenti-contabili-e-fiscali-tenuta-della-contabilita\/","title":{"rendered":"Adempimenti contabili e fiscali \u2013 Tenuta della contabilit\u00e0"},"content":{"rendered":"<p>Le\u00a0<strong>S.S.D. a r.l<\/strong>. sono tenute a rispettare gli\u00a0<strong>obblighi civilistici in materia di contabilit\u00e0 e rendiconto<\/strong>, che richiedono l\u2019adozione di un impianto contabile in partita doppia.<\/p>\n<p>Per le\u00a0<strong>A.S.D<\/strong>., invece, non esiste alcuna norma di legge che disciplini la tenuta della contabilit\u00e0 associativa interna prevedendo forme o modalit\u00e0 obbligatorie, fatto salvo quanto eventualmente previsto dallo statuto e di quanto richiesto dalla normativa fiscale per le attivit\u00e0 commerciali eventualmente esercitate La normativa richiedere alle ASD esclusivamente la predisposizione e l\u2019approvazione del rendiconto e la corrispondenza di questo ai documenti contabili.<\/p>\n<p>Per poter predisporre un\u00a0<strong>rendiconto corretto\u00a0<\/strong>\u00e8 comunque \u00a0necessario dotarsi di un sistema \u00a0contabile, con modalit\u00e0 da valutare in relazione alle caratteristiche e alle esigenze dell\u2019ente, ed \u00e8 opportuno che tale contabilit\u00e0 sia tenuta in modo da garantire la correttezza del rendiconto e la trasparenza di gestione;<\/p>\n<p>Nei\u00a0<strong>casi pi\u00f9 semplic<\/strong>i pu\u00f2 essere sufficiente la tenuta di un libro cassa o di un\u00a0<strong>registro di prima nota<\/strong>; all\u2019 aumentare della complessit\u00e0 della gestione pu\u00f2 essere opportuno approntare strumenti pi\u00f9 elaborati, quali l\u2019utilizzo di\u00a0<strong>fogli excel<\/strong>, ovvero di\u00a0<strong>programmi contabili\u00a0<\/strong>appositamente predisposti per gli enti associativi fino ad arrivare all\u2019 impostazione di una contabilit\u00e0 ordinaria.<\/p>\n<p>La tenuta della\u00a0<strong>contabilit\u00e0 ordinaria\u00a0<\/strong>pu\u00f2 risultare utile, anche ai fini di esigenze di controllo interno, in caso di gestioni particolarmente complesse, e pu\u00f2 risultare molto utile quando, in caso di disconoscimento della qualifica di Ente Non Commerciale, l\u2019adozione di una contabilit\u00e0 correttamente tenuta pu\u00f2 consentire, anche in fase contenziosa o pre-contenziosa, il riconoscimento della deducibilit\u00e0 dei costi di esercizio e della detrazione dell\u2019IVA sugli acquisti;<\/p>\n<p>Dalla contabilit\u00e0 debbono risultare chiaramente le\u00a0<strong>entrate\u00a0<\/strong>e le\u00a0<strong>uscite<\/strong>, supportate dalle relativi documenti .(fatture, ricevute d\u2019acquisto ecc.) per i corrispettivi non commerciali (quote di frequenza) la documentazione deve riportare il nome di chi li ha corrisposti, per poter dimostrare che era un socio o un tesserato del sodalizio;<\/p>\n<p>E\u2019 necessario prestare molta attenzione ai movimenti finanziari, agli incassi e pagamenti in contanti ed ai versamenti e prelevamenti sul c\/c bancario:<\/p>\n<ul>\n<li>in primo luogo, i sodalizi sportivi che hanno optato per l\u2019applicazione del regime forfettario ex L. 398\/1991 non possono effettuare pagamenti e incassi in contanti per\u00a0<strong>importi superiori a \u20ac 1.000,00,\u00a0<\/strong>pena la decadenza dal regime agevolato;<\/li>\n<\/ul>\n<p>E\u2019 consigliabile fare il versamento di tutti gli incassi sul c\/c bancario e la gestione di tutti i pagamenti con strumenti bancari tracciabili: in tal modo l\u2019e\/c bancario potr\u00e0 fungere da libro cassa ai fini della predisposizione del rendiconto ed in sede di verifica.<\/p>\n<p>Una prima nota cassa ben tenuta o una scheda contabile del conto cassa in partita doppia possono in tal caso essere di grande aiuto;<\/p>\n<p>Qualora l\u2019associazione svolga, oltre all\u2019attivit\u00e0 istituzionale, anche un\u2019<strong>attivit\u00e0 commerciale\u00a0<\/strong>(ad es. gestione di un bar o punto di ristoro, attivit\u00e0 di pubblicit\u00e0 e sponsorizzazione, vendita abbigliamento\/articoli sportivi, prestazioni effettuate in favore di non soci\/tesserati ecc.), occorre separare la contabilit\u00e0 relativa all\u2019attivit\u00e0 commerciale da quella inerente all\u2019area istituzionale (obbligo di tenuta di contabilit\u00e0 separate).<\/p>\n<ul>\n<li>In caso di tenuta della contabilit\u00e0 con il sistema della partita doppia \u00e8 consentita la tenuta di un unico sistema contabile, a condizione che siano separatamente e chiaramente evidenziate le poste contabili relative all\u2019attivit\u00e0 commerciale rispetto a quelle relative all\u2019attivit\u00e0 istituzionale.<\/li>\n<\/ul>\n<p>In caso di opzione per la tenuta del regime forfettario ex L. 398\/1991, l\u2019obbligo di contabilit\u00e0 separata ai fini fiscali \u00e8 correttamente rispettato attraverso la tenuta del c.d. \u201cregistro IVA minori\u201d.<\/p>\n<p>Ai fini tributari, i\u00a0<strong>documenti contabili\u00a0<\/strong>sulla base di quali \u00e8 stato redatto il rendiconto \u2013 tutti, anche quelli aventi rilevanza esclusivamente istituzionale \u2013 devono essere\u00a0<strong>conservati\u00a0<\/strong>almeno sino al termine di prescrizione delle verifiche fiscali relative all\u2019annualit\u00e0 di riferimento (31\/12 del 4\u00b0 anno successivo alla presentazione della dichiarazione dei redditi). Tuttavia, qualora dalle verifiche dovessero emergere profili di ordine penale i termini di cui sopra sono raddoppiati. Ai fini dei rapporti tra l\u2019associazione, i propri organi direttivi e i soci, nonch\u00e9 ai fini civilistici e penali, occorre conservare la documentazione fino al termine richiesto dal c.c. per la tenuta della contabilit\u00e0 delle imprese (10 anni);<\/p>\n<p>Gli adempimenti indicati nel presente paragrafo possono anche essere delegati a uno studio di consulenza esterna al quale sia stato conferito l\u2019incarico professionale di tenuta della contabilit\u00e0 In questo caso \u00e8 necessario \u2013 ai fini operativi e non a seguito di previsione di legge \u2013 la predisposizione da parte dell\u2019associazione sportiva delegante di una prima nota contabile e la ordinata consegna dei documenti allo studio professionale delegato.<\/p>\n","protected":false},"excerpt":{"rendered":"<p>Le\u00a0S.S.D. a r.l. sono tenute a rispettare gli\u00a0obblighi civilistici in materia di contabilit\u00e0 e rendiconto, che richiedono l\u2019adozione di un impianto contabile [&hellip;]<\/p>\n","protected":false},"author":1,"featured_media":11117,"comment_status":"open","ping_status":"open","sticky":false,"template":"","format":"standard","meta":{"footnotes":""},"categories":[1],"tags":[],"yoast_head":"<!-- This site is optimized with the Yoast SEO plugin v24.5 - https:\/\/yoast.com\/wordpress\/plugins\/seo\/ -->\r\n<title>Adempimenti contabili e fiscali \u2013 Tenuta della contabilit\u00e0 - SEF Italia<\/title>\r\n<meta name=\"robots\" content=\"index, follow, max-snippet:-1, max-image-preview:large, max-video-preview:-1\" \/>\r\n<link rel=\"canonical\" href=\"https:\/\/www.sef-italia.it\/index.php\/2018\/10\/18\/adempimenti-contabili-e-fiscali-tenuta-della-contabilita\/\" \/>\r\n<meta property=\"og:locale\" content=\"it_IT\" \/>\r\n<meta property=\"og:type\" content=\"article\" \/>\r\n<meta property=\"og:title\" content=\"Adempimenti contabili e fiscali \u2013 Tenuta della contabilit\u00e0 - SEF Italia\" \/>\r\n<meta property=\"og:description\" content=\"Le\u00a0S.S.D. a r.l. sono tenute a rispettare gli\u00a0obblighi civilistici in materia di contabilit\u00e0 e rendiconto, che richiedono l\u2019adozione di un impianto contabile [&hellip;]\" \/>\r\n<meta property=\"og:url\" content=\"https:\/\/www.sef-italia.it\/index.php\/2018\/10\/18\/adempimenti-contabili-e-fiscali-tenuta-della-contabilita\/\" \/>\r\n<meta property=\"og:site_name\" content=\"SEF Italia\" \/>\r\n<meta property=\"article:publisher\" content=\"https:\/\/www.facebook.com\/scuolaequestrediformazione\/\" \/>\r\n<meta property=\"article:published_time\" content=\"2018-10-18T07:57:42+00:00\" \/>\r\n<meta property=\"article:modified_time\" content=\"2018-10-18T08:04:28+00:00\" \/>\r\n<meta property=\"og:image\" content=\"https:\/\/www.sef-italia.it\/wp-content\/uploads\/2018\/05\/LOCANDINA-SPORTELLO-FISCALE-SEF.jpg\" \/>\r\n\t<meta property=\"og:image:width\" content=\"600\" \/>\r\n\t<meta property=\"og:image:height\" content=\"309\" \/>\r\n\t<meta property=\"og:image:type\" content=\"image\/jpeg\" \/>\r\n<meta name=\"author\" content=\"andreadmin\" \/>\r\n<meta name=\"twitter:card\" content=\"summary_large_image\" \/>\r\n<meta name=\"twitter:creator\" content=\"@sef_italia\" \/>\r\n<meta name=\"twitter:site\" content=\"@sef_italia\" \/>\r\n<meta name=\"twitter:label1\" content=\"Scritto da\" \/>\n\t<meta name=\"twitter:data1\" content=\"andreadmin\" \/>\n\t<meta name=\"twitter:label2\" content=\"Tempo di lettura stimato\" \/>\n\t<meta name=\"twitter:data2\" content=\"4 minuti\" \/>\r\n<script type=\"application\/ld+json\" class=\"yoast-schema-graph\">{\"@context\":\"https:\/\/schema.org\",\"@graph\":[{\"@type\":\"Article\",\"@id\":\"https:\/\/www.sef-italia.it\/index.php\/2018\/10\/18\/adempimenti-contabili-e-fiscali-tenuta-della-contabilita\/#article\",\"isPartOf\":{\"@id\":\"https:\/\/www.sef-italia.it\/index.php\/2018\/10\/18\/adempimenti-contabili-e-fiscali-tenuta-della-contabilita\/\"},\"author\":{\"name\":\"andreadmin\",\"@id\":\"https:\/\/www.sef-italia.it\/#\/schema\/person\/0ba7dfe3720eec86f6577ea1a76ec7c9\"},\"headline\":\"Adempimenti contabili e fiscali \u2013 Tenuta della contabilit\u00e0\",\"datePublished\":\"2018-10-18T07:57:42+00:00\",\"dateModified\":\"2018-10-18T08:04:28+00:00\",\"mainEntityOfPage\":{\"@id\":\"https:\/\/www.sef-italia.it\/index.php\/2018\/10\/18\/adempimenti-contabili-e-fiscali-tenuta-della-contabilita\/\"},\"wordCount\":757,\"commentCount\":0,\"publisher\":{\"@id\":\"https:\/\/www.sef-italia.it\/#organization\"},\"image\":{\"@id\":\"https:\/\/www.sef-italia.it\/index.php\/2018\/10\/18\/adempimenti-contabili-e-fiscali-tenuta-della-contabilita\/#primaryimage\"},\"thumbnailUrl\":\"https:\/\/www.sef-italia.it\/wp-content\/uploads\/2018\/05\/LOCANDINA-SPORTELLO-FISCALE-SEF.jpg\",\"articleSection\":[\"News\"],\"inLanguage\":\"it-IT\",\"potentialAction\":[{\"@type\":\"CommentAction\",\"name\":\"Comment\",\"target\":[\"https:\/\/www.sef-italia.it\/index.php\/2018\/10\/18\/adempimenti-contabili-e-fiscali-tenuta-della-contabilita\/#respond\"]}]},{\"@type\":\"WebPage\",\"@id\":\"https:\/\/www.sef-italia.it\/index.php\/2018\/10\/18\/adempimenti-contabili-e-fiscali-tenuta-della-contabilita\/\",\"url\":\"https:\/\/www.sef-italia.it\/index.php\/2018\/10\/18\/adempimenti-contabili-e-fiscali-tenuta-della-contabilita\/\",\"name\":\"Adempimenti contabili e fiscali \u2013 Tenuta della contabilit\u00e0 - SEF Italia\",\"isPartOf\":{\"@id\":\"https:\/\/www.sef-italia.it\/#website\"},\"primaryImageOfPage\":{\"@id\":\"https:\/\/www.sef-italia.it\/index.php\/2018\/10\/18\/adempimenti-contabili-e-fiscali-tenuta-della-contabilita\/#primaryimage\"},\"image\":{\"@id\":\"https:\/\/www.sef-italia.it\/index.php\/2018\/10\/18\/adempimenti-contabili-e-fiscali-tenuta-della-contabilita\/#primaryimage\"},\"thumbnailUrl\":\"https:\/\/www.sef-italia.it\/wp-content\/uploads\/2018\/05\/LOCANDINA-SPORTELLO-FISCALE-SEF.jpg\",\"datePublished\":\"2018-10-18T07:57:42+00:00\",\"dateModified\":\"2018-10-18T08:04:28+00:00\",\"breadcrumb\":{\"@id\":\"https:\/\/www.sef-italia.it\/index.php\/2018\/10\/18\/adempimenti-contabili-e-fiscali-tenuta-della-contabilita\/#breadcrumb\"},\"inLanguage\":\"it-IT\",\"potentialAction\":[{\"@type\":\"ReadAction\",\"target\":[\"https:\/\/www.sef-italia.it\/index.php\/2018\/10\/18\/adempimenti-contabili-e-fiscali-tenuta-della-contabilita\/\"]}]},{\"@type\":\"ImageObject\",\"inLanguage\":\"it-IT\",\"@id\":\"https:\/\/www.sef-italia.it\/index.php\/2018\/10\/18\/adempimenti-contabili-e-fiscali-tenuta-della-contabilita\/#primaryimage\",\"url\":\"https:\/\/www.sef-italia.it\/wp-content\/uploads\/2018\/05\/LOCANDINA-SPORTELLO-FISCALE-SEF.jpg\",\"contentUrl\":\"https:\/\/www.sef-italia.it\/wp-content\/uploads\/2018\/05\/LOCANDINA-SPORTELLO-FISCALE-SEF.jpg\",\"width\":600,\"height\":309},{\"@type\":\"BreadcrumbList\",\"@id\":\"https:\/\/www.sef-italia.it\/index.php\/2018\/10\/18\/adempimenti-contabili-e-fiscali-tenuta-della-contabilita\/#breadcrumb\",\"itemListElement\":[{\"@type\":\"ListItem\",\"position\":1,\"name\":\"Home\",\"item\":\"https:\/\/www.sef-italia.it\/\"},{\"@type\":\"ListItem\",\"position\":2,\"name\":\"Adempimenti contabili e fiscali \u2013 Tenuta della contabilit\u00e0\"}]},{\"@type\":\"WebSite\",\"@id\":\"https:\/\/www.sef-italia.it\/#website\",\"url\":\"https:\/\/www.sef-italia.it\/\",\"name\":\"SEF Italia\",\"description\":\"Il nuovo sito SEF Italia\",\"publisher\":{\"@id\":\"https:\/\/www.sef-italia.it\/#organization\"},\"potentialAction\":[{\"@type\":\"SearchAction\",\"target\":{\"@type\":\"EntryPoint\",\"urlTemplate\":\"https:\/\/www.sef-italia.it\/?s={search_term_string}\"},\"query-input\":{\"@type\":\"PropertyValueSpecification\",\"valueRequired\":true,\"valueName\":\"search_term_string\"}}],\"inLanguage\":\"it-IT\"},{\"@type\":\"Organization\",\"@id\":\"https:\/\/www.sef-italia.it\/#organization\",\"name\":\"SEF Italia\",\"url\":\"https:\/\/www.sef-italia.it\/\",\"logo\":{\"@type\":\"ImageObject\",\"inLanguage\":\"it-IT\",\"@id\":\"https:\/\/www.sef-italia.it\/#\/schema\/logo\/image\/\",\"url\":\"https:\/\/www.sef-italia.it\/wp-content\/uploads\/2018\/01\/logoSEF_QUADRATO-.jpg\",\"contentUrl\":\"https:\/\/www.sef-italia.it\/wp-content\/uploads\/2018\/01\/logoSEF_QUADRATO-.jpg\",\"width\":600,\"height\":600,\"caption\":\"SEF Italia\"},\"image\":{\"@id\":\"https:\/\/www.sef-italia.it\/#\/schema\/logo\/image\/\"},\"sameAs\":[\"https:\/\/www.facebook.com\/scuolaequestrediformazione\/\",\"https:\/\/x.com\/sef_italia\",\"https:\/\/www.youtube.com\/channel\/UCcEMamL3elnrqfrtIT8sh7g?view_as=subscriber\"]},{\"@type\":\"Person\",\"@id\":\"https:\/\/www.sef-italia.it\/#\/schema\/person\/0ba7dfe3720eec86f6577ea1a76ec7c9\",\"name\":\"andreadmin\",\"image\":{\"@type\":\"ImageObject\",\"inLanguage\":\"it-IT\",\"@id\":\"https:\/\/www.sef-italia.it\/#\/schema\/person\/image\/\",\"url\":\"https:\/\/secure.gravatar.com\/avatar\/068ba8430d8c8bd0a8afe6cfe7e2d6a3?s=96&d=mm&r=g\",\"contentUrl\":\"https:\/\/secure.gravatar.com\/avatar\/068ba8430d8c8bd0a8afe6cfe7e2d6a3?s=96&d=mm&r=g\",\"caption\":\"andreadmin\"},\"url\":\"https:\/\/www.sef-italia.it\/index.php\/author\/andreadmin\/\"}]}<\/script>\r\n<!-- \/ Yoast SEO plugin. -->","yoast_head_json":{"title":"Adempimenti contabili e fiscali \u2013 Tenuta della contabilit\u00e0 - SEF Italia","robots":{"index":"index","follow":"follow","max-snippet":"max-snippet:-1","max-image-preview":"max-image-preview:large","max-video-preview":"max-video-preview:-1"},"canonical":"https:\/\/www.sef-italia.it\/index.php\/2018\/10\/18\/adempimenti-contabili-e-fiscali-tenuta-della-contabilita\/","og_locale":"it_IT","og_type":"article","og_title":"Adempimenti contabili e fiscali \u2013 Tenuta della contabilit\u00e0 - SEF Italia","og_description":"Le\u00a0S.S.D. a r.l. sono tenute a rispettare gli\u00a0obblighi civilistici in materia di contabilit\u00e0 e rendiconto, che richiedono l\u2019adozione di un impianto contabile [&hellip;]","og_url":"https:\/\/www.sef-italia.it\/index.php\/2018\/10\/18\/adempimenti-contabili-e-fiscali-tenuta-della-contabilita\/","og_site_name":"SEF Italia","article_publisher":"https:\/\/www.facebook.com\/scuolaequestrediformazione\/","article_published_time":"2018-10-18T07:57:42+00:00","article_modified_time":"2018-10-18T08:04:28+00:00","og_image":[{"width":600,"height":309,"url":"https:\/\/www.sef-italia.it\/wp-content\/uploads\/2018\/05\/LOCANDINA-SPORTELLO-FISCALE-SEF.jpg","type":"image\/jpeg"}],"author":"andreadmin","twitter_card":"summary_large_image","twitter_creator":"@sef_italia","twitter_site":"@sef_italia","twitter_misc":{"Scritto da":"andreadmin","Tempo di lettura stimato":"4 minuti"},"schema":{"@context":"https:\/\/schema.org","@graph":[{"@type":"Article","@id":"https:\/\/www.sef-italia.it\/index.php\/2018\/10\/18\/adempimenti-contabili-e-fiscali-tenuta-della-contabilita\/#article","isPartOf":{"@id":"https:\/\/www.sef-italia.it\/index.php\/2018\/10\/18\/adempimenti-contabili-e-fiscali-tenuta-della-contabilita\/"},"author":{"name":"andreadmin","@id":"https:\/\/www.sef-italia.it\/#\/schema\/person\/0ba7dfe3720eec86f6577ea1a76ec7c9"},"headline":"Adempimenti contabili e fiscali \u2013 Tenuta della contabilit\u00e0","datePublished":"2018-10-18T07:57:42+00:00","dateModified":"2018-10-18T08:04:28+00:00","mainEntityOfPage":{"@id":"https:\/\/www.sef-italia.it\/index.php\/2018\/10\/18\/adempimenti-contabili-e-fiscali-tenuta-della-contabilita\/"},"wordCount":757,"commentCount":0,"publisher":{"@id":"https:\/\/www.sef-italia.it\/#organization"},"image":{"@id":"https:\/\/www.sef-italia.it\/index.php\/2018\/10\/18\/adempimenti-contabili-e-fiscali-tenuta-della-contabilita\/#primaryimage"},"thumbnailUrl":"https:\/\/www.sef-italia.it\/wp-content\/uploads\/2018\/05\/LOCANDINA-SPORTELLO-FISCALE-SEF.jpg","articleSection":["News"],"inLanguage":"it-IT","potentialAction":[{"@type":"CommentAction","name":"Comment","target":["https:\/\/www.sef-italia.it\/index.php\/2018\/10\/18\/adempimenti-contabili-e-fiscali-tenuta-della-contabilita\/#respond"]}]},{"@type":"WebPage","@id":"https:\/\/www.sef-italia.it\/index.php\/2018\/10\/18\/adempimenti-contabili-e-fiscali-tenuta-della-contabilita\/","url":"https:\/\/www.sef-italia.it\/index.php\/2018\/10\/18\/adempimenti-contabili-e-fiscali-tenuta-della-contabilita\/","name":"Adempimenti contabili e fiscali \u2013 Tenuta della contabilit\u00e0 - SEF Italia","isPartOf":{"@id":"https:\/\/www.sef-italia.it\/#website"},"primaryImageOfPage":{"@id":"https:\/\/www.sef-italia.it\/index.php\/2018\/10\/18\/adempimenti-contabili-e-fiscali-tenuta-della-contabilita\/#primaryimage"},"image":{"@id":"https:\/\/www.sef-italia.it\/index.php\/2018\/10\/18\/adempimenti-contabili-e-fiscali-tenuta-della-contabilita\/#primaryimage"},"thumbnailUrl":"https:\/\/www.sef-italia.it\/wp-content\/uploads\/2018\/05\/LOCANDINA-SPORTELLO-FISCALE-SEF.jpg","datePublished":"2018-10-18T07:57:42+00:00","dateModified":"2018-10-18T08:04:28+00:00","breadcrumb":{"@id":"https:\/\/www.sef-italia.it\/index.php\/2018\/10\/18\/adempimenti-contabili-e-fiscali-tenuta-della-contabilita\/#breadcrumb"},"inLanguage":"it-IT","potentialAction":[{"@type":"ReadAction","target":["https:\/\/www.sef-italia.it\/index.php\/2018\/10\/18\/adempimenti-contabili-e-fiscali-tenuta-della-contabilita\/"]}]},{"@type":"ImageObject","inLanguage":"it-IT","@id":"https:\/\/www.sef-italia.it\/index.php\/2018\/10\/18\/adempimenti-contabili-e-fiscali-tenuta-della-contabilita\/#primaryimage","url":"https:\/\/www.sef-italia.it\/wp-content\/uploads\/2018\/05\/LOCANDINA-SPORTELLO-FISCALE-SEF.jpg","contentUrl":"https:\/\/www.sef-italia.it\/wp-content\/uploads\/2018\/05\/LOCANDINA-SPORTELLO-FISCALE-SEF.jpg","width":600,"height":309},{"@type":"BreadcrumbList","@id":"https:\/\/www.sef-italia.it\/index.php\/2018\/10\/18\/adempimenti-contabili-e-fiscali-tenuta-della-contabilita\/#breadcrumb","itemListElement":[{"@type":"ListItem","position":1,"name":"Home","item":"https:\/\/www.sef-italia.it\/"},{"@type":"ListItem","position":2,"name":"Adempimenti contabili e fiscali \u2013 Tenuta della contabilit\u00e0"}]},{"@type":"WebSite","@id":"https:\/\/www.sef-italia.it\/#website","url":"https:\/\/www.sef-italia.it\/","name":"SEF Italia","description":"Il nuovo sito SEF Italia","publisher":{"@id":"https:\/\/www.sef-italia.it\/#organization"},"potentialAction":[{"@type":"SearchAction","target":{"@type":"EntryPoint","urlTemplate":"https:\/\/www.sef-italia.it\/?s={search_term_string}"},"query-input":{"@type":"PropertyValueSpecification","valueRequired":true,"valueName":"search_term_string"}}],"inLanguage":"it-IT"},{"@type":"Organization","@id":"https:\/\/www.sef-italia.it\/#organization","name":"SEF Italia","url":"https:\/\/www.sef-italia.it\/","logo":{"@type":"ImageObject","inLanguage":"it-IT","@id":"https:\/\/www.sef-italia.it\/#\/schema\/logo\/image\/","url":"https:\/\/www.sef-italia.it\/wp-content\/uploads\/2018\/01\/logoSEF_QUADRATO-.jpg","contentUrl":"https:\/\/www.sef-italia.it\/wp-content\/uploads\/2018\/01\/logoSEF_QUADRATO-.jpg","width":600,"height":600,"caption":"SEF Italia"},"image":{"@id":"https:\/\/www.sef-italia.it\/#\/schema\/logo\/image\/"},"sameAs":["https:\/\/www.facebook.com\/scuolaequestrediformazione\/","https:\/\/x.com\/sef_italia","https:\/\/www.youtube.com\/channel\/UCcEMamL3elnrqfrtIT8sh7g?view_as=subscriber"]},{"@type":"Person","@id":"https:\/\/www.sef-italia.it\/#\/schema\/person\/0ba7dfe3720eec86f6577ea1a76ec7c9","name":"andreadmin","image":{"@type":"ImageObject","inLanguage":"it-IT","@id":"https:\/\/www.sef-italia.it\/#\/schema\/person\/image\/","url":"https:\/\/secure.gravatar.com\/avatar\/068ba8430d8c8bd0a8afe6cfe7e2d6a3?s=96&d=mm&r=g","contentUrl":"https:\/\/secure.gravatar.com\/avatar\/068ba8430d8c8bd0a8afe6cfe7e2d6a3?s=96&d=mm&r=g","caption":"andreadmin"},"url":"https:\/\/www.sef-italia.it\/index.php\/author\/andreadmin\/"}]}},"_links":{"self":[{"href":"https:\/\/www.sef-italia.it\/index.php\/wp-json\/wp\/v2\/posts\/11676"}],"collection":[{"href":"https:\/\/www.sef-italia.it\/index.php\/wp-json\/wp\/v2\/posts"}],"about":[{"href":"https:\/\/www.sef-italia.it\/index.php\/wp-json\/wp\/v2\/types\/post"}],"author":[{"embeddable":true,"href":"https:\/\/www.sef-italia.it\/index.php\/wp-json\/wp\/v2\/users\/1"}],"replies":[{"embeddable":true,"href":"https:\/\/www.sef-italia.it\/index.php\/wp-json\/wp\/v2\/comments?post=11676"}],"version-history":[{"count":4,"href":"https:\/\/www.sef-italia.it\/index.php\/wp-json\/wp\/v2\/posts\/11676\/revisions"}],"predecessor-version":[{"id":11680,"href":"https:\/\/www.sef-italia.it\/index.php\/wp-json\/wp\/v2\/posts\/11676\/revisions\/11680"}],"wp:featuredmedia":[{"embeddable":true,"href":"https:\/\/www.sef-italia.it\/index.php\/wp-json\/wp\/v2\/media\/11117"}],"wp:attachment":[{"href":"https:\/\/www.sef-italia.it\/index.php\/wp-json\/wp\/v2\/media?parent=11676"}],"wp:term":[{"taxonomy":"category","embeddable":true,"href":"https:\/\/www.sef-italia.it\/index.php\/wp-json\/wp\/v2\/categories?post=11676"},{"taxonomy":"post_tag","embeddable":true,"href":"https:\/\/www.sef-italia.it\/index.php\/wp-json\/wp\/v2\/tags?post=11676"}],"curies":[{"name":"wp","href":"https:\/\/api.w.org\/{rel}","templated":true}]}}