{"id":11863,"date":"2018-11-27T10:13:47","date_gmt":"2018-11-27T09:13:47","guid":{"rendered":"http:\/\/www.sef-italia.it\/?p=11863"},"modified":"2018-11-27T10:13:47","modified_gmt":"2018-11-27T09:13:47","slug":"1-tappa-del-campionato-team-penning-2018-2019","status":"publish","type":"post","link":"https:\/\/www.sef-italia.it\/index.php\/2018\/11\/27\/1-tappa-del-campionato-team-penning-2018-2019\/","title":{"rendered":"1\u00b0 TAPPA DEL CAMPIONATO TEAM PENNING 2018\/2019"},"content":{"rendered":"<div class=\"\">\n<div class=\"\">\n<div class=\"\">\n<div><img loading=\"lazy\" decoding=\"async\" class=\"size-medium wp-image-11864 alignleft\" src=\"http:\/\/www.sef-italia.it\/wp-content\/uploads\/2018\/11\/Senza-titolo-1-300x83.jpg\" alt=\"\" width=\"300\" height=\"83\" srcset=\"https:\/\/www.sef-italia.it\/wp-content\/uploads\/2018\/11\/Senza-titolo-1-300x83.jpg 300w, https:\/\/www.sef-italia.it\/wp-content\/uploads\/2018\/11\/Senza-titolo-1-768x213.jpg 768w, https:\/\/www.sef-italia.it\/wp-content\/uploads\/2018\/11\/Senza-titolo-1-1024x284.jpg 1024w, https:\/\/www.sef-italia.it\/wp-content\/uploads\/2018\/11\/Senza-titolo-1-148x41.jpg 148w, https:\/\/www.sef-italia.it\/wp-content\/uploads\/2018\/11\/Senza-titolo-1-31x9.jpg 31w, https:\/\/www.sef-italia.it\/wp-content\/uploads\/2018\/11\/Senza-titolo-1-38x11.jpg 38w, https:\/\/www.sef-italia.it\/wp-content\/uploads\/2018\/11\/Senza-titolo-1-425x118.jpg 425w, https:\/\/www.sef-italia.it\/wp-content\/uploads\/2018\/11\/Senza-titolo-1-830x230.jpg 830w, https:\/\/www.sef-italia.it\/wp-content\/uploads\/2018\/11\/Senza-titolo-1-230x64.jpg 230w, https:\/\/www.sef-italia.it\/wp-content\/uploads\/2018\/11\/Senza-titolo-1-350x97.jpg 350w, https:\/\/www.sef-italia.it\/wp-content\/uploads\/2018\/11\/Senza-titolo-1-480x133.jpg 480w, https:\/\/www.sef-italia.it\/wp-content\/uploads\/2018\/11\/Senza-titolo-1.jpg 1076w\" sizes=\"(max-width: 300px) 100vw, 300px\" \/><\/div>\n<div class=\"\">Si \u00e8 disputata ieri la 1\u00b0 tappa del Campionato 2018\/2019 organizzato dal A.S.D. la Fattoria Horses presso il Vecchio West di San Felice A Cancello, oltre 130 i team presenti.<\/p>\n<div class=\"\">Raggiante il referente campano Salvatore Sdino del successo di questa 1\u00b0 tappa curata nei minimi particolari promettendosi di migliorare sempre di pi\u00f9 sia come qualit\u00e0 che come numero di presenze. &#8220;Sto lavorando da pi\u00f9 di un anno a far s\u00ec che la Campania diventi la Capitale del Team Penning Nazionale e piano piano sono sicuro di riuscirci. Ho vestito a pieno la politica di Sef-Italia, quella di rendere partecipe nelle decisioni e tanto altro, non solo anche gli istruttori ma anche i Penners.&#8221;<\/div>\n<div class=\"\">Quindi dopo questo grande successo vi aspetto tutti per la 2\u00b0tappa.&#8221;<br class=\"\" \/>Stiamo elaborando insieme ad altri centri un nuovo campionato di Ranch Sorting, cutting e Cow Horses, alla quale a breve saremmo pronti. Non ci resta, come dico sempre, di riscaldare i cavalli.<\/div>\n<\/div>\n<\/div>\n<\/div>\n<\/div>\n","protected":false},"excerpt":{"rendered":"<p>Si \u00e8 disputata ieri la 1\u00b0 tappa del Campionato 2018\/2019 organizzato dal A.S.D. la Fattoria Horses presso il Vecchio West di San [&hellip;]<\/p>\n","protected":false},"author":83,"featured_media":11864,"comment_status":"open","ping_status":"open","sticky":false,"template":"","format":"standard","meta":{"footnotes":""},"categories":[1],"tags":[],"yoast_head":"<!-- This site is optimized with the Yoast SEO plugin v24.5 - https:\/\/yoast.com\/wordpress\/plugins\/seo\/ -->\r\n<title>1\u00b0 TAPPA DEL CAMPIONATO TEAM PENNING 2018\/2019 - SEF Italia<\/title>\r\n<meta name=\"robots\" content=\"index, follow, max-snippet:-1, max-image-preview:large, max-video-preview:-1\" \/>\r\n<link rel=\"canonical\" href=\"https:\/\/www.sef-italia.it\/index.php\/2018\/11\/27\/1-tappa-del-campionato-team-penning-2018-2019\/\" \/>\r\n<meta property=\"og:locale\" content=\"it_IT\" \/>\r\n<meta property=\"og:type\" content=\"article\" \/>\r\n<meta property=\"og:title\" content=\"1\u00b0 TAPPA DEL CAMPIONATO TEAM PENNING 2018\/2019 - SEF Italia\" \/>\r\n<meta property=\"og:description\" content=\"Si \u00e8 disputata ieri la 1\u00b0 tappa del Campionato 2018\/2019 organizzato dal A.S.D. la Fattoria Horses presso il Vecchio West di San [&hellip;]\" \/>\r\n<meta property=\"og:url\" content=\"https:\/\/www.sef-italia.it\/index.php\/2018\/11\/27\/1-tappa-del-campionato-team-penning-2018-2019\/\" \/>\r\n<meta property=\"og:site_name\" content=\"SEF Italia\" \/>\r\n<meta property=\"article:publisher\" content=\"https:\/\/www.facebook.com\/scuolaequestrediformazione\/\" \/>\r\n<meta property=\"article:published_time\" content=\"2018-11-27T09:13:47+00:00\" \/>\r\n<meta property=\"og:image\" content=\"https:\/\/www.sef-italia.it\/wp-content\/uploads\/2018\/11\/Senza-titolo-1.jpg\" \/>\r\n\t<meta property=\"og:image:width\" content=\"1076\" \/>\r\n\t<meta property=\"og:image:height\" content=\"298\" \/>\r\n\t<meta property=\"og:image:type\" content=\"image\/jpeg\" \/>\r\n<meta name=\"author\" content=\"Maria Teresa Bevilacqua\" \/>\r\n<meta name=\"twitter:card\" content=\"summary_large_image\" \/>\r\n<meta name=\"twitter:creator\" content=\"@sef_italia\" \/>\r\n<meta name=\"twitter:site\" content=\"@sef_italia\" \/>\r\n<meta name=\"twitter:label1\" content=\"Scritto da\" \/>\n\t<meta name=\"twitter:data1\" content=\"Maria Teresa Bevilacqua\" \/>\n\t<meta name=\"twitter:label2\" content=\"Tempo di lettura stimato\" \/>\n\t<meta name=\"twitter:data2\" content=\"1 minuto\" \/>\r\n<script type=\"application\/ld+json\" class=\"yoast-schema-graph\">{\"@context\":\"https:\/\/schema.org\",\"@graph\":[{\"@type\":\"Article\",\"@id\":\"https:\/\/www.sef-italia.it\/index.php\/2018\/11\/27\/1-tappa-del-campionato-team-penning-2018-2019\/#article\",\"isPartOf\":{\"@id\":\"https:\/\/www.sef-italia.it\/index.php\/2018\/11\/27\/1-tappa-del-campionato-team-penning-2018-2019\/\"},\"author\":{\"name\":\"Maria Teresa Bevilacqua\",\"@id\":\"https:\/\/www.sef-italia.it\/#\/schema\/person\/98bbf141ebc34928c1b6b3262203ee9e\"},\"headline\":\"1\u00b0 TAPPA DEL CAMPIONATO TEAM PENNING 2018\/2019\",\"datePublished\":\"2018-11-27T09:13:47+00:00\",\"mainEntityOfPage\":{\"@id\":\"https:\/\/www.sef-italia.it\/index.php\/2018\/11\/27\/1-tappa-del-campionato-team-penning-2018-2019\/\"},\"wordCount\":158,\"commentCount\":0,\"publisher\":{\"@id\":\"https:\/\/www.sef-italia.it\/#organization\"},\"image\":{\"@id\":\"https:\/\/www.sef-italia.it\/index.php\/2018\/11\/27\/1-tappa-del-campionato-team-penning-2018-2019\/#primaryimage\"},\"thumbnailUrl\":\"https:\/\/www.sef-italia.it\/wp-content\/uploads\/2018\/11\/Senza-titolo-1.jpg\",\"articleSection\":[\"News\"],\"inLanguage\":\"it-IT\",\"potentialAction\":[{\"@type\":\"CommentAction\",\"name\":\"Comment\",\"target\":[\"https:\/\/www.sef-italia.it\/index.php\/2018\/11\/27\/1-tappa-del-campionato-team-penning-2018-2019\/#respond\"]}]},{\"@type\":\"WebPage\",\"@id\":\"https:\/\/www.sef-italia.it\/index.php\/2018\/11\/27\/1-tappa-del-campionato-team-penning-2018-2019\/\",\"url\":\"https:\/\/www.sef-italia.it\/index.php\/2018\/11\/27\/1-tappa-del-campionato-team-penning-2018-2019\/\",\"name\":\"1\u00b0 TAPPA DEL CAMPIONATO TEAM PENNING 2018\/2019 - SEF Italia\",\"isPartOf\":{\"@id\":\"https:\/\/www.sef-italia.it\/#website\"},\"primaryImageOfPage\":{\"@id\":\"https:\/\/www.sef-italia.it\/index.php\/2018\/11\/27\/1-tappa-del-campionato-team-penning-2018-2019\/#primaryimage\"},\"image\":{\"@id\":\"https:\/\/www.sef-italia.it\/index.php\/2018\/11\/27\/1-tappa-del-campionato-team-penning-2018-2019\/#primaryimage\"},\"thumbnailUrl\":\"https:\/\/www.sef-italia.it\/wp-content\/uploads\/2018\/11\/Senza-titolo-1.jpg\",\"datePublished\":\"2018-11-27T09:13:47+00:00\",\"breadcrumb\":{\"@id\":\"https:\/\/www.sef-italia.it\/index.php\/2018\/11\/27\/1-tappa-del-campionato-team-penning-2018-2019\/#breadcrumb\"},\"inLanguage\":\"it-IT\",\"potentialAction\":[{\"@type\":\"ReadAction\",\"target\":[\"https:\/\/www.sef-italia.it\/index.php\/2018\/11\/27\/1-tappa-del-campionato-team-penning-2018-2019\/\"]}]},{\"@type\":\"ImageObject\",\"inLanguage\":\"it-IT\",\"@id\":\"https:\/\/www.sef-italia.it\/index.php\/2018\/11\/27\/1-tappa-del-campionato-team-penning-2018-2019\/#primaryimage\",\"url\":\"https:\/\/www.sef-italia.it\/wp-content\/uploads\/2018\/11\/Senza-titolo-1.jpg\",\"contentUrl\":\"https:\/\/www.sef-italia.it\/wp-content\/uploads\/2018\/11\/Senza-titolo-1.jpg\",\"width\":1076,\"height\":298},{\"@type\":\"BreadcrumbList\",\"@id\":\"https:\/\/www.sef-italia.it\/index.php\/2018\/11\/27\/1-tappa-del-campionato-team-penning-2018-2019\/#breadcrumb\",\"itemListElement\":[{\"@type\":\"ListItem\",\"position\":1,\"name\":\"Home\",\"item\":\"https:\/\/www.sef-italia.it\/\"},{\"@type\":\"ListItem\",\"position\":2,\"name\":\"1\u00b0 TAPPA DEL CAMPIONATO TEAM PENNING 2018\/2019\"}]},{\"@type\":\"WebSite\",\"@id\":\"https:\/\/www.sef-italia.it\/#website\",\"url\":\"https:\/\/www.sef-italia.it\/\",\"name\":\"SEF Italia\",\"description\":\"Il nuovo sito SEF Italia\",\"publisher\":{\"@id\":\"https:\/\/www.sef-italia.it\/#organization\"},\"potentialAction\":[{\"@type\":\"SearchAction\",\"target\":{\"@type\":\"EntryPoint\",\"urlTemplate\":\"https:\/\/www.sef-italia.it\/?s={search_term_string}\"},\"query-input\":{\"@type\":\"PropertyValueSpecification\",\"valueRequired\":true,\"valueName\":\"search_term_string\"}}],\"inLanguage\":\"it-IT\"},{\"@type\":\"Organization\",\"@id\":\"https:\/\/www.sef-italia.it\/#organization\",\"name\":\"SEF Italia\",\"url\":\"https:\/\/www.sef-italia.it\/\",\"logo\":{\"@type\":\"ImageObject\",\"inLanguage\":\"it-IT\",\"@id\":\"https:\/\/www.sef-italia.it\/#\/schema\/logo\/image\/\",\"url\":\"https:\/\/www.sef-italia.it\/wp-content\/uploads\/2018\/01\/logoSEF_QUADRATO-.jpg\",\"contentUrl\":\"https:\/\/www.sef-italia.it\/wp-content\/uploads\/2018\/01\/logoSEF_QUADRATO-.jpg\",\"width\":600,\"height\":600,\"caption\":\"SEF Italia\"},\"image\":{\"@id\":\"https:\/\/www.sef-italia.it\/#\/schema\/logo\/image\/\"},\"sameAs\":[\"https:\/\/www.facebook.com\/scuolaequestrediformazione\/\",\"https:\/\/x.com\/sef_italia\",\"https:\/\/www.youtube.com\/channel\/UCcEMamL3elnrqfrtIT8sh7g?view_as=subscriber\"]},{\"@type\":\"Person\",\"@id\":\"https:\/\/www.sef-italia.it\/#\/schema\/person\/98bbf141ebc34928c1b6b3262203ee9e\",\"name\":\"Maria Teresa Bevilacqua\",\"image\":{\"@type\":\"ImageObject\",\"inLanguage\":\"it-IT\",\"@id\":\"https:\/\/www.sef-italia.it\/#\/schema\/person\/image\/\",\"url\":\"https:\/\/secure.gravatar.com\/avatar\/15e0000cbd79bf458c75ba2fc416b0c2?s=96&d=mm&r=g\",\"contentUrl\":\"https:\/\/secure.gravatar.com\/avatar\/15e0000cbd79bf458c75ba2fc416b0c2?s=96&d=mm&r=g\",\"caption\":\"Maria Teresa Bevilacqua\"},\"url\":\"https:\/\/www.sef-italia.it\/index.php\/author\/mariateresa\/\"}]}<\/script>\r\n<!-- \/ Yoast SEO plugin. -->","yoast_head_json":{"title":"1\u00b0 TAPPA DEL CAMPIONATO TEAM PENNING 2018\/2019 - SEF Italia","robots":{"index":"index","follow":"follow","max-snippet":"max-snippet:-1","max-image-preview":"max-image-preview:large","max-video-preview":"max-video-preview:-1"},"canonical":"https:\/\/www.sef-italia.it\/index.php\/2018\/11\/27\/1-tappa-del-campionato-team-penning-2018-2019\/","og_locale":"it_IT","og_type":"article","og_title":"1\u00b0 TAPPA DEL CAMPIONATO TEAM PENNING 2018\/2019 - SEF Italia","og_description":"Si \u00e8 disputata ieri la 1\u00b0 tappa del Campionato 2018\/2019 organizzato dal A.S.D. la Fattoria Horses presso il Vecchio West di San [&hellip;]","og_url":"https:\/\/www.sef-italia.it\/index.php\/2018\/11\/27\/1-tappa-del-campionato-team-penning-2018-2019\/","og_site_name":"SEF Italia","article_publisher":"https:\/\/www.facebook.com\/scuolaequestrediformazione\/","article_published_time":"2018-11-27T09:13:47+00:00","og_image":[{"width":1076,"height":298,"url":"https:\/\/www.sef-italia.it\/wp-content\/uploads\/2018\/11\/Senza-titolo-1.jpg","type":"image\/jpeg"}],"author":"Maria Teresa Bevilacqua","twitter_card":"summary_large_image","twitter_creator":"@sef_italia","twitter_site":"@sef_italia","twitter_misc":{"Scritto da":"Maria Teresa Bevilacqua","Tempo di lettura stimato":"1 minuto"},"schema":{"@context":"https:\/\/schema.org","@graph":[{"@type":"Article","@id":"https:\/\/www.sef-italia.it\/index.php\/2018\/11\/27\/1-tappa-del-campionato-team-penning-2018-2019\/#article","isPartOf":{"@id":"https:\/\/www.sef-italia.it\/index.php\/2018\/11\/27\/1-tappa-del-campionato-team-penning-2018-2019\/"},"author":{"name":"Maria Teresa Bevilacqua","@id":"https:\/\/www.sef-italia.it\/#\/schema\/person\/98bbf141ebc34928c1b6b3262203ee9e"},"headline":"1\u00b0 TAPPA DEL CAMPIONATO TEAM PENNING 2018\/2019","datePublished":"2018-11-27T09:13:47+00:00","mainEntityOfPage":{"@id":"https:\/\/www.sef-italia.it\/index.php\/2018\/11\/27\/1-tappa-del-campionato-team-penning-2018-2019\/"},"wordCount":158,"commentCount":0,"publisher":{"@id":"https:\/\/www.sef-italia.it\/#organization"},"image":{"@id":"https:\/\/www.sef-italia.it\/index.php\/2018\/11\/27\/1-tappa-del-campionato-team-penning-2018-2019\/#primaryimage"},"thumbnailUrl":"https:\/\/www.sef-italia.it\/wp-content\/uploads\/2018\/11\/Senza-titolo-1.jpg","articleSection":["News"],"inLanguage":"it-IT","potentialAction":[{"@type":"CommentAction","name":"Comment","target":["https:\/\/www.sef-italia.it\/index.php\/2018\/11\/27\/1-tappa-del-campionato-team-penning-2018-2019\/#respond"]}]},{"@type":"WebPage","@id":"https:\/\/www.sef-italia.it\/index.php\/2018\/11\/27\/1-tappa-del-campionato-team-penning-2018-2019\/","url":"https:\/\/www.sef-italia.it\/index.php\/2018\/11\/27\/1-tappa-del-campionato-team-penning-2018-2019\/","name":"1\u00b0 TAPPA DEL CAMPIONATO TEAM PENNING 2018\/2019 - SEF Italia","isPartOf":{"@id":"https:\/\/www.sef-italia.it\/#website"},"primaryImageOfPage":{"@id":"https:\/\/www.sef-italia.it\/index.php\/2018\/11\/27\/1-tappa-del-campionato-team-penning-2018-2019\/#primaryimage"},"image":{"@id":"https:\/\/www.sef-italia.it\/index.php\/2018\/11\/27\/1-tappa-del-campionato-team-penning-2018-2019\/#primaryimage"},"thumbnailUrl":"https:\/\/www.sef-italia.it\/wp-content\/uploads\/2018\/11\/Senza-titolo-1.jpg","datePublished":"2018-11-27T09:13:47+00:00","breadcrumb":{"@id":"https:\/\/www.sef-italia.it\/index.php\/2018\/11\/27\/1-tappa-del-campionato-team-penning-2018-2019\/#breadcrumb"},"inLanguage":"it-IT","potentialAction":[{"@type":"ReadAction","target":["https:\/\/www.sef-italia.it\/index.php\/2018\/11\/27\/1-tappa-del-campionato-team-penning-2018-2019\/"]}]},{"@type":"ImageObject","inLanguage":"it-IT","@id":"https:\/\/www.sef-italia.it\/index.php\/2018\/11\/27\/1-tappa-del-campionato-team-penning-2018-2019\/#primaryimage","url":"https:\/\/www.sef-italia.it\/wp-content\/uploads\/2018\/11\/Senza-titolo-1.jpg","contentUrl":"https:\/\/www.sef-italia.it\/wp-content\/uploads\/2018\/11\/Senza-titolo-1.jpg","width":1076,"height":298},{"@type":"BreadcrumbList","@id":"https:\/\/www.sef-italia.it\/index.php\/2018\/11\/27\/1-tappa-del-campionato-team-penning-2018-2019\/#breadcrumb","itemListElement":[{"@type":"ListItem","position":1,"name":"Home","item":"https:\/\/www.sef-italia.it\/"},{"@type":"ListItem","position":2,"name":"1\u00b0 TAPPA DEL CAMPIONATO TEAM PENNING 2018\/2019"}]},{"@type":"WebSite","@id":"https:\/\/www.sef-italia.it\/#website","url":"https:\/\/www.sef-italia.it\/","name":"SEF Italia","description":"Il nuovo sito SEF Italia","publisher":{"@id":"https:\/\/www.sef-italia.it\/#organization"},"potentialAction":[{"@type":"SearchAction","target":{"@type":"EntryPoint","urlTemplate":"https:\/\/www.sef-italia.it\/?s={search_term_string}"},"query-input":{"@type":"PropertyValueSpecification","valueRequired":true,"valueName":"search_term_string"}}],"inLanguage":"it-IT"},{"@type":"Organization","@id":"https:\/\/www.sef-italia.it\/#organization","name":"SEF Italia","url":"https:\/\/www.sef-italia.it\/","logo":{"@type":"ImageObject","inLanguage":"it-IT","@id":"https:\/\/www.sef-italia.it\/#\/schema\/logo\/image\/","url":"https:\/\/www.sef-italia.it\/wp-content\/uploads\/2018\/01\/logoSEF_QUADRATO-.jpg","contentUrl":"https:\/\/www.sef-italia.it\/wp-content\/uploads\/2018\/01\/logoSEF_QUADRATO-.jpg","width":600,"height":600,"caption":"SEF Italia"},"image":{"@id":"https:\/\/www.sef-italia.it\/#\/schema\/logo\/image\/"},"sameAs":["https:\/\/www.facebook.com\/scuolaequestrediformazione\/","https:\/\/x.com\/sef_italia","https:\/\/www.youtube.com\/channel\/UCcEMamL3elnrqfrtIT8sh7g?view_as=subscriber"]},{"@type":"Person","@id":"https:\/\/www.sef-italia.it\/#\/schema\/person\/98bbf141ebc34928c1b6b3262203ee9e","name":"Maria Teresa Bevilacqua","image":{"@type":"ImageObject","inLanguage":"it-IT","@id":"https:\/\/www.sef-italia.it\/#\/schema\/person\/image\/","url":"https:\/\/secure.gravatar.com\/avatar\/15e0000cbd79bf458c75ba2fc416b0c2?s=96&d=mm&r=g","contentUrl":"https:\/\/secure.gravatar.com\/avatar\/15e0000cbd79bf458c75ba2fc416b0c2?s=96&d=mm&r=g","caption":"Maria Teresa Bevilacqua"},"url":"https:\/\/www.sef-italia.it\/index.php\/author\/mariateresa\/"}]}},"_links":{"self":[{"href":"https:\/\/www.sef-italia.it\/index.php\/wp-json\/wp\/v2\/posts\/11863"}],"collection":[{"href":"https:\/\/www.sef-italia.it\/index.php\/wp-json\/wp\/v2\/posts"}],"about":[{"href":"https:\/\/www.sef-italia.it\/index.php\/wp-json\/wp\/v2\/types\/post"}],"author":[{"embeddable":true,"href":"https:\/\/www.sef-italia.it\/index.php\/wp-json\/wp\/v2\/users\/83"}],"replies":[{"embeddable":true,"href":"https:\/\/www.sef-italia.it\/index.php\/wp-json\/wp\/v2\/comments?post=11863"}],"version-history":[{"count":2,"href":"https:\/\/www.sef-italia.it\/index.php\/wp-json\/wp\/v2\/posts\/11863\/revisions"}],"predecessor-version":[{"id":11866,"href":"https:\/\/www.sef-italia.it\/index.php\/wp-json\/wp\/v2\/posts\/11863\/revisions\/11866"}],"wp:featuredmedia":[{"embeddable":true,"href":"https:\/\/www.sef-italia.it\/index.php\/wp-json\/wp\/v2\/media\/11864"}],"wp:attachment":[{"href":"https:\/\/www.sef-italia.it\/index.php\/wp-json\/wp\/v2\/media?parent=11863"}],"wp:term":[{"taxonomy":"category","embeddable":true,"href":"https:\/\/www.sef-italia.it\/index.php\/wp-json\/wp\/v2\/categories?post=11863"},{"taxonomy":"post_tag","embeddable":true,"href":"https:\/\/www.sef-italia.it\/index.php\/wp-json\/wp\/v2\/tags?post=11863"}],"curies":[{"name":"wp","href":"https:\/\/api.w.org\/{rel}","templated":true}]}}