{"id":14872,"date":"2020-03-10T15:40:19","date_gmt":"2020-03-10T14:40:19","guid":{"rendered":"http:\/\/www.sef-italia.it\/?p=14872"},"modified":"2020-03-10T16:18:04","modified_gmt":"2020-03-10T15:18:04","slug":"indicazioni-importanti-per-tutti-i-centri-ippici-affiliati","status":"publish","type":"post","link":"https:\/\/www.sef-italia.it\/index.php\/2020\/03\/10\/indicazioni-importanti-per-tutti-i-centri-ippici-affiliati\/","title":{"rendered":"INDICAZIONI IMPORTANTI PER TUTTI I CENTRI IPPICI AFFILIATI"},"content":{"rendered":"<p>Il Decreto del Presidente del Consiglio dei Ministri del 9 marzo 2020 estende la zona rossa su tutto il territorio italiano allo scopo di contrastare e contenere il diffondersi del virus COVID-19 ed \u00e8, quindi, vietata ogni forma di assembramento di persone in luoghi pubblici o aperti al pubblico.<\/p>\n<p>La lettera d) dell\u2019articolo 1 decreto del Presidente del Consiglio dei Ministri 8 marzo 2020 \u00e8 sostituita dalla seguente:<\/p>\n<p>\u201cd) sono sospesi gli eventi e le competizioni sportive di ogni ordine e disciplina, in luoghi pubblici o privati. Gli impianti sportivi sono utilizzabili, a porte chiuse, soltanto per le sedute di allenamento degli atleti, professionisti e non professionisti, riconosciuti di interesse nazionale dal Comitato Olimpico Nazionale Italiano (CONI) e dalle rispettive Federazioni, in vista della loro partecipazione ai giochi olimpici o a manifestazioni nazionali ed internazionali; resta consentito esclusivamente lo svolgimento degli eventi e delle competizioni sportivi organizzati da organismi sportivi internazionali, all\u2019interno di impianti sportivi utilizzati a porte chiuse, ovvero all\u2019aperto senza la presenza di pubblico; in tutti tali casi, le associazioni e le societ\u00e0 sportive, a mezzo del proprio personale medico, sono tenute ad effettuare i controlli idonei a contenere il rischio di diffusione del virus COVID-19 tra gli atleti, i tecnici, i dirigenti e tutti gli accompagnatori che vi partecipano; lo sport e le attivit\u00e0 motorie svolti all\u2019aperto sono ammessi esclusivamente a condizione che sia possibile consentire il rispetto della distanza interpersonale di un metro\u201d.<\/p>\n<p>Pertanto riteniamo che <em>all\u2019art. 1 comma 3 del DPCM del 9 marzo 2020 <\/em>la frase <em>\u201clo sport e le attivit\u00e0 motorie svolti all\u2019aperto sono ammessi esclusivamente a condizione che sia possibile consentire il rispetto della distanza interpersonale di un metro\u201d <\/em>debba essere interpretata come chiarito sul sito dell\u2019Ufficio per lo Sport della Presidenza del Consiglio dei Ministri:<\/p>\n<p><em>\u201c<\/em><em>\u00c8 raccomandato ai comuni e agli altri enti territoriali, nonch\u00e9 alle associazioni culturali e sportive, di offrire attivit\u00e0 ricreative individuali alternative a quelle collettive interdette dal presente decreto, che promuovano e favoriscano le attivit\u00e0 svolte all&#8217;aperto, purch\u00e9 svolte senza creare assembramenti di persone ovvero svolte presso il domicilio degli interessati.\u201d<\/em><\/p>\n<p><strong>Pertanto riteniamo che i nostri Centri Ippici possano svolgere l\u2019attivit\u00e0 sotto forma di lezioni individuali purch\u00e9 svolte all\u2019aperto.<\/strong><\/p>\n<p><em>Per quanto concerne i privati proprietari e\/o responsabili e\/o utilizzatori e\/o detentori di cavalli (es. fida e mezza fida) riteniamo che possono recarsi a muovere i loro&nbsp;cavalli. <\/em><\/p>\n<p>Infatti a seguito della firma del Decreto del Presidente del Consiglio dei Ministri del 9 marzo 2020, la SEF ha sentito l\u2019Ufficio Sport del Governo, per dare una prima indicazione ad atleti e\/o proprietari e\/o utilizzatori e\/o detentori e\/o responsabili di cavalli ospitati presso i maneggi.<\/p>\n<p>Queste figure, in caso di impossibilit\u00e0 da parte del gestore del maneggio di accudire e muovere tutti i cavalli, possono recarsi presso il circolo per governare e muovere i propri cavalli e garantire il benessere degli stessi, con l\u2019avvertenza di chiarire, ove fermati dalle Forze dell\u2019Ordine, che il cavallo ha necessit\u00e0 di cure quotidiane.<\/p>\n<p>Riteniamo che il governo del cavallo ed il suo movimento, per garantirne il suo benessere, ed evitare ripercussioni sulla sua salute giustifichino lo spostamento casa\/maneggio o casa\/scuderia.<\/p>\n<p>La SEF Italia ha predisposto una bozza di autodichiarazione, disponibile sul sito, che suggeriamo di compilare da parte del diretto interessato e proporre agli Agenti accertatori.&nbsp;Precisiamo che non \u00e8 una soluzione concordata con le Autorit\u00e0 competenti, ma un suggerimento che forniamo, nella consapevolezza che i cavalli non possono essere abbandonati o dimenticati, stante le malattie che ne possono derivare (es. coliche).&nbsp;Comunque raccomandiamo seriet\u00e0 e senso di responsabilit\u00e0 negli spostamenti che siano effettivamente dettati da situazioni di necessit\u00e0.<\/p>\n<p><strong><a href=\"https:\/\/drive.google.com\/open?id=1E_ODK6DQZa3RK3N5mZGRVmr4VyTOHNX9\"><em>(Scarica il modulo di dichiarazione per andare al centro ippico in word)<\/em><\/a><\/strong><\/p>\n<p><strong><a href=\"https:\/\/drive.google.com\/file\/d\/1FubWhISf7pc-2_hkrIRQEtjpUskOKTQY\/view?usp=sharing\"><em>(Scarica il modulo di dichiarazione per andare al centro ippico in pdf)<\/em><\/a><\/strong><\/p>\n<p><em>&nbsp;<\/em><\/p>\n<p>Riteniamo che possano accedere al centro ippico coloro che debbano svolgere un lavoro o governare i cavalli o muoverli, pertanto diamo un elenco non esaustivo di coloro che potrebbero avere necessit\u00e0 di accedere al centro ippico:<\/p>\n<ul>\n<li>Presidente, segretario e consiglieri;<\/li>\n<li>Veterinari e Maniscalchi;<\/li>\n<li>Personale dipendente;<\/li>\n<li>Collaboratori sportivi;<\/li>\n<li>Proprietari di cavalli;<\/li>\n<li>Responsabili di cavalli (es. fida e mezza fida);<\/li>\n<li>Tesserati a cui sono affidati cavalli della scuola;<\/li>\n<li>Ditte esterne;<\/li>\n<li>Personale della sicurezza.<\/li>\n<\/ul>\n<p><img loading=\"lazy\" decoding=\"async\" class=\"alignnone size-medium wp-image-14878\" src=\"http:\/\/www.sef-italia.it\/wp-content\/uploads\/2020\/03\/8b5da4df-e416-4831-b145-bb6e13ee4397-300x150.jpg\" alt=\"\" width=\"300\" height=\"150\" srcset=\"https:\/\/www.sef-italia.it\/wp-content\/uploads\/2020\/03\/8b5da4df-e416-4831-b145-bb6e13ee4397-300x150.jpg 300w, https:\/\/www.sef-italia.it\/wp-content\/uploads\/2020\/03\/8b5da4df-e416-4831-b145-bb6e13ee4397-230x115.jpg 230w, https:\/\/www.sef-italia.it\/wp-content\/uploads\/2020\/03\/8b5da4df-e416-4831-b145-bb6e13ee4397.jpg 318w\" sizes=\"(max-width: 300px) 100vw, 300px\" \/><\/p>\n","protected":false},"excerpt":{"rendered":"<p>Il Decreto del Presidente del Consiglio dei Ministri del 9 marzo 2020 estende la zona rossa su tutto il territorio italiano allo [&hellip;]<\/p>\n","protected":false},"author":83,"featured_media":14877,"comment_status":"open","ping_status":"open","sticky":false,"template":"","format":"standard","meta":{"footnotes":""},"categories":[35,1],"tags":[],"yoast_head":"<!-- This site is optimized with the Yoast SEO plugin v24.5 - https:\/\/yoast.com\/wordpress\/plugins\/seo\/ -->\r\n<title>INDICAZIONI IMPORTANTI PER TUTTI I CENTRI IPPICI AFFILIATI - SEF Italia<\/title>\r\n<meta name=\"robots\" content=\"index, follow, max-snippet:-1, max-image-preview:large, max-video-preview:-1\" \/>\r\n<link rel=\"canonical\" href=\"https:\/\/www.sef-italia.it\/index.php\/2020\/03\/10\/indicazioni-importanti-per-tutti-i-centri-ippici-affiliati\/\" \/>\r\n<meta property=\"og:locale\" content=\"it_IT\" \/>\r\n<meta property=\"og:type\" content=\"article\" \/>\r\n<meta property=\"og:title\" content=\"INDICAZIONI IMPORTANTI PER TUTTI I CENTRI IPPICI AFFILIATI - SEF Italia\" \/>\r\n<meta property=\"og:description\" content=\"Il Decreto del Presidente del Consiglio dei Ministri del 9 marzo 2020 estende la zona rossa su tutto il territorio italiano allo [&hellip;]\" \/>\r\n<meta property=\"og:url\" content=\"https:\/\/www.sef-italia.it\/index.php\/2020\/03\/10\/indicazioni-importanti-per-tutti-i-centri-ippici-affiliati\/\" \/>\r\n<meta property=\"og:site_name\" content=\"SEF Italia\" \/>\r\n<meta property=\"article:publisher\" content=\"https:\/\/www.facebook.com\/scuolaequestrediformazione\/\" \/>\r\n<meta property=\"article:published_time\" content=\"2020-03-10T14:40:19+00:00\" \/>\r\n<meta property=\"article:modified_time\" content=\"2020-03-10T15:18:04+00:00\" \/>\r\n<meta property=\"og:image\" content=\"https:\/\/www.sef-italia.it\/wp-content\/uploads\/2020\/03\/Schermata-2020-03-10-alle-15.39.14.png\" \/>\r\n\t<meta property=\"og:image:width\" content=\"498\" \/>\r\n\t<meta property=\"og:image:height\" content=\"326\" \/>\r\n\t<meta property=\"og:image:type\" content=\"image\/png\" \/>\r\n<meta name=\"author\" content=\"Maria Teresa Bevilacqua\" \/>\r\n<meta name=\"twitter:card\" content=\"summary_large_image\" \/>\r\n<meta name=\"twitter:creator\" content=\"@sef_italia\" \/>\r\n<meta name=\"twitter:site\" content=\"@sef_italia\" \/>\r\n<meta name=\"twitter:label1\" content=\"Scritto da\" \/>\n\t<meta name=\"twitter:data1\" content=\"Maria Teresa Bevilacqua\" \/>\n\t<meta name=\"twitter:label2\" content=\"Tempo di lettura stimato\" \/>\n\t<meta name=\"twitter:data2\" content=\"4 minuti\" \/>\r\n<script type=\"application\/ld+json\" class=\"yoast-schema-graph\">{\"@context\":\"https:\/\/schema.org\",\"@graph\":[{\"@type\":\"Article\",\"@id\":\"https:\/\/www.sef-italia.it\/index.php\/2020\/03\/10\/indicazioni-importanti-per-tutti-i-centri-ippici-affiliati\/#article\",\"isPartOf\":{\"@id\":\"https:\/\/www.sef-italia.it\/index.php\/2020\/03\/10\/indicazioni-importanti-per-tutti-i-centri-ippici-affiliati\/\"},\"author\":{\"name\":\"Maria Teresa Bevilacqua\",\"@id\":\"https:\/\/www.sef-italia.it\/#\/schema\/person\/98bbf141ebc34928c1b6b3262203ee9e\"},\"headline\":\"INDICAZIONI IMPORTANTI PER TUTTI I CENTRI IPPICI AFFILIATI\",\"datePublished\":\"2020-03-10T14:40:19+00:00\",\"dateModified\":\"2020-03-10T15:18:04+00:00\",\"mainEntityOfPage\":{\"@id\":\"https:\/\/www.sef-italia.it\/index.php\/2020\/03\/10\/indicazioni-importanti-per-tutti-i-centri-ippici-affiliati\/\"},\"wordCount\":710,\"commentCount\":0,\"publisher\":{\"@id\":\"https:\/\/www.sef-italia.it\/#organization\"},\"image\":{\"@id\":\"https:\/\/www.sef-italia.it\/index.php\/2020\/03\/10\/indicazioni-importanti-per-tutti-i-centri-ippici-affiliati\/#primaryimage\"},\"thumbnailUrl\":\"https:\/\/www.sef-italia.it\/wp-content\/uploads\/2020\/03\/Schermata-2020-03-10-alle-15.39.14.png\",\"articleSection\":[\"Coronavirus\",\"News\"],\"inLanguage\":\"it-IT\",\"potentialAction\":[{\"@type\":\"CommentAction\",\"name\":\"Comment\",\"target\":[\"https:\/\/www.sef-italia.it\/index.php\/2020\/03\/10\/indicazioni-importanti-per-tutti-i-centri-ippici-affiliati\/#respond\"]}]},{\"@type\":\"WebPage\",\"@id\":\"https:\/\/www.sef-italia.it\/index.php\/2020\/03\/10\/indicazioni-importanti-per-tutti-i-centri-ippici-affiliati\/\",\"url\":\"https:\/\/www.sef-italia.it\/index.php\/2020\/03\/10\/indicazioni-importanti-per-tutti-i-centri-ippici-affiliati\/\",\"name\":\"INDICAZIONI IMPORTANTI PER TUTTI I CENTRI IPPICI AFFILIATI - SEF Italia\",\"isPartOf\":{\"@id\":\"https:\/\/www.sef-italia.it\/#website\"},\"primaryImageOfPage\":{\"@id\":\"https:\/\/www.sef-italia.it\/index.php\/2020\/03\/10\/indicazioni-importanti-per-tutti-i-centri-ippici-affiliati\/#primaryimage\"},\"image\":{\"@id\":\"https:\/\/www.sef-italia.it\/index.php\/2020\/03\/10\/indicazioni-importanti-per-tutti-i-centri-ippici-affiliati\/#primaryimage\"},\"thumbnailUrl\":\"https:\/\/www.sef-italia.it\/wp-content\/uploads\/2020\/03\/Schermata-2020-03-10-alle-15.39.14.png\",\"datePublished\":\"2020-03-10T14:40:19+00:00\",\"dateModified\":\"2020-03-10T15:18:04+00:00\",\"breadcrumb\":{\"@id\":\"https:\/\/www.sef-italia.it\/index.php\/2020\/03\/10\/indicazioni-importanti-per-tutti-i-centri-ippici-affiliati\/#breadcrumb\"},\"inLanguage\":\"it-IT\",\"potentialAction\":[{\"@type\":\"ReadAction\",\"target\":[\"https:\/\/www.sef-italia.it\/index.php\/2020\/03\/10\/indicazioni-importanti-per-tutti-i-centri-ippici-affiliati\/\"]}]},{\"@type\":\"ImageObject\",\"inLanguage\":\"it-IT\",\"@id\":\"https:\/\/www.sef-italia.it\/index.php\/2020\/03\/10\/indicazioni-importanti-per-tutti-i-centri-ippici-affiliati\/#primaryimage\",\"url\":\"https:\/\/www.sef-italia.it\/wp-content\/uploads\/2020\/03\/Schermata-2020-03-10-alle-15.39.14.png\",\"contentUrl\":\"https:\/\/www.sef-italia.it\/wp-content\/uploads\/2020\/03\/Schermata-2020-03-10-alle-15.39.14.png\",\"width\":498,\"height\":326},{\"@type\":\"BreadcrumbList\",\"@id\":\"https:\/\/www.sef-italia.it\/index.php\/2020\/03\/10\/indicazioni-importanti-per-tutti-i-centri-ippici-affiliati\/#breadcrumb\",\"itemListElement\":[{\"@type\":\"ListItem\",\"position\":1,\"name\":\"Home\",\"item\":\"https:\/\/www.sef-italia.it\/\"},{\"@type\":\"ListItem\",\"position\":2,\"name\":\"INDICAZIONI IMPORTANTI PER TUTTI I CENTRI IPPICI AFFILIATI\"}]},{\"@type\":\"WebSite\",\"@id\":\"https:\/\/www.sef-italia.it\/#website\",\"url\":\"https:\/\/www.sef-italia.it\/\",\"name\":\"SEF Italia\",\"description\":\"Il nuovo sito SEF Italia\",\"publisher\":{\"@id\":\"https:\/\/www.sef-italia.it\/#organization\"},\"potentialAction\":[{\"@type\":\"SearchAction\",\"target\":{\"@type\":\"EntryPoint\",\"urlTemplate\":\"https:\/\/www.sef-italia.it\/?s={search_term_string}\"},\"query-input\":{\"@type\":\"PropertyValueSpecification\",\"valueRequired\":true,\"valueName\":\"search_term_string\"}}],\"inLanguage\":\"it-IT\"},{\"@type\":\"Organization\",\"@id\":\"https:\/\/www.sef-italia.it\/#organization\",\"name\":\"SEF Italia\",\"url\":\"https:\/\/www.sef-italia.it\/\",\"logo\":{\"@type\":\"ImageObject\",\"inLanguage\":\"it-IT\",\"@id\":\"https:\/\/www.sef-italia.it\/#\/schema\/logo\/image\/\",\"url\":\"https:\/\/www.sef-italia.it\/wp-content\/uploads\/2018\/01\/logoSEF_QUADRATO-.jpg\",\"contentUrl\":\"https:\/\/www.sef-italia.it\/wp-content\/uploads\/2018\/01\/logoSEF_QUADRATO-.jpg\",\"width\":600,\"height\":600,\"caption\":\"SEF Italia\"},\"image\":{\"@id\":\"https:\/\/www.sef-italia.it\/#\/schema\/logo\/image\/\"},\"sameAs\":[\"https:\/\/www.facebook.com\/scuolaequestrediformazione\/\",\"https:\/\/x.com\/sef_italia\",\"https:\/\/www.youtube.com\/channel\/UCcEMamL3elnrqfrtIT8sh7g?view_as=subscriber\"]},{\"@type\":\"Person\",\"@id\":\"https:\/\/www.sef-italia.it\/#\/schema\/person\/98bbf141ebc34928c1b6b3262203ee9e\",\"name\":\"Maria Teresa Bevilacqua\",\"image\":{\"@type\":\"ImageObject\",\"inLanguage\":\"it-IT\",\"@id\":\"https:\/\/www.sef-italia.it\/#\/schema\/person\/image\/\",\"url\":\"https:\/\/secure.gravatar.com\/avatar\/15e0000cbd79bf458c75ba2fc416b0c2?s=96&d=mm&r=g\",\"contentUrl\":\"https:\/\/secure.gravatar.com\/avatar\/15e0000cbd79bf458c75ba2fc416b0c2?s=96&d=mm&r=g\",\"caption\":\"Maria Teresa Bevilacqua\"},\"url\":\"https:\/\/www.sef-italia.it\/index.php\/author\/mariateresa\/\"}]}<\/script>\r\n<!-- \/ Yoast SEO plugin. -->","yoast_head_json":{"title":"INDICAZIONI IMPORTANTI PER TUTTI I CENTRI IPPICI AFFILIATI - SEF Italia","robots":{"index":"index","follow":"follow","max-snippet":"max-snippet:-1","max-image-preview":"max-image-preview:large","max-video-preview":"max-video-preview:-1"},"canonical":"https:\/\/www.sef-italia.it\/index.php\/2020\/03\/10\/indicazioni-importanti-per-tutti-i-centri-ippici-affiliati\/","og_locale":"it_IT","og_type":"article","og_title":"INDICAZIONI IMPORTANTI PER TUTTI I CENTRI IPPICI AFFILIATI - SEF Italia","og_description":"Il Decreto del Presidente del Consiglio dei Ministri del 9 marzo 2020 estende la zona rossa su tutto il territorio italiano allo [&hellip;]","og_url":"https:\/\/www.sef-italia.it\/index.php\/2020\/03\/10\/indicazioni-importanti-per-tutti-i-centri-ippici-affiliati\/","og_site_name":"SEF Italia","article_publisher":"https:\/\/www.facebook.com\/scuolaequestrediformazione\/","article_published_time":"2020-03-10T14:40:19+00:00","article_modified_time":"2020-03-10T15:18:04+00:00","og_image":[{"width":498,"height":326,"url":"https:\/\/www.sef-italia.it\/wp-content\/uploads\/2020\/03\/Schermata-2020-03-10-alle-15.39.14.png","type":"image\/png"}],"author":"Maria Teresa Bevilacqua","twitter_card":"summary_large_image","twitter_creator":"@sef_italia","twitter_site":"@sef_italia","twitter_misc":{"Scritto da":"Maria Teresa Bevilacqua","Tempo di lettura stimato":"4 minuti"},"schema":{"@context":"https:\/\/schema.org","@graph":[{"@type":"Article","@id":"https:\/\/www.sef-italia.it\/index.php\/2020\/03\/10\/indicazioni-importanti-per-tutti-i-centri-ippici-affiliati\/#article","isPartOf":{"@id":"https:\/\/www.sef-italia.it\/index.php\/2020\/03\/10\/indicazioni-importanti-per-tutti-i-centri-ippici-affiliati\/"},"author":{"name":"Maria Teresa Bevilacqua","@id":"https:\/\/www.sef-italia.it\/#\/schema\/person\/98bbf141ebc34928c1b6b3262203ee9e"},"headline":"INDICAZIONI IMPORTANTI PER TUTTI I CENTRI IPPICI AFFILIATI","datePublished":"2020-03-10T14:40:19+00:00","dateModified":"2020-03-10T15:18:04+00:00","mainEntityOfPage":{"@id":"https:\/\/www.sef-italia.it\/index.php\/2020\/03\/10\/indicazioni-importanti-per-tutti-i-centri-ippici-affiliati\/"},"wordCount":710,"commentCount":0,"publisher":{"@id":"https:\/\/www.sef-italia.it\/#organization"},"image":{"@id":"https:\/\/www.sef-italia.it\/index.php\/2020\/03\/10\/indicazioni-importanti-per-tutti-i-centri-ippici-affiliati\/#primaryimage"},"thumbnailUrl":"https:\/\/www.sef-italia.it\/wp-content\/uploads\/2020\/03\/Schermata-2020-03-10-alle-15.39.14.png","articleSection":["Coronavirus","News"],"inLanguage":"it-IT","potentialAction":[{"@type":"CommentAction","name":"Comment","target":["https:\/\/www.sef-italia.it\/index.php\/2020\/03\/10\/indicazioni-importanti-per-tutti-i-centri-ippici-affiliati\/#respond"]}]},{"@type":"WebPage","@id":"https:\/\/www.sef-italia.it\/index.php\/2020\/03\/10\/indicazioni-importanti-per-tutti-i-centri-ippici-affiliati\/","url":"https:\/\/www.sef-italia.it\/index.php\/2020\/03\/10\/indicazioni-importanti-per-tutti-i-centri-ippici-affiliati\/","name":"INDICAZIONI IMPORTANTI PER TUTTI I CENTRI IPPICI AFFILIATI - SEF Italia","isPartOf":{"@id":"https:\/\/www.sef-italia.it\/#website"},"primaryImageOfPage":{"@id":"https:\/\/www.sef-italia.it\/index.php\/2020\/03\/10\/indicazioni-importanti-per-tutti-i-centri-ippici-affiliati\/#primaryimage"},"image":{"@id":"https:\/\/www.sef-italia.it\/index.php\/2020\/03\/10\/indicazioni-importanti-per-tutti-i-centri-ippici-affiliati\/#primaryimage"},"thumbnailUrl":"https:\/\/www.sef-italia.it\/wp-content\/uploads\/2020\/03\/Schermata-2020-03-10-alle-15.39.14.png","datePublished":"2020-03-10T14:40:19+00:00","dateModified":"2020-03-10T15:18:04+00:00","breadcrumb":{"@id":"https:\/\/www.sef-italia.it\/index.php\/2020\/03\/10\/indicazioni-importanti-per-tutti-i-centri-ippici-affiliati\/#breadcrumb"},"inLanguage":"it-IT","potentialAction":[{"@type":"ReadAction","target":["https:\/\/www.sef-italia.it\/index.php\/2020\/03\/10\/indicazioni-importanti-per-tutti-i-centri-ippici-affiliati\/"]}]},{"@type":"ImageObject","inLanguage":"it-IT","@id":"https:\/\/www.sef-italia.it\/index.php\/2020\/03\/10\/indicazioni-importanti-per-tutti-i-centri-ippici-affiliati\/#primaryimage","url":"https:\/\/www.sef-italia.it\/wp-content\/uploads\/2020\/03\/Schermata-2020-03-10-alle-15.39.14.png","contentUrl":"https:\/\/www.sef-italia.it\/wp-content\/uploads\/2020\/03\/Schermata-2020-03-10-alle-15.39.14.png","width":498,"height":326},{"@type":"BreadcrumbList","@id":"https:\/\/www.sef-italia.it\/index.php\/2020\/03\/10\/indicazioni-importanti-per-tutti-i-centri-ippici-affiliati\/#breadcrumb","itemListElement":[{"@type":"ListItem","position":1,"name":"Home","item":"https:\/\/www.sef-italia.it\/"},{"@type":"ListItem","position":2,"name":"INDICAZIONI IMPORTANTI PER TUTTI I CENTRI IPPICI AFFILIATI"}]},{"@type":"WebSite","@id":"https:\/\/www.sef-italia.it\/#website","url":"https:\/\/www.sef-italia.it\/","name":"SEF Italia","description":"Il nuovo sito SEF Italia","publisher":{"@id":"https:\/\/www.sef-italia.it\/#organization"},"potentialAction":[{"@type":"SearchAction","target":{"@type":"EntryPoint","urlTemplate":"https:\/\/www.sef-italia.it\/?s={search_term_string}"},"query-input":{"@type":"PropertyValueSpecification","valueRequired":true,"valueName":"search_term_string"}}],"inLanguage":"it-IT"},{"@type":"Organization","@id":"https:\/\/www.sef-italia.it\/#organization","name":"SEF Italia","url":"https:\/\/www.sef-italia.it\/","logo":{"@type":"ImageObject","inLanguage":"it-IT","@id":"https:\/\/www.sef-italia.it\/#\/schema\/logo\/image\/","url":"https:\/\/www.sef-italia.it\/wp-content\/uploads\/2018\/01\/logoSEF_QUADRATO-.jpg","contentUrl":"https:\/\/www.sef-italia.it\/wp-content\/uploads\/2018\/01\/logoSEF_QUADRATO-.jpg","width":600,"height":600,"caption":"SEF Italia"},"image":{"@id":"https:\/\/www.sef-italia.it\/#\/schema\/logo\/image\/"},"sameAs":["https:\/\/www.facebook.com\/scuolaequestrediformazione\/","https:\/\/x.com\/sef_italia","https:\/\/www.youtube.com\/channel\/UCcEMamL3elnrqfrtIT8sh7g?view_as=subscriber"]},{"@type":"Person","@id":"https:\/\/www.sef-italia.it\/#\/schema\/person\/98bbf141ebc34928c1b6b3262203ee9e","name":"Maria Teresa Bevilacqua","image":{"@type":"ImageObject","inLanguage":"it-IT","@id":"https:\/\/www.sef-italia.it\/#\/schema\/person\/image\/","url":"https:\/\/secure.gravatar.com\/avatar\/15e0000cbd79bf458c75ba2fc416b0c2?s=96&d=mm&r=g","contentUrl":"https:\/\/secure.gravatar.com\/avatar\/15e0000cbd79bf458c75ba2fc416b0c2?s=96&d=mm&r=g","caption":"Maria Teresa Bevilacqua"},"url":"https:\/\/www.sef-italia.it\/index.php\/author\/mariateresa\/"}]}},"_links":{"self":[{"href":"https:\/\/www.sef-italia.it\/index.php\/wp-json\/wp\/v2\/posts\/14872"}],"collection":[{"href":"https:\/\/www.sef-italia.it\/index.php\/wp-json\/wp\/v2\/posts"}],"about":[{"href":"https:\/\/www.sef-italia.it\/index.php\/wp-json\/wp\/v2\/types\/post"}],"author":[{"embeddable":true,"href":"https:\/\/www.sef-italia.it\/index.php\/wp-json\/wp\/v2\/users\/83"}],"replies":[{"embeddable":true,"href":"https:\/\/www.sef-italia.it\/index.php\/wp-json\/wp\/v2\/comments?post=14872"}],"version-history":[{"count":3,"href":"https:\/\/www.sef-italia.it\/index.php\/wp-json\/wp\/v2\/posts\/14872\/revisions"}],"predecessor-version":[{"id":14881,"href":"https:\/\/www.sef-italia.it\/index.php\/wp-json\/wp\/v2\/posts\/14872\/revisions\/14881"}],"wp:featuredmedia":[{"embeddable":true,"href":"https:\/\/www.sef-italia.it\/index.php\/wp-json\/wp\/v2\/media\/14877"}],"wp:attachment":[{"href":"https:\/\/www.sef-italia.it\/index.php\/wp-json\/wp\/v2\/media?parent=14872"}],"wp:term":[{"taxonomy":"category","embeddable":true,"href":"https:\/\/www.sef-italia.it\/index.php\/wp-json\/wp\/v2\/categories?post=14872"},{"taxonomy":"post_tag","embeddable":true,"href":"https:\/\/www.sef-italia.it\/index.php\/wp-json\/wp\/v2\/tags?post=14872"}],"curies":[{"name":"wp","href":"https:\/\/api.w.org\/{rel}","templated":true}]}}