{"id":15663,"date":"2020-04-16T10:14:10","date_gmt":"2020-04-16T08:14:10","guid":{"rendered":"http:\/\/www.sef-italia.it\/?p=15663"},"modified":"2020-04-16T10:14:10","modified_gmt":"2020-04-16T08:14:10","slug":"basta-chiacchiere-facciamo-qualcosa-di-reale-per-salvare-i-nostri-cavalli","status":"publish","type":"post","link":"https:\/\/www.sef-italia.it\/index.php\/2020\/04\/16\/basta-chiacchiere-facciamo-qualcosa-di-reale-per-salvare-i-nostri-cavalli\/","title":{"rendered":"BASTA CHIACCHIERE, FACCIAMO QUALCOSA DI REALE PER SALVARE I NOSTRI CAVALLI"},"content":{"rendered":"<p>Il mondo dell&#8217;equitazione si aspettava da Noi e dal Presidente della FISE, vista la grave emergenza economica che sta colpendo tutti i settori, un&#8217;azione coesa anche insieme agli Enti di Promozione Sportiva, in quanto riteniamo necessario fare un\u2019azione forte e incisiva verso il Governo e gli organi preposti, affinch\u00e9 aiutino il nostro settore.<\/p>\n<p>Pertanto lanciamo un appello verso tutti gli Enti Promozionali e alla FISE nella persona del suo Presidente Marco Di Paola, per la predisposizione e sottoscrizione di un documento unitario da presentare al Governo, per richiedere un aiuto concreto nei confronti di tutti i centri di equitazione in Italia, che versano in gravissime difficolt\u00e0 economiche a causa della loro chiusura.<\/p>\n<p>Confido che tutti i rappresentanti degli Enti di Promozione nonch\u00e8 il Presidente di Paola vorranno aderire a questo accorato appello per cercare di aiutare concretamente tutti i nostri associati.<\/p>\n<p>Basta chiacchiere: sentiamo giornalmente da parte del Presidente della FISE Marco di Paola l\u2019auto proclamazione di importanti provvedimenti che avrebbe fatto per i centri affiliati FISE e autocelebrazione delle sue importanti azioni a favore dei sopra citati centri. Ma di fatto non ha intrapreso nessuna iniziativa concreta e incisiva nei confronti del governo, per chiedere un aiuto economico per il nostro settore, ne tantomeno sta aiutando i centri ippici che sono in grave sofferenza in questo momento. Ma solo tanta pubblicit\u00e0 per Lui sui giornali e sui social.<\/p>\n<p>Inoltre va dicendo in giro di aver dato un contributo a fondo perso ai maneggi associati FISE, ma di fatto ha erogato ai Comitati Regionali ci\u00f2 che spettava loro per il secondo trimestre e, in base al proprio bilancio, ha dato facolt\u00e0 ai Comitati Regionali di destinare una parte della quota erogata, relativa alle somme che non verranno spese per le attivit\u00e0 a cui erano destinati, perch\u00e9 annullate (peccato che non ha calcolato i soldi che i comitati non incassano proprio a causa di queste attivit\u00e0 annullate), e pertanto a disposizione dei Comitati Regionali di diritto e non per sua concessione. Ha concesso ai Comitati di poter destinare fino al 25% di queste somme (bilancio permettendo) a favore dei maneggi, dovendo per\u00f2 rinunciare ad alcune voci di spesa.<\/p>\n<p>Come mai per\u00f2 FISE Roma ad oggi non ha rinunciato a nessuna quota e a nessuna spesa a favore dei propri associati? Cos\u00ec anche solo per dare il buon esempio.<\/p>\n<p>Della serie: &#8220;armiamoci e &#8230; partite!&#8221; o se meglio credete &#8220;\u00e8 bello fare il generoso con i soldi degli altri!&#8221;<\/p>\n<p>Senza contare le varie informazioni devianti come quando gi\u00e0 al nord Italia il virus era una certezza, il Presidente Di Paola in un post dalle pagine ufficiali di Facebook della FISE, dichiarava in un video a cavallo: \u201cio non mi fermo, l\u2019equitazione non si ferma, la FISE non si ferma\u201d&#8230;&#8230;<\/p>\n<p>A distanza di qualche giorno ci ha pensato il Governo a fermarlo e meno male! Cosicch\u00e9 ha dovuto rimangiarsi tutte le sue affermazioni, facendo l&#8217;ennesima figura poco edificante.<\/p>\n<p>Poi \u00e8 passato al ruolo di passacarte, pubblicando sul social Fise i Decreti emanati del Presidente del Consiglio Conte, senza mai prendere una chiara posizione e senza dare indicazioni e spiegazioni agli iscritti della FISE che chiedevano lumi sull&#8217;interpretazione delle nuove leggi, ci\u00f2 ha generato molta incertezza e confusione da parte degli addetti dei centri ippici che non sapevano come comportarsi per la gestione dei cavalli. Molte altre Federazioni Sportive hanno, invece, subito dato risposte chiare e una linea comportamentale ben delineata ai propri iscritti.<\/p>\n<p>Ma ormai a questa disinformazione siamo abituati come quando il Garante della Concorrenza e del Mercato (A.G.C.M.) ha condannato la FISE a pagare una multa salatissima.<\/p>\n<p>Infatti sin dall\u2019inizio del suo mandato ha ignorato una vecchia sentenza del Garante, non permettendoci di svolgere alcune categorie nei concorsi, costringendoci a richiedere un ulteriore intervento del Garante, il quale, non solo ha confermato la decisione gi\u00e0 presa a suo tempo, ma ha altres\u00ec condannato FISE al pagamento di una multa di \u20ac 451.090,82 che Fise ha chiesto di rateizzare, ottenendo una dilazione da erogare mensilmente per l&#8217;importo di \u20ac. 15.046,07 per 30 mesi.<\/p>\n<p>Questa sanzione la sta pagando FISE per una presa di posizione del suo Presidente che, disattendendo una precedente sentenza, costringe ora la Federazione che rappresenta al pagamento di questa multa&#8230;&#8230;. non so quanto i suoi tesserati sono contenti di dover pagare una sanzione per un capriccio del suo Presidente!!!<\/p>\n<p>Come sempre pagano i tesserati e non &#8220;chi sbaglia&#8221;.<\/p>\n<p>Concludiamo chiedendo ai Presidenti di tutti gli Enti ed al Presidente FISE Marco Di Paola se almeno per una volta possiamo mettere da parte atteggiamenti da Prime Donne e combattere uniti per far sentire la voce comune e sofferente dei Nostri amati CAVALLI.<\/p>\n","protected":false},"excerpt":{"rendered":"<p>Il mondo dell&#8217;equitazione si aspettava da Noi e dal Presidente della FISE, vista la grave emergenza economica che sta colpendo tutti i [&hellip;]<\/p>\n","protected":false},"author":83,"featured_media":15664,"comment_status":"open","ping_status":"open","sticky":false,"template":"","format":"standard","meta":{"footnotes":""},"categories":[4,1],"tags":[],"yoast_head":"<!-- This site is optimized with the Yoast SEO plugin v24.5 - https:\/\/yoast.com\/wordpress\/plugins\/seo\/ -->\r\n<title>BASTA CHIACCHIERE, FACCIAMO QUALCOSA DI REALE PER SALVARE I NOSTRI CAVALLI - SEF Italia<\/title>\r\n<meta name=\"robots\" content=\"index, follow, max-snippet:-1, max-image-preview:large, max-video-preview:-1\" \/>\r\n<link rel=\"canonical\" href=\"https:\/\/www.sef-italia.it\/index.php\/2020\/04\/16\/basta-chiacchiere-facciamo-qualcosa-di-reale-per-salvare-i-nostri-cavalli\/\" \/>\r\n<meta property=\"og:locale\" content=\"it_IT\" \/>\r\n<meta property=\"og:type\" content=\"article\" \/>\r\n<meta property=\"og:title\" content=\"BASTA CHIACCHIERE, FACCIAMO QUALCOSA DI REALE PER SALVARE I NOSTRI CAVALLI - SEF Italia\" \/>\r\n<meta property=\"og:description\" content=\"Il mondo dell&#8217;equitazione si aspettava da Noi e dal Presidente della FISE, vista la grave emergenza economica che sta colpendo tutti i [&hellip;]\" \/>\r\n<meta property=\"og:url\" content=\"https:\/\/www.sef-italia.it\/index.php\/2020\/04\/16\/basta-chiacchiere-facciamo-qualcosa-di-reale-per-salvare-i-nostri-cavalli\/\" \/>\r\n<meta property=\"og:site_name\" content=\"SEF Italia\" \/>\r\n<meta property=\"article:publisher\" content=\"https:\/\/www.facebook.com\/scuolaequestrediformazione\/\" \/>\r\n<meta property=\"article:published_time\" content=\"2020-04-16T08:14:10+00:00\" \/>\r\n<meta property=\"og:image\" content=\"https:\/\/www.sef-italia.it\/wp-content\/uploads\/2020\/04\/10-scaled.jpg\" \/>\r\n\t<meta property=\"og:image:width\" content=\"2048\" \/>\r\n\t<meta property=\"og:image:height\" content=\"1497\" \/>\r\n\t<meta property=\"og:image:type\" content=\"image\/jpeg\" \/>\r\n<meta name=\"author\" content=\"Maria Teresa Bevilacqua\" \/>\r\n<meta name=\"twitter:card\" content=\"summary_large_image\" \/>\r\n<meta name=\"twitter:creator\" content=\"@sef_italia\" \/>\r\n<meta name=\"twitter:site\" content=\"@sef_italia\" \/>\r\n<meta name=\"twitter:label1\" content=\"Scritto da\" \/>\n\t<meta name=\"twitter:data1\" content=\"Maria Teresa Bevilacqua\" \/>\n\t<meta name=\"twitter:label2\" content=\"Tempo di lettura stimato\" \/>\n\t<meta name=\"twitter:data2\" content=\"4 minuti\" \/>\r\n<script type=\"application\/ld+json\" class=\"yoast-schema-graph\">{\"@context\":\"https:\/\/schema.org\",\"@graph\":[{\"@type\":\"Article\",\"@id\":\"https:\/\/www.sef-italia.it\/index.php\/2020\/04\/16\/basta-chiacchiere-facciamo-qualcosa-di-reale-per-salvare-i-nostri-cavalli\/#article\",\"isPartOf\":{\"@id\":\"https:\/\/www.sef-italia.it\/index.php\/2020\/04\/16\/basta-chiacchiere-facciamo-qualcosa-di-reale-per-salvare-i-nostri-cavalli\/\"},\"author\":{\"name\":\"Maria Teresa Bevilacqua\",\"@id\":\"https:\/\/www.sef-italia.it\/#\/schema\/person\/98bbf141ebc34928c1b6b3262203ee9e\"},\"headline\":\"BASTA CHIACCHIERE, FACCIAMO QUALCOSA DI REALE PER SALVARE I NOSTRI CAVALLI\",\"datePublished\":\"2020-04-16T08:14:10+00:00\",\"mainEntityOfPage\":{\"@id\":\"https:\/\/www.sef-italia.it\/index.php\/2020\/04\/16\/basta-chiacchiere-facciamo-qualcosa-di-reale-per-salvare-i-nostri-cavalli\/\"},\"wordCount\":786,\"commentCount\":0,\"publisher\":{\"@id\":\"https:\/\/www.sef-italia.it\/#organization\"},\"image\":{\"@id\":\"https:\/\/www.sef-italia.it\/index.php\/2020\/04\/16\/basta-chiacchiere-facciamo-qualcosa-di-reale-per-salvare-i-nostri-cavalli\/#primaryimage\"},\"thumbnailUrl\":\"https:\/\/www.sef-italia.it\/wp-content\/uploads\/2020\/04\/10-scaled.jpg\",\"articleSection\":[\"Eventi\",\"News\"],\"inLanguage\":\"it-IT\",\"potentialAction\":[{\"@type\":\"CommentAction\",\"name\":\"Comment\",\"target\":[\"https:\/\/www.sef-italia.it\/index.php\/2020\/04\/16\/basta-chiacchiere-facciamo-qualcosa-di-reale-per-salvare-i-nostri-cavalli\/#respond\"]}]},{\"@type\":\"WebPage\",\"@id\":\"https:\/\/www.sef-italia.it\/index.php\/2020\/04\/16\/basta-chiacchiere-facciamo-qualcosa-di-reale-per-salvare-i-nostri-cavalli\/\",\"url\":\"https:\/\/www.sef-italia.it\/index.php\/2020\/04\/16\/basta-chiacchiere-facciamo-qualcosa-di-reale-per-salvare-i-nostri-cavalli\/\",\"name\":\"BASTA CHIACCHIERE, FACCIAMO QUALCOSA DI REALE PER SALVARE I NOSTRI CAVALLI - SEF Italia\",\"isPartOf\":{\"@id\":\"https:\/\/www.sef-italia.it\/#website\"},\"primaryImageOfPage\":{\"@id\":\"https:\/\/www.sef-italia.it\/index.php\/2020\/04\/16\/basta-chiacchiere-facciamo-qualcosa-di-reale-per-salvare-i-nostri-cavalli\/#primaryimage\"},\"image\":{\"@id\":\"https:\/\/www.sef-italia.it\/index.php\/2020\/04\/16\/basta-chiacchiere-facciamo-qualcosa-di-reale-per-salvare-i-nostri-cavalli\/#primaryimage\"},\"thumbnailUrl\":\"https:\/\/www.sef-italia.it\/wp-content\/uploads\/2020\/04\/10-scaled.jpg\",\"datePublished\":\"2020-04-16T08:14:10+00:00\",\"breadcrumb\":{\"@id\":\"https:\/\/www.sef-italia.it\/index.php\/2020\/04\/16\/basta-chiacchiere-facciamo-qualcosa-di-reale-per-salvare-i-nostri-cavalli\/#breadcrumb\"},\"inLanguage\":\"it-IT\",\"potentialAction\":[{\"@type\":\"ReadAction\",\"target\":[\"https:\/\/www.sef-italia.it\/index.php\/2020\/04\/16\/basta-chiacchiere-facciamo-qualcosa-di-reale-per-salvare-i-nostri-cavalli\/\"]}]},{\"@type\":\"ImageObject\",\"inLanguage\":\"it-IT\",\"@id\":\"https:\/\/www.sef-italia.it\/index.php\/2020\/04\/16\/basta-chiacchiere-facciamo-qualcosa-di-reale-per-salvare-i-nostri-cavalli\/#primaryimage\",\"url\":\"https:\/\/www.sef-italia.it\/wp-content\/uploads\/2020\/04\/10-scaled.jpg\",\"contentUrl\":\"https:\/\/www.sef-italia.it\/wp-content\/uploads\/2020\/04\/10-scaled.jpg\",\"width\":2048,\"height\":1497,\"caption\":\"horse eye - soft focus with film filter\"},{\"@type\":\"BreadcrumbList\",\"@id\":\"https:\/\/www.sef-italia.it\/index.php\/2020\/04\/16\/basta-chiacchiere-facciamo-qualcosa-di-reale-per-salvare-i-nostri-cavalli\/#breadcrumb\",\"itemListElement\":[{\"@type\":\"ListItem\",\"position\":1,\"name\":\"Home\",\"item\":\"https:\/\/www.sef-italia.it\/\"},{\"@type\":\"ListItem\",\"position\":2,\"name\":\"BASTA CHIACCHIERE, FACCIAMO QUALCOSA DI REALE PER SALVARE I NOSTRI CAVALLI\"}]},{\"@type\":\"WebSite\",\"@id\":\"https:\/\/www.sef-italia.it\/#website\",\"url\":\"https:\/\/www.sef-italia.it\/\",\"name\":\"SEF Italia\",\"description\":\"Il nuovo sito SEF Italia\",\"publisher\":{\"@id\":\"https:\/\/www.sef-italia.it\/#organization\"},\"potentialAction\":[{\"@type\":\"SearchAction\",\"target\":{\"@type\":\"EntryPoint\",\"urlTemplate\":\"https:\/\/www.sef-italia.it\/?s={search_term_string}\"},\"query-input\":{\"@type\":\"PropertyValueSpecification\",\"valueRequired\":true,\"valueName\":\"search_term_string\"}}],\"inLanguage\":\"it-IT\"},{\"@type\":\"Organization\",\"@id\":\"https:\/\/www.sef-italia.it\/#organization\",\"name\":\"SEF Italia\",\"url\":\"https:\/\/www.sef-italia.it\/\",\"logo\":{\"@type\":\"ImageObject\",\"inLanguage\":\"it-IT\",\"@id\":\"https:\/\/www.sef-italia.it\/#\/schema\/logo\/image\/\",\"url\":\"https:\/\/www.sef-italia.it\/wp-content\/uploads\/2018\/01\/logoSEF_QUADRATO-.jpg\",\"contentUrl\":\"https:\/\/www.sef-italia.it\/wp-content\/uploads\/2018\/01\/logoSEF_QUADRATO-.jpg\",\"width\":600,\"height\":600,\"caption\":\"SEF Italia\"},\"image\":{\"@id\":\"https:\/\/www.sef-italia.it\/#\/schema\/logo\/image\/\"},\"sameAs\":[\"https:\/\/www.facebook.com\/scuolaequestrediformazione\/\",\"https:\/\/x.com\/sef_italia\",\"https:\/\/www.youtube.com\/channel\/UCcEMamL3elnrqfrtIT8sh7g?view_as=subscriber\"]},{\"@type\":\"Person\",\"@id\":\"https:\/\/www.sef-italia.it\/#\/schema\/person\/98bbf141ebc34928c1b6b3262203ee9e\",\"name\":\"Maria Teresa Bevilacqua\",\"image\":{\"@type\":\"ImageObject\",\"inLanguage\":\"it-IT\",\"@id\":\"https:\/\/www.sef-italia.it\/#\/schema\/person\/image\/\",\"url\":\"https:\/\/secure.gravatar.com\/avatar\/15e0000cbd79bf458c75ba2fc416b0c2?s=96&d=mm&r=g\",\"contentUrl\":\"https:\/\/secure.gravatar.com\/avatar\/15e0000cbd79bf458c75ba2fc416b0c2?s=96&d=mm&r=g\",\"caption\":\"Maria Teresa Bevilacqua\"},\"url\":\"https:\/\/www.sef-italia.it\/index.php\/author\/mariateresa\/\"}]}<\/script>\r\n<!-- \/ Yoast SEO plugin. -->","yoast_head_json":{"title":"BASTA CHIACCHIERE, FACCIAMO QUALCOSA DI REALE PER SALVARE I NOSTRI CAVALLI - SEF Italia","robots":{"index":"index","follow":"follow","max-snippet":"max-snippet:-1","max-image-preview":"max-image-preview:large","max-video-preview":"max-video-preview:-1"},"canonical":"https:\/\/www.sef-italia.it\/index.php\/2020\/04\/16\/basta-chiacchiere-facciamo-qualcosa-di-reale-per-salvare-i-nostri-cavalli\/","og_locale":"it_IT","og_type":"article","og_title":"BASTA CHIACCHIERE, FACCIAMO QUALCOSA DI REALE PER SALVARE I NOSTRI CAVALLI - SEF Italia","og_description":"Il mondo dell&#8217;equitazione si aspettava da Noi e dal Presidente della FISE, vista la grave emergenza economica che sta colpendo tutti i [&hellip;]","og_url":"https:\/\/www.sef-italia.it\/index.php\/2020\/04\/16\/basta-chiacchiere-facciamo-qualcosa-di-reale-per-salvare-i-nostri-cavalli\/","og_site_name":"SEF Italia","article_publisher":"https:\/\/www.facebook.com\/scuolaequestrediformazione\/","article_published_time":"2020-04-16T08:14:10+00:00","og_image":[{"width":2048,"height":1497,"url":"https:\/\/www.sef-italia.it\/wp-content\/uploads\/2020\/04\/10-scaled.jpg","type":"image\/jpeg"}],"author":"Maria Teresa Bevilacqua","twitter_card":"summary_large_image","twitter_creator":"@sef_italia","twitter_site":"@sef_italia","twitter_misc":{"Scritto da":"Maria Teresa Bevilacqua","Tempo di lettura stimato":"4 minuti"},"schema":{"@context":"https:\/\/schema.org","@graph":[{"@type":"Article","@id":"https:\/\/www.sef-italia.it\/index.php\/2020\/04\/16\/basta-chiacchiere-facciamo-qualcosa-di-reale-per-salvare-i-nostri-cavalli\/#article","isPartOf":{"@id":"https:\/\/www.sef-italia.it\/index.php\/2020\/04\/16\/basta-chiacchiere-facciamo-qualcosa-di-reale-per-salvare-i-nostri-cavalli\/"},"author":{"name":"Maria Teresa Bevilacqua","@id":"https:\/\/www.sef-italia.it\/#\/schema\/person\/98bbf141ebc34928c1b6b3262203ee9e"},"headline":"BASTA CHIACCHIERE, FACCIAMO QUALCOSA DI REALE PER SALVARE I NOSTRI CAVALLI","datePublished":"2020-04-16T08:14:10+00:00","mainEntityOfPage":{"@id":"https:\/\/www.sef-italia.it\/index.php\/2020\/04\/16\/basta-chiacchiere-facciamo-qualcosa-di-reale-per-salvare-i-nostri-cavalli\/"},"wordCount":786,"commentCount":0,"publisher":{"@id":"https:\/\/www.sef-italia.it\/#organization"},"image":{"@id":"https:\/\/www.sef-italia.it\/index.php\/2020\/04\/16\/basta-chiacchiere-facciamo-qualcosa-di-reale-per-salvare-i-nostri-cavalli\/#primaryimage"},"thumbnailUrl":"https:\/\/www.sef-italia.it\/wp-content\/uploads\/2020\/04\/10-scaled.jpg","articleSection":["Eventi","News"],"inLanguage":"it-IT","potentialAction":[{"@type":"CommentAction","name":"Comment","target":["https:\/\/www.sef-italia.it\/index.php\/2020\/04\/16\/basta-chiacchiere-facciamo-qualcosa-di-reale-per-salvare-i-nostri-cavalli\/#respond"]}]},{"@type":"WebPage","@id":"https:\/\/www.sef-italia.it\/index.php\/2020\/04\/16\/basta-chiacchiere-facciamo-qualcosa-di-reale-per-salvare-i-nostri-cavalli\/","url":"https:\/\/www.sef-italia.it\/index.php\/2020\/04\/16\/basta-chiacchiere-facciamo-qualcosa-di-reale-per-salvare-i-nostri-cavalli\/","name":"BASTA CHIACCHIERE, FACCIAMO QUALCOSA DI REALE PER SALVARE I NOSTRI CAVALLI - SEF Italia","isPartOf":{"@id":"https:\/\/www.sef-italia.it\/#website"},"primaryImageOfPage":{"@id":"https:\/\/www.sef-italia.it\/index.php\/2020\/04\/16\/basta-chiacchiere-facciamo-qualcosa-di-reale-per-salvare-i-nostri-cavalli\/#primaryimage"},"image":{"@id":"https:\/\/www.sef-italia.it\/index.php\/2020\/04\/16\/basta-chiacchiere-facciamo-qualcosa-di-reale-per-salvare-i-nostri-cavalli\/#primaryimage"},"thumbnailUrl":"https:\/\/www.sef-italia.it\/wp-content\/uploads\/2020\/04\/10-scaled.jpg","datePublished":"2020-04-16T08:14:10+00:00","breadcrumb":{"@id":"https:\/\/www.sef-italia.it\/index.php\/2020\/04\/16\/basta-chiacchiere-facciamo-qualcosa-di-reale-per-salvare-i-nostri-cavalli\/#breadcrumb"},"inLanguage":"it-IT","potentialAction":[{"@type":"ReadAction","target":["https:\/\/www.sef-italia.it\/index.php\/2020\/04\/16\/basta-chiacchiere-facciamo-qualcosa-di-reale-per-salvare-i-nostri-cavalli\/"]}]},{"@type":"ImageObject","inLanguage":"it-IT","@id":"https:\/\/www.sef-italia.it\/index.php\/2020\/04\/16\/basta-chiacchiere-facciamo-qualcosa-di-reale-per-salvare-i-nostri-cavalli\/#primaryimage","url":"https:\/\/www.sef-italia.it\/wp-content\/uploads\/2020\/04\/10-scaled.jpg","contentUrl":"https:\/\/www.sef-italia.it\/wp-content\/uploads\/2020\/04\/10-scaled.jpg","width":2048,"height":1497,"caption":"horse eye - soft focus with film filter"},{"@type":"BreadcrumbList","@id":"https:\/\/www.sef-italia.it\/index.php\/2020\/04\/16\/basta-chiacchiere-facciamo-qualcosa-di-reale-per-salvare-i-nostri-cavalli\/#breadcrumb","itemListElement":[{"@type":"ListItem","position":1,"name":"Home","item":"https:\/\/www.sef-italia.it\/"},{"@type":"ListItem","position":2,"name":"BASTA CHIACCHIERE, FACCIAMO QUALCOSA DI REALE PER SALVARE I NOSTRI CAVALLI"}]},{"@type":"WebSite","@id":"https:\/\/www.sef-italia.it\/#website","url":"https:\/\/www.sef-italia.it\/","name":"SEF Italia","description":"Il nuovo sito SEF Italia","publisher":{"@id":"https:\/\/www.sef-italia.it\/#organization"},"potentialAction":[{"@type":"SearchAction","target":{"@type":"EntryPoint","urlTemplate":"https:\/\/www.sef-italia.it\/?s={search_term_string}"},"query-input":{"@type":"PropertyValueSpecification","valueRequired":true,"valueName":"search_term_string"}}],"inLanguage":"it-IT"},{"@type":"Organization","@id":"https:\/\/www.sef-italia.it\/#organization","name":"SEF Italia","url":"https:\/\/www.sef-italia.it\/","logo":{"@type":"ImageObject","inLanguage":"it-IT","@id":"https:\/\/www.sef-italia.it\/#\/schema\/logo\/image\/","url":"https:\/\/www.sef-italia.it\/wp-content\/uploads\/2018\/01\/logoSEF_QUADRATO-.jpg","contentUrl":"https:\/\/www.sef-italia.it\/wp-content\/uploads\/2018\/01\/logoSEF_QUADRATO-.jpg","width":600,"height":600,"caption":"SEF Italia"},"image":{"@id":"https:\/\/www.sef-italia.it\/#\/schema\/logo\/image\/"},"sameAs":["https:\/\/www.facebook.com\/scuolaequestrediformazione\/","https:\/\/x.com\/sef_italia","https:\/\/www.youtube.com\/channel\/UCcEMamL3elnrqfrtIT8sh7g?view_as=subscriber"]},{"@type":"Person","@id":"https:\/\/www.sef-italia.it\/#\/schema\/person\/98bbf141ebc34928c1b6b3262203ee9e","name":"Maria Teresa Bevilacqua","image":{"@type":"ImageObject","inLanguage":"it-IT","@id":"https:\/\/www.sef-italia.it\/#\/schema\/person\/image\/","url":"https:\/\/secure.gravatar.com\/avatar\/15e0000cbd79bf458c75ba2fc416b0c2?s=96&d=mm&r=g","contentUrl":"https:\/\/secure.gravatar.com\/avatar\/15e0000cbd79bf458c75ba2fc416b0c2?s=96&d=mm&r=g","caption":"Maria Teresa Bevilacqua"},"url":"https:\/\/www.sef-italia.it\/index.php\/author\/mariateresa\/"}]}},"_links":{"self":[{"href":"https:\/\/www.sef-italia.it\/index.php\/wp-json\/wp\/v2\/posts\/15663"}],"collection":[{"href":"https:\/\/www.sef-italia.it\/index.php\/wp-json\/wp\/v2\/posts"}],"about":[{"href":"https:\/\/www.sef-italia.it\/index.php\/wp-json\/wp\/v2\/types\/post"}],"author":[{"embeddable":true,"href":"https:\/\/www.sef-italia.it\/index.php\/wp-json\/wp\/v2\/users\/83"}],"replies":[{"embeddable":true,"href":"https:\/\/www.sef-italia.it\/index.php\/wp-json\/wp\/v2\/comments?post=15663"}],"version-history":[{"count":1,"href":"https:\/\/www.sef-italia.it\/index.php\/wp-json\/wp\/v2\/posts\/15663\/revisions"}],"predecessor-version":[{"id":15665,"href":"https:\/\/www.sef-italia.it\/index.php\/wp-json\/wp\/v2\/posts\/15663\/revisions\/15665"}],"wp:featuredmedia":[{"embeddable":true,"href":"https:\/\/www.sef-italia.it\/index.php\/wp-json\/wp\/v2\/media\/15664"}],"wp:attachment":[{"href":"https:\/\/www.sef-italia.it\/index.php\/wp-json\/wp\/v2\/media?parent=15663"}],"wp:term":[{"taxonomy":"category","embeddable":true,"href":"https:\/\/www.sef-italia.it\/index.php\/wp-json\/wp\/v2\/categories?post=15663"},{"taxonomy":"post_tag","embeddable":true,"href":"https:\/\/www.sef-italia.it\/index.php\/wp-json\/wp\/v2\/tags?post=15663"}],"curies":[{"name":"wp","href":"https:\/\/api.w.org\/{rel}","templated":true}]}}