{"id":16528,"date":"2020-06-09T10:15:37","date_gmt":"2020-06-09T08:15:37","guid":{"rendered":"http:\/\/www.sef-italia.it\/?p=16528"},"modified":"2020-06-09T10:15:38","modified_gmt":"2020-06-09T08:15:38","slug":"contributo-a-fondo-perduto-requisiti-importi-e-sanzioni","status":"publish","type":"post","link":"https:\/\/www.sef-italia.it\/index.php\/2020\/06\/09\/contributo-a-fondo-perduto-requisiti-importi-e-sanzioni\/","title":{"rendered":"Contributo a fondo perduto: requisiti, importi e sanzioni"},"content":{"rendered":"<p>Contributo a fondo perduto, tante le novit\u00e0 del DL Rilancio:<br \/>\n\u00b7 i requisiti dei beneficiari,<br \/>\n\u00b7 gli importi dei finanziamenti,<br \/>\n\u00b7 come fare domanda all\u2019 Agenzia delle Entrate,<br \/>\n\u00b7 sanzioni salate nei casi di irregolarit\u00e0.<\/p>\n<p style=\"text-align: justify;\">Contributo a fondo perduto nel Decreto Rilancio, tante le novit\u00e0 del provvedimento pubblicato in Gazzetta Ufficiale il 19 maggio 2020.<br \/>\nCome si fa la domanda, quali sono i requisiti richiesti, come si effettua il calcolo?<br \/>\nLe risposte a queste domande si trovano nell\u2019 articolo 25 del DL Rilancio, cos\u00ec come le categorie escluse.<br \/>\nI contributi a fondo perduto possono essere richiesti dalle partite IVA, mentre al momento sono esclusi i professionisti iscritti agli Ordini e gli autonomi iscritti alla gestione separata INPS, prevedendo sanzioni severe nei casi di irregolarit\u00e0.<br \/>\nEcco una panoramica su tutto quello che riguarda i finanziamenti a fondo perduto in attesa che l\u2019Agenzia delle Entrate emani il provvedimento con cui si potr\u00e0 accedere alla domanda.<\/p>\n<p style=\"text-align: justify;\"><strong>Contributo a fondo perduto DL Rilancio: requisiti, importi e sanzioni<\/strong><br \/>\n\u00b7 Contributo a fondo perduto: requisiti dei beneficiari<br \/>\n\u00b7 Soggetti esclusi dal contributo a fondo perduto<br \/>\n\u00b7 Contributi a fondo perduto: come si calcola l\u2019importo?<br \/>\n\u00b7 Come e quando fare domanda per il contributo a fondo perduto<br \/>\n\u00b7 Contributo a fondo perduto: controlli e sanzioni<\/p>\n<p style=\"text-align: justify;\"><strong>Contributo a fondo perduto Decreto Rilancio: requisiti dei beneficiari<\/strong><br \/>\nLa normativa \u00e8 racchiusa nell\u2019articolo 25 del D.L. Rilancio N.34\/2020; pu\u00f2 essere richiesto dai soggetti che hanno sub\u00ecto danni economici a seguito dell\u2019emergenza sanitaria e che rispecchiano tutti i requisiti.<br \/>\nIn particolare, possono richiedere il contributo a fondo perduto i titolari di partita IVA esercenti attivit\u00e0 d\u2019impresa, lavoro autonomo e di reddito agrario:<br \/>\n\u00b7 con ricavi o compensi non superiori a 5 milioni di euro nel 2019;<br \/>\n\u00b7 se il fatturato di aprile 2020 ha subito una riduzione del 33% rispetto al fatturato di aprile 2019;<br \/>\n\u00b7 se hanno iniziato l\u2019attivit\u00e0 a partire dal 1\u00b0 gennaio 2019;<br \/>\n\u00b7 se hanno il domicilio fiscale o la sede operativa nel territorio dei Comuni in cui lo stato di emergenza per eventi calamitosi era in vigore quando \u00e8 stato dichiarato lo stato di emergenza sanitaria (ovvero il 31 gennaio 2020).<br \/>\nLe ultime due categorie hanno diritto al contributo a fondo perduto anche senza il requisito di riduzione di un terzo del fatturato.<\/p>\n<p style=\"text-align: justify;\"><strong>Soggetti esclusi dal contributo a fondo perduto i seguenti soggetti<\/strong><br \/>\n\u00b7 soggetti la cui attivit\u00e0 risulti cessata alla data del 31 marzo 2020;<br \/>\n\u00b7 gli enti pubblici;<br \/>\n\u00b7 gli intermediari finanziari;<br \/>\n\u00b7 le societ\u00e0 di partecipazioni finanziarie e non finanziarie;<br \/>\n\u00b7 le partite IVA che hanno diritto al bonus previsto dal decreto Cura Italia;<br \/>\n\u00b7 i beneficiari del reddito di ultima istanza;<br \/>\n\u00b7 i professionisti iscritti agli Ordini.<\/p>\n<p style=\"text-align: justify;\"><strong>Contributo a fondo perduto: come si calcola l\u2019importo?<\/strong><br \/>\nPer determinare correttamente gli importi del contributo a fondo perduto si fa riferimento alla data di effettuazione dell\u2019operazione di cessione di beni o di prestazione dei servizi.<br \/>\nL\u2019ammontare del contributo a fondo perduto \u00e8 determinato applicando una percentuale alla differenza tra l\u2019ammontare del fatturato di aprile 2020 e l\u2019ammontare del fatturato di aprile 2019:<br \/>\n\u00b7 20% per soggetti con ricavi o compensi non superiori a 400.000\u20ac;<br \/>\n\u00b7 15% per soggetti con ricavi o compensi compresi tra 400.000\u20ac e 1.000.000\u20ac;<br \/>\n\u00b7 10% per soggetti con ricavi o compensi compresi tra 1.000.000\u20ac e 5.000.000\u20ac.<br \/>\nIl contributo non concorre alla formazione della base imponibile delle imposte sui redditi. L\u2019importo minimo del contributo a fondo perduto in ogni caso sar\u00e0 pari a 1.000 euro per le persone fisiche e 2.000 euro per i soggetti diversi.<\/p>\n<p style=\"text-align: justify;\"><strong>Come e quando fare domanda per i contributi a fondo perduto<\/strong><br \/>\nPer poter ottenere il contributo a fondo perduto, i soggetti in possesso dei requisiti devono produrre un\u2019istanza all\u2019Agenzia delle Entrate, esclusivamente in via telematica e con l\u2019ausilio di un intermediario abilitato, delegato al servizio del cassetto fiscale dell\u2019Agenzia delle Entrate e\/o ai servizi per la fatturazione elettronica.<br \/>\nSar\u00e0 l\u2019Agenzia delle Entrate stessa a definire le modalit\u00e0 di presentazione della domanda, tramite un provvedimento che verr\u00e0 pubblicato prossimamente e che conterr\u00e0 anche la data di avvio della procedura telematica; da quel giorno in poi, i soggetti interessati avranno 60 giorni di tempo per presentare la domanda.<br \/>\nAl momento, tra gli elementi richiesti, spicca un\u2019autocertificazione di regolarit\u00e0 antimafia relativa ai richiedenti e a tutti i soggetti da sottoporre alla verifica di cui all\u2019art. 85, D.lgs. n. 159\/2011.<\/p>\n<p style=\"text-align: justify;\"><strong>Chi effettuer\u00e0 i controlli e in che misura saranno previste le sanzioni<\/strong><br \/>\nPer chi rilascia false autocertificazioni antimafia sono previsti da due a sei anni di reclusione, e in caso di erogazione del contributo, l\u2019Agenzia delle Entrate provveder\u00e0 al recupero delle somme non spettanti, maggiorate dalle sanzioni (dal 100 al 200% dell\u2019importo<br \/>\nerogato e non spettante) e gli interessi del 4% annuo. Saranno Agenzia delle Entrate e Guardia di Finanza a occuparsi delle opportune verifiche.<\/p>\n<p style=\"text-align: justify;\">Inoltre, non \u00e8 neppure possibile fruire della definizione agevolata prevista dagli articoli 16, comma 3, e 17, comma 2, D.lgs. n. 472\/1997.<br \/>\nQualora successivamente all\u2019erogazione del contributo, l\u2019attivit\u00e0 di impresa o di lavoro autonomo cessi o le societ\u00e0 e gli altri enti percettori cessino l\u2019attivit\u00e0, il soggetto firmatario dell\u2019istanza inviata in via telematica all\u2019Agenzia delle Entrate \u00e8 tenuto a conservare tutti gli elementi giustificativi del contributo spettante e a esibirli a richiesta all\u2019 amministrazione finanziaria. In questi casi, l\u2019atto di recupero \u00e8 emanato nei confronti del soggetto firmatario dell\u2019istanza\u201d.<br \/>\nCi\u00f2 significa che l\u2019Agenzia delle Entrate potr\u00e0 rivolgersi direttamente all\u2019 amministratore che ha sottoscritto l\u2019istanza con la richiesta dal contributo per il recupero dello indebitamente erogato.<br \/>\nSi ribadisce che si \u00e8 in attesa che nei prossimi giorni (seconda quindicina di giugno) venga emanato il provvedimento attuativo\u00a0da parte dell\u2019Agenzia delle Entrate con la procedura WEB cosicch\u00e9 si possa procedere all\u2019 elaborazione ed invio delle istanze.<\/p>\n<p><a href=\"http:\/\/www.sef-italia.it\/wp-content\/uploads\/2020\/06\/Istanza_per_il_riconoscimento_a_fondo_perduto.pdf\">Istanza_per_il_riconoscimento_a_fondo_perduto<\/a><\/p>\n<p style=\"text-align: justify;\"><em><strong>Studio SARP s.a.s.<\/strong><\/em><\/p>\n","protected":false},"excerpt":{"rendered":"<p>Contributo a fondo perduto, tante le novit\u00e0 del DL Rilancio: \u00b7 i requisiti dei beneficiari, \u00b7 gli importi dei finanziamenti, \u00b7 come [&hellip;]<\/p>\n","protected":false},"author":83,"featured_media":16533,"comment_status":"open","ping_status":"open","sticky":false,"template":"","format":"standard","meta":{"footnotes":""},"categories":[30,1],"tags":[],"yoast_head":"<!-- This site is optimized with the Yoast SEO plugin v24.5 - https:\/\/yoast.com\/wordpress\/plugins\/seo\/ -->\r\n<title>Contributo a fondo perduto: requisiti, importi e sanzioni - SEF Italia<\/title>\r\n<meta name=\"robots\" content=\"index, follow, max-snippet:-1, max-image-preview:large, max-video-preview:-1\" \/>\r\n<link rel=\"canonical\" href=\"https:\/\/www.sef-italia.it\/index.php\/2020\/06\/09\/contributo-a-fondo-perduto-requisiti-importi-e-sanzioni\/\" \/>\r\n<meta property=\"og:locale\" content=\"it_IT\" \/>\r\n<meta property=\"og:type\" content=\"article\" \/>\r\n<meta property=\"og:title\" content=\"Contributo a fondo perduto: requisiti, importi e sanzioni - SEF Italia\" \/>\r\n<meta property=\"og:description\" content=\"Contributo a fondo perduto, tante le novit\u00e0 del DL Rilancio: \u00b7 i requisiti dei beneficiari, \u00b7 gli importi dei finanziamenti, \u00b7 come [&hellip;]\" \/>\r\n<meta property=\"og:url\" content=\"https:\/\/www.sef-italia.it\/index.php\/2020\/06\/09\/contributo-a-fondo-perduto-requisiti-importi-e-sanzioni\/\" \/>\r\n<meta property=\"og:site_name\" content=\"SEF Italia\" \/>\r\n<meta property=\"article:publisher\" content=\"https:\/\/www.facebook.com\/scuolaequestrediformazione\/\" \/>\r\n<meta property=\"article:published_time\" content=\"2020-06-09T08:15:37+00:00\" \/>\r\n<meta property=\"article:modified_time\" content=\"2020-06-09T08:15:38+00:00\" \/>\r\n<meta property=\"og:image\" content=\"https:\/\/www.sef-italia.it\/wp-content\/uploads\/2020\/06\/CONTRIBUTO-A-FONDO-PERDUTO.png\" \/>\r\n\t<meta property=\"og:image:width\" content=\"1000\" \/>\r\n\t<meta property=\"og:image:height\" content=\"347\" \/>\r\n\t<meta property=\"og:image:type\" content=\"image\/png\" \/>\r\n<meta name=\"author\" content=\"Maria Teresa Bevilacqua\" \/>\r\n<meta name=\"twitter:card\" content=\"summary_large_image\" \/>\r\n<meta name=\"twitter:creator\" content=\"@sef_italia\" \/>\r\n<meta name=\"twitter:site\" content=\"@sef_italia\" \/>\r\n<meta name=\"twitter:label1\" content=\"Scritto da\" \/>\n\t<meta name=\"twitter:data1\" content=\"Maria Teresa Bevilacqua\" \/>\n\t<meta name=\"twitter:label2\" content=\"Tempo di lettura stimato\" \/>\n\t<meta name=\"twitter:data2\" content=\"5 minuti\" \/>\r\n<script type=\"application\/ld+json\" class=\"yoast-schema-graph\">{\"@context\":\"https:\/\/schema.org\",\"@graph\":[{\"@type\":\"Article\",\"@id\":\"https:\/\/www.sef-italia.it\/index.php\/2020\/06\/09\/contributo-a-fondo-perduto-requisiti-importi-e-sanzioni\/#article\",\"isPartOf\":{\"@id\":\"https:\/\/www.sef-italia.it\/index.php\/2020\/06\/09\/contributo-a-fondo-perduto-requisiti-importi-e-sanzioni\/\"},\"author\":{\"name\":\"Maria Teresa Bevilacqua\",\"@id\":\"https:\/\/www.sef-italia.it\/#\/schema\/person\/98bbf141ebc34928c1b6b3262203ee9e\"},\"headline\":\"Contributo a fondo perduto: requisiti, importi e sanzioni\",\"datePublished\":\"2020-06-09T08:15:37+00:00\",\"dateModified\":\"2020-06-09T08:15:38+00:00\",\"mainEntityOfPage\":{\"@id\":\"https:\/\/www.sef-italia.it\/index.php\/2020\/06\/09\/contributo-a-fondo-perduto-requisiti-importi-e-sanzioni\/\"},\"wordCount\":936,\"commentCount\":0,\"publisher\":{\"@id\":\"https:\/\/www.sef-italia.it\/#organization\"},\"image\":{\"@id\":\"https:\/\/www.sef-italia.it\/index.php\/2020\/06\/09\/contributo-a-fondo-perduto-requisiti-importi-e-sanzioni\/#primaryimage\"},\"thumbnailUrl\":\"https:\/\/www.sef-italia.it\/wp-content\/uploads\/2020\/06\/CONTRIBUTO-A-FONDO-PERDUTO.png\",\"articleSection\":[\"Fisco\",\"News\"],\"inLanguage\":\"it-IT\",\"potentialAction\":[{\"@type\":\"CommentAction\",\"name\":\"Comment\",\"target\":[\"https:\/\/www.sef-italia.it\/index.php\/2020\/06\/09\/contributo-a-fondo-perduto-requisiti-importi-e-sanzioni\/#respond\"]}]},{\"@type\":\"WebPage\",\"@id\":\"https:\/\/www.sef-italia.it\/index.php\/2020\/06\/09\/contributo-a-fondo-perduto-requisiti-importi-e-sanzioni\/\",\"url\":\"https:\/\/www.sef-italia.it\/index.php\/2020\/06\/09\/contributo-a-fondo-perduto-requisiti-importi-e-sanzioni\/\",\"name\":\"Contributo a fondo perduto: requisiti, importi e sanzioni - SEF Italia\",\"isPartOf\":{\"@id\":\"https:\/\/www.sef-italia.it\/#website\"},\"primaryImageOfPage\":{\"@id\":\"https:\/\/www.sef-italia.it\/index.php\/2020\/06\/09\/contributo-a-fondo-perduto-requisiti-importi-e-sanzioni\/#primaryimage\"},\"image\":{\"@id\":\"https:\/\/www.sef-italia.it\/index.php\/2020\/06\/09\/contributo-a-fondo-perduto-requisiti-importi-e-sanzioni\/#primaryimage\"},\"thumbnailUrl\":\"https:\/\/www.sef-italia.it\/wp-content\/uploads\/2020\/06\/CONTRIBUTO-A-FONDO-PERDUTO.png\",\"datePublished\":\"2020-06-09T08:15:37+00:00\",\"dateModified\":\"2020-06-09T08:15:38+00:00\",\"breadcrumb\":{\"@id\":\"https:\/\/www.sef-italia.it\/index.php\/2020\/06\/09\/contributo-a-fondo-perduto-requisiti-importi-e-sanzioni\/#breadcrumb\"},\"inLanguage\":\"it-IT\",\"potentialAction\":[{\"@type\":\"ReadAction\",\"target\":[\"https:\/\/www.sef-italia.it\/index.php\/2020\/06\/09\/contributo-a-fondo-perduto-requisiti-importi-e-sanzioni\/\"]}]},{\"@type\":\"ImageObject\",\"inLanguage\":\"it-IT\",\"@id\":\"https:\/\/www.sef-italia.it\/index.php\/2020\/06\/09\/contributo-a-fondo-perduto-requisiti-importi-e-sanzioni\/#primaryimage\",\"url\":\"https:\/\/www.sef-italia.it\/wp-content\/uploads\/2020\/06\/CONTRIBUTO-A-FONDO-PERDUTO.png\",\"contentUrl\":\"https:\/\/www.sef-italia.it\/wp-content\/uploads\/2020\/06\/CONTRIBUTO-A-FONDO-PERDUTO.png\",\"width\":1000,\"height\":347},{\"@type\":\"BreadcrumbList\",\"@id\":\"https:\/\/www.sef-italia.it\/index.php\/2020\/06\/09\/contributo-a-fondo-perduto-requisiti-importi-e-sanzioni\/#breadcrumb\",\"itemListElement\":[{\"@type\":\"ListItem\",\"position\":1,\"name\":\"Home\",\"item\":\"https:\/\/www.sef-italia.it\/\"},{\"@type\":\"ListItem\",\"position\":2,\"name\":\"Contributo a fondo perduto: requisiti, importi e sanzioni\"}]},{\"@type\":\"WebSite\",\"@id\":\"https:\/\/www.sef-italia.it\/#website\",\"url\":\"https:\/\/www.sef-italia.it\/\",\"name\":\"SEF Italia\",\"description\":\"Il nuovo sito SEF Italia\",\"publisher\":{\"@id\":\"https:\/\/www.sef-italia.it\/#organization\"},\"potentialAction\":[{\"@type\":\"SearchAction\",\"target\":{\"@type\":\"EntryPoint\",\"urlTemplate\":\"https:\/\/www.sef-italia.it\/?s={search_term_string}\"},\"query-input\":{\"@type\":\"PropertyValueSpecification\",\"valueRequired\":true,\"valueName\":\"search_term_string\"}}],\"inLanguage\":\"it-IT\"},{\"@type\":\"Organization\",\"@id\":\"https:\/\/www.sef-italia.it\/#organization\",\"name\":\"SEF Italia\",\"url\":\"https:\/\/www.sef-italia.it\/\",\"logo\":{\"@type\":\"ImageObject\",\"inLanguage\":\"it-IT\",\"@id\":\"https:\/\/www.sef-italia.it\/#\/schema\/logo\/image\/\",\"url\":\"https:\/\/www.sef-italia.it\/wp-content\/uploads\/2018\/01\/logoSEF_QUADRATO-.jpg\",\"contentUrl\":\"https:\/\/www.sef-italia.it\/wp-content\/uploads\/2018\/01\/logoSEF_QUADRATO-.jpg\",\"width\":600,\"height\":600,\"caption\":\"SEF Italia\"},\"image\":{\"@id\":\"https:\/\/www.sef-italia.it\/#\/schema\/logo\/image\/\"},\"sameAs\":[\"https:\/\/www.facebook.com\/scuolaequestrediformazione\/\",\"https:\/\/x.com\/sef_italia\",\"https:\/\/www.youtube.com\/channel\/UCcEMamL3elnrqfrtIT8sh7g?view_as=subscriber\"]},{\"@type\":\"Person\",\"@id\":\"https:\/\/www.sef-italia.it\/#\/schema\/person\/98bbf141ebc34928c1b6b3262203ee9e\",\"name\":\"Maria Teresa Bevilacqua\",\"image\":{\"@type\":\"ImageObject\",\"inLanguage\":\"it-IT\",\"@id\":\"https:\/\/www.sef-italia.it\/#\/schema\/person\/image\/\",\"url\":\"https:\/\/secure.gravatar.com\/avatar\/15e0000cbd79bf458c75ba2fc416b0c2?s=96&d=mm&r=g\",\"contentUrl\":\"https:\/\/secure.gravatar.com\/avatar\/15e0000cbd79bf458c75ba2fc416b0c2?s=96&d=mm&r=g\",\"caption\":\"Maria Teresa Bevilacqua\"},\"url\":\"https:\/\/www.sef-italia.it\/index.php\/author\/mariateresa\/\"}]}<\/script>\r\n<!-- \/ Yoast SEO plugin. -->","yoast_head_json":{"title":"Contributo a fondo perduto: requisiti, importi e sanzioni - SEF Italia","robots":{"index":"index","follow":"follow","max-snippet":"max-snippet:-1","max-image-preview":"max-image-preview:large","max-video-preview":"max-video-preview:-1"},"canonical":"https:\/\/www.sef-italia.it\/index.php\/2020\/06\/09\/contributo-a-fondo-perduto-requisiti-importi-e-sanzioni\/","og_locale":"it_IT","og_type":"article","og_title":"Contributo a fondo perduto: requisiti, importi e sanzioni - SEF Italia","og_description":"Contributo a fondo perduto, tante le novit\u00e0 del DL Rilancio: \u00b7 i requisiti dei beneficiari, \u00b7 gli importi dei finanziamenti, \u00b7 come [&hellip;]","og_url":"https:\/\/www.sef-italia.it\/index.php\/2020\/06\/09\/contributo-a-fondo-perduto-requisiti-importi-e-sanzioni\/","og_site_name":"SEF Italia","article_publisher":"https:\/\/www.facebook.com\/scuolaequestrediformazione\/","article_published_time":"2020-06-09T08:15:37+00:00","article_modified_time":"2020-06-09T08:15:38+00:00","og_image":[{"width":1000,"height":347,"url":"https:\/\/www.sef-italia.it\/wp-content\/uploads\/2020\/06\/CONTRIBUTO-A-FONDO-PERDUTO.png","type":"image\/png"}],"author":"Maria Teresa Bevilacqua","twitter_card":"summary_large_image","twitter_creator":"@sef_italia","twitter_site":"@sef_italia","twitter_misc":{"Scritto da":"Maria Teresa Bevilacqua","Tempo di lettura stimato":"5 minuti"},"schema":{"@context":"https:\/\/schema.org","@graph":[{"@type":"Article","@id":"https:\/\/www.sef-italia.it\/index.php\/2020\/06\/09\/contributo-a-fondo-perduto-requisiti-importi-e-sanzioni\/#article","isPartOf":{"@id":"https:\/\/www.sef-italia.it\/index.php\/2020\/06\/09\/contributo-a-fondo-perduto-requisiti-importi-e-sanzioni\/"},"author":{"name":"Maria Teresa Bevilacqua","@id":"https:\/\/www.sef-italia.it\/#\/schema\/person\/98bbf141ebc34928c1b6b3262203ee9e"},"headline":"Contributo a fondo perduto: requisiti, importi e sanzioni","datePublished":"2020-06-09T08:15:37+00:00","dateModified":"2020-06-09T08:15:38+00:00","mainEntityOfPage":{"@id":"https:\/\/www.sef-italia.it\/index.php\/2020\/06\/09\/contributo-a-fondo-perduto-requisiti-importi-e-sanzioni\/"},"wordCount":936,"commentCount":0,"publisher":{"@id":"https:\/\/www.sef-italia.it\/#organization"},"image":{"@id":"https:\/\/www.sef-italia.it\/index.php\/2020\/06\/09\/contributo-a-fondo-perduto-requisiti-importi-e-sanzioni\/#primaryimage"},"thumbnailUrl":"https:\/\/www.sef-italia.it\/wp-content\/uploads\/2020\/06\/CONTRIBUTO-A-FONDO-PERDUTO.png","articleSection":["Fisco","News"],"inLanguage":"it-IT","potentialAction":[{"@type":"CommentAction","name":"Comment","target":["https:\/\/www.sef-italia.it\/index.php\/2020\/06\/09\/contributo-a-fondo-perduto-requisiti-importi-e-sanzioni\/#respond"]}]},{"@type":"WebPage","@id":"https:\/\/www.sef-italia.it\/index.php\/2020\/06\/09\/contributo-a-fondo-perduto-requisiti-importi-e-sanzioni\/","url":"https:\/\/www.sef-italia.it\/index.php\/2020\/06\/09\/contributo-a-fondo-perduto-requisiti-importi-e-sanzioni\/","name":"Contributo a fondo perduto: requisiti, importi e sanzioni - SEF Italia","isPartOf":{"@id":"https:\/\/www.sef-italia.it\/#website"},"primaryImageOfPage":{"@id":"https:\/\/www.sef-italia.it\/index.php\/2020\/06\/09\/contributo-a-fondo-perduto-requisiti-importi-e-sanzioni\/#primaryimage"},"image":{"@id":"https:\/\/www.sef-italia.it\/index.php\/2020\/06\/09\/contributo-a-fondo-perduto-requisiti-importi-e-sanzioni\/#primaryimage"},"thumbnailUrl":"https:\/\/www.sef-italia.it\/wp-content\/uploads\/2020\/06\/CONTRIBUTO-A-FONDO-PERDUTO.png","datePublished":"2020-06-09T08:15:37+00:00","dateModified":"2020-06-09T08:15:38+00:00","breadcrumb":{"@id":"https:\/\/www.sef-italia.it\/index.php\/2020\/06\/09\/contributo-a-fondo-perduto-requisiti-importi-e-sanzioni\/#breadcrumb"},"inLanguage":"it-IT","potentialAction":[{"@type":"ReadAction","target":["https:\/\/www.sef-italia.it\/index.php\/2020\/06\/09\/contributo-a-fondo-perduto-requisiti-importi-e-sanzioni\/"]}]},{"@type":"ImageObject","inLanguage":"it-IT","@id":"https:\/\/www.sef-italia.it\/index.php\/2020\/06\/09\/contributo-a-fondo-perduto-requisiti-importi-e-sanzioni\/#primaryimage","url":"https:\/\/www.sef-italia.it\/wp-content\/uploads\/2020\/06\/CONTRIBUTO-A-FONDO-PERDUTO.png","contentUrl":"https:\/\/www.sef-italia.it\/wp-content\/uploads\/2020\/06\/CONTRIBUTO-A-FONDO-PERDUTO.png","width":1000,"height":347},{"@type":"BreadcrumbList","@id":"https:\/\/www.sef-italia.it\/index.php\/2020\/06\/09\/contributo-a-fondo-perduto-requisiti-importi-e-sanzioni\/#breadcrumb","itemListElement":[{"@type":"ListItem","position":1,"name":"Home","item":"https:\/\/www.sef-italia.it\/"},{"@type":"ListItem","position":2,"name":"Contributo a fondo perduto: requisiti, importi e sanzioni"}]},{"@type":"WebSite","@id":"https:\/\/www.sef-italia.it\/#website","url":"https:\/\/www.sef-italia.it\/","name":"SEF Italia","description":"Il nuovo sito SEF Italia","publisher":{"@id":"https:\/\/www.sef-italia.it\/#organization"},"potentialAction":[{"@type":"SearchAction","target":{"@type":"EntryPoint","urlTemplate":"https:\/\/www.sef-italia.it\/?s={search_term_string}"},"query-input":{"@type":"PropertyValueSpecification","valueRequired":true,"valueName":"search_term_string"}}],"inLanguage":"it-IT"},{"@type":"Organization","@id":"https:\/\/www.sef-italia.it\/#organization","name":"SEF Italia","url":"https:\/\/www.sef-italia.it\/","logo":{"@type":"ImageObject","inLanguage":"it-IT","@id":"https:\/\/www.sef-italia.it\/#\/schema\/logo\/image\/","url":"https:\/\/www.sef-italia.it\/wp-content\/uploads\/2018\/01\/logoSEF_QUADRATO-.jpg","contentUrl":"https:\/\/www.sef-italia.it\/wp-content\/uploads\/2018\/01\/logoSEF_QUADRATO-.jpg","width":600,"height":600,"caption":"SEF Italia"},"image":{"@id":"https:\/\/www.sef-italia.it\/#\/schema\/logo\/image\/"},"sameAs":["https:\/\/www.facebook.com\/scuolaequestrediformazione\/","https:\/\/x.com\/sef_italia","https:\/\/www.youtube.com\/channel\/UCcEMamL3elnrqfrtIT8sh7g?view_as=subscriber"]},{"@type":"Person","@id":"https:\/\/www.sef-italia.it\/#\/schema\/person\/98bbf141ebc34928c1b6b3262203ee9e","name":"Maria Teresa Bevilacqua","image":{"@type":"ImageObject","inLanguage":"it-IT","@id":"https:\/\/www.sef-italia.it\/#\/schema\/person\/image\/","url":"https:\/\/secure.gravatar.com\/avatar\/15e0000cbd79bf458c75ba2fc416b0c2?s=96&d=mm&r=g","contentUrl":"https:\/\/secure.gravatar.com\/avatar\/15e0000cbd79bf458c75ba2fc416b0c2?s=96&d=mm&r=g","caption":"Maria Teresa Bevilacqua"},"url":"https:\/\/www.sef-italia.it\/index.php\/author\/mariateresa\/"}]}},"_links":{"self":[{"href":"https:\/\/www.sef-italia.it\/index.php\/wp-json\/wp\/v2\/posts\/16528"}],"collection":[{"href":"https:\/\/www.sef-italia.it\/index.php\/wp-json\/wp\/v2\/posts"}],"about":[{"href":"https:\/\/www.sef-italia.it\/index.php\/wp-json\/wp\/v2\/types\/post"}],"author":[{"embeddable":true,"href":"https:\/\/www.sef-italia.it\/index.php\/wp-json\/wp\/v2\/users\/83"}],"replies":[{"embeddable":true,"href":"https:\/\/www.sef-italia.it\/index.php\/wp-json\/wp\/v2\/comments?post=16528"}],"version-history":[{"count":3,"href":"https:\/\/www.sef-italia.it\/index.php\/wp-json\/wp\/v2\/posts\/16528\/revisions"}],"predecessor-version":[{"id":16532,"href":"https:\/\/www.sef-italia.it\/index.php\/wp-json\/wp\/v2\/posts\/16528\/revisions\/16532"}],"wp:featuredmedia":[{"embeddable":true,"href":"https:\/\/www.sef-italia.it\/index.php\/wp-json\/wp\/v2\/media\/16533"}],"wp:attachment":[{"href":"https:\/\/www.sef-italia.it\/index.php\/wp-json\/wp\/v2\/media?parent=16528"}],"wp:term":[{"taxonomy":"category","embeddable":true,"href":"https:\/\/www.sef-italia.it\/index.php\/wp-json\/wp\/v2\/categories?post=16528"},{"taxonomy":"post_tag","embeddable":true,"href":"https:\/\/www.sef-italia.it\/index.php\/wp-json\/wp\/v2\/tags?post=16528"}],"curies":[{"name":"wp","href":"https:\/\/api.w.org\/{rel}","templated":true}]}}