{"id":16657,"date":"2020-06-16T14:24:09","date_gmt":"2020-06-16T12:24:09","guid":{"rendered":"http:\/\/www.sef-italia.it\/?p=16657"},"modified":"2020-06-16T14:24:11","modified_gmt":"2020-06-16T12:24:11","slug":"il-nuovo-tour-2020-firmato-morali-sef-italia","status":"publish","type":"post","link":"https:\/\/www.sef-italia.it\/index.php\/2020\/06\/16\/il-nuovo-tour-2020-firmato-morali-sef-italia\/","title":{"rendered":"IL NUOVO TOUR 2020  FIRMATO MORALI &#038; SEF ITALIA"},"content":{"rendered":"<p style=\"text-align: justify;\"><strong>Morali &amp; C.,<\/strong> \u2013 Centro sportivo, di riferimento della manifestazione indoor del panorama equestre nazionale ed internazionale e mondiale dei cavalli Arabi \u2013 <strong>ha oggi concluso un grosso accordo con SEF ITALIA, che li vedr\u00e0 uniti nell\u2019organizzazione invernale di un nuovo Tour di Salto Ostacoli in programma da \u201cottobre a dicembre 2020\u201d nel centro sportivo di Vermezzo alle porte di Milano.<\/strong><\/p>\n<p style=\"text-align: justify;\">&#8220;Questa partnership&#8221;<strong> spiega Barbara Morali<\/strong>, &#8220;consolida l\u2019importanza che lo sport deve rivestire nella vita quotidiana degli italiani, dando la possibilit\u00e0 a tutti gli sportivi di accedere alle gare a prezzi pi\u00f9 ridotti, questo permetter\u00e0 a tutti gli sportivi di allenarsi maggiormente, ed ai cavalieri di formare pi\u00f9 cavalli giovani, con prezzi pi\u00f9 accessibili. La crisi economica odierna, della pandemia, ha coinvolto ogni settore e se vogliamo rimanere competitivi ritengo che, tutto debba mutare ed adattarsi alle situazioni ed al periodo storico che stiamo vivendo&#8221;.<\/p>\n<p style=\"text-align: justify;\">Vermezzo \u00e8 un grande centro, ha visto gareggiare negli anni oltre 40.000 cavalieri, ed ha ospitato e fatto saltare nelle sue strutture i migliori cavalieri del mondo. Il cavallo rimarr\u00e0 sempre il grande protagonista di questo nuovo progetto.<\/p>\n<p style=\"text-align: justify;\"><strong>Sef Italia nasce da un\u2019idea di un gruppo di Istruttori Militari di Equitazione con il concetto che lo \u201csport \u00e8 formazione\u201d, ed Andrea Pantano ci conferma che questo rimarr\u00e0 il concetto principale di questa partnership.<\/strong><\/p>\n<p style=\"text-align: justify;\">Lo sport dovrebbe essere sostenuto maggiormente, soprattutto i Comitati Organizzatori Italiani che devono dare servizi sempre pi\u00f9 qualificati, ma che sono appesantiti da troppi costi e sono soggetti a troppe variabili, se i numeri di iscritti scenderanno ancora di pi\u00f9, il rischio dei grandi centri oggi, \u00e8 il collasso graduale o la loro chiusura definitiva; inoltre, se i costi per gli utenti resteranno cos\u00ec elevati, nessuno potr\u00e0 pi\u00f9 gareggiare spesso, infatti l\u2019offerta delle centri gare oggi \u00e8 nettamente\u00a0 maggiore \u00a0della domanda.<\/p>\n<p style=\"text-align: justify;\">In Italia \u00e8 risaputo che le gare costano di pi\u00f9, rispetto a tutto il resto del mondo, e questo ha limitato pesantemente la crescita negli anni di nuovi atleti, e ridotto l\u2019allevamento e la formazione dei cavalli giovani ai minimi storici.<\/p>\n<p style=\"text-align: justify;\">Sembra una storia di altri tempi, ma invece \u00e8 la storia odierna, sebbene tutti sanno che la Federazione Italiana \u00e8 fortemente sostenuta da grandi introiti, appare incredibile che la stessa sembra non abbia fondi per sostenere lo sport ed i centri ippici e aiutare i comitati organizzatori pi\u00f9 grandi soggetti a spese pi\u00f9 elevate, centri che danno lustro e prestigio allo sport.\u00a0 La Federazione Italiana riceve ben 5 milioni di euro all\u2019anno dal CONI come contributi per sostenere lo sport, e oltre 10 milioni di euro l\u2019anno dai suoi associati come quote associative e quote di spettanze provenienti dai comitati organizzatori.<\/p>\n<p style=\"text-align: justify;\"><strong>Il Progetto Morali &amp; C. Sef Italia \u00e8 quello di aprire le gare, come all\u2019estero, a tutti, a cifre pi\u00f9 accessibili.<\/strong> <strong>Siamo certi che questa grande iniziativa permetter\u00e0 agli sportivi di allenarsi di pi\u00f9 e di formare ottimi cavalli giovani. <\/strong>I campi di salto ostacoli resteranno gli stessi, come tutti i \u201cservizi necessari\u201d al buon funzionamento di un concorso. <strong>La struttura metter\u00e0 in atto le stesse modalit\u00e0 di gare presenti gi\u00e0 in Belgio, Francia, Olanda, Gran Bretagna, l\u2019accesso sar\u00e0 libero a tutti a prezzi ridotti.<\/strong><\/p>\n<p style=\"text-align: justify;\">I programmi delle gare saranno disponibili on line dal mese di agosto, sono previsti montepremi nelle categorie dei cavalli giovani e in tutte le altre categorie, e tra le news si percepisce che sono in arrivo anche importanti sponsors stranieri a sostegno di questa nuova iniziativa tutta italiana. Di una cosa siamo certi, la societ\u00e0 Morali &amp; C. negli anni \u00e8 sempre stata sostenuta da sponsor prestigiosi e si \u00e8 qualificata grazie alle sue capacit\u00e0 ai suoi servizi, come uno degli impianti indoor pi\u00f9 amati dagli italiani e dagli stranieri, e le sue iniziative hanno contribuito a dare forza e qualit\u00e0 allo sport. Questa partnership diventer\u00e0 una grande opportunit\u00e0 soprattutto in questo periodo storico, per gli sportivi, per i giovani cavalli e per gli amanti di questo sport.<\/p>\n","protected":false},"excerpt":{"rendered":"<p>Morali &amp; C., \u2013 Centro sportivo, di riferimento della manifestazione indoor del panorama equestre nazionale ed internazionale e mondiale dei cavalli Arabi [&hellip;]<\/p>\n","protected":false},"author":83,"featured_media":16660,"comment_status":"open","ping_status":"open","sticky":false,"template":"","format":"standard","meta":{"footnotes":""},"categories":[21,13,4,14,1,11],"tags":[73,71,82,52,38,42],"yoast_head":"<!-- This site is optimized with the Yoast SEO plugin v24.5 - https:\/\/yoast.com\/wordpress\/plugins\/seo\/ -->\r\n<title>IL NUOVO TOUR 2020 FIRMATO MORALI &amp; SEF ITALIA - SEF Italia<\/title>\r\n<meta name=\"robots\" content=\"index, follow, max-snippet:-1, max-image-preview:large, max-video-preview:-1\" \/>\r\n<link rel=\"canonical\" href=\"https:\/\/www.sef-italia.it\/index.php\/2020\/06\/16\/il-nuovo-tour-2020-firmato-morali-sef-italia\/\" \/>\r\n<meta property=\"og:locale\" content=\"it_IT\" \/>\r\n<meta property=\"og:type\" content=\"article\" \/>\r\n<meta property=\"og:title\" content=\"IL NUOVO TOUR 2020 FIRMATO MORALI &amp; SEF ITALIA - SEF Italia\" \/>\r\n<meta property=\"og:description\" content=\"Morali &amp; C., \u2013 Centro sportivo, di riferimento della manifestazione indoor del panorama equestre nazionale ed internazionale e mondiale dei cavalli Arabi [&hellip;]\" \/>\r\n<meta property=\"og:url\" content=\"https:\/\/www.sef-italia.it\/index.php\/2020\/06\/16\/il-nuovo-tour-2020-firmato-morali-sef-italia\/\" \/>\r\n<meta property=\"og:site_name\" content=\"SEF Italia\" \/>\r\n<meta property=\"article:publisher\" content=\"https:\/\/www.facebook.com\/scuolaequestrediformazione\/\" \/>\r\n<meta property=\"article:published_time\" content=\"2020-06-16T12:24:09+00:00\" \/>\r\n<meta property=\"article:modified_time\" content=\"2020-06-16T12:24:11+00:00\" \/>\r\n<meta property=\"og:image\" content=\"https:\/\/www.sef-italia.it\/wp-content\/uploads\/2020\/06\/32ee9207-5eab-44b6-8dd7-fa5fe2705913.jpg\" \/>\r\n\t<meta property=\"og:image:width\" content=\"1500\" \/>\r\n\t<meta property=\"og:image:height\" content=\"1125\" \/>\r\n\t<meta property=\"og:image:type\" content=\"image\/jpeg\" \/>\r\n<meta name=\"author\" content=\"Maria Teresa Bevilacqua\" \/>\r\n<meta name=\"twitter:card\" content=\"summary_large_image\" \/>\r\n<meta name=\"twitter:creator\" content=\"@sef_italia\" \/>\r\n<meta name=\"twitter:site\" content=\"@sef_italia\" \/>\r\n<meta name=\"twitter:label1\" content=\"Scritto da\" \/>\n\t<meta name=\"twitter:data1\" content=\"Maria Teresa Bevilacqua\" \/>\n\t<meta name=\"twitter:label2\" content=\"Tempo di lettura stimato\" \/>\n\t<meta name=\"twitter:data2\" content=\"3 minuti\" \/>\r\n<script type=\"application\/ld+json\" class=\"yoast-schema-graph\">{\"@context\":\"https:\/\/schema.org\",\"@graph\":[{\"@type\":\"Article\",\"@id\":\"https:\/\/www.sef-italia.it\/index.php\/2020\/06\/16\/il-nuovo-tour-2020-firmato-morali-sef-italia\/#article\",\"isPartOf\":{\"@id\":\"https:\/\/www.sef-italia.it\/index.php\/2020\/06\/16\/il-nuovo-tour-2020-firmato-morali-sef-italia\/\"},\"author\":{\"name\":\"Maria Teresa Bevilacqua\",\"@id\":\"https:\/\/www.sef-italia.it\/#\/schema\/person\/98bbf141ebc34928c1b6b3262203ee9e\"},\"headline\":\"IL NUOVO TOUR 2020 FIRMATO MORALI &#038; SEF ITALIA\",\"datePublished\":\"2020-06-16T12:24:09+00:00\",\"dateModified\":\"2020-06-16T12:24:11+00:00\",\"mainEntityOfPage\":{\"@id\":\"https:\/\/www.sef-italia.it\/index.php\/2020\/06\/16\/il-nuovo-tour-2020-firmato-morali-sef-italia\/\"},\"wordCount\":654,\"commentCount\":0,\"publisher\":{\"@id\":\"https:\/\/www.sef-italia.it\/#organization\"},\"image\":{\"@id\":\"https:\/\/www.sef-italia.it\/index.php\/2020\/06\/16\/il-nuovo-tour-2020-firmato-morali-sef-italia\/#primaryimage\"},\"thumbnailUrl\":\"https:\/\/www.sef-italia.it\/wp-content\/uploads\/2020\/06\/32ee9207-5eab-44b6-8dd7-fa5fe2705913.jpg\",\"keywords\":[\"campionato\",\"gare\",\"pala show jumpers vermezzo\",\"salto ostacoli\",\"sport e formazione\",\"sport equestri\"],\"articleSection\":[\"Agility\",\"Campionato\",\"Eventi\",\"Gare\",\"News\",\"Salto ad ostacoli\"],\"inLanguage\":\"it-IT\",\"potentialAction\":[{\"@type\":\"CommentAction\",\"name\":\"Comment\",\"target\":[\"https:\/\/www.sef-italia.it\/index.php\/2020\/06\/16\/il-nuovo-tour-2020-firmato-morali-sef-italia\/#respond\"]}]},{\"@type\":\"WebPage\",\"@id\":\"https:\/\/www.sef-italia.it\/index.php\/2020\/06\/16\/il-nuovo-tour-2020-firmato-morali-sef-italia\/\",\"url\":\"https:\/\/www.sef-italia.it\/index.php\/2020\/06\/16\/il-nuovo-tour-2020-firmato-morali-sef-italia\/\",\"name\":\"IL NUOVO TOUR 2020 FIRMATO MORALI & SEF ITALIA - SEF Italia\",\"isPartOf\":{\"@id\":\"https:\/\/www.sef-italia.it\/#website\"},\"primaryImageOfPage\":{\"@id\":\"https:\/\/www.sef-italia.it\/index.php\/2020\/06\/16\/il-nuovo-tour-2020-firmato-morali-sef-italia\/#primaryimage\"},\"image\":{\"@id\":\"https:\/\/www.sef-italia.it\/index.php\/2020\/06\/16\/il-nuovo-tour-2020-firmato-morali-sef-italia\/#primaryimage\"},\"thumbnailUrl\":\"https:\/\/www.sef-italia.it\/wp-content\/uploads\/2020\/06\/32ee9207-5eab-44b6-8dd7-fa5fe2705913.jpg\",\"datePublished\":\"2020-06-16T12:24:09+00:00\",\"dateModified\":\"2020-06-16T12:24:11+00:00\",\"breadcrumb\":{\"@id\":\"https:\/\/www.sef-italia.it\/index.php\/2020\/06\/16\/il-nuovo-tour-2020-firmato-morali-sef-italia\/#breadcrumb\"},\"inLanguage\":\"it-IT\",\"potentialAction\":[{\"@type\":\"ReadAction\",\"target\":[\"https:\/\/www.sef-italia.it\/index.php\/2020\/06\/16\/il-nuovo-tour-2020-firmato-morali-sef-italia\/\"]}]},{\"@type\":\"ImageObject\",\"inLanguage\":\"it-IT\",\"@id\":\"https:\/\/www.sef-italia.it\/index.php\/2020\/06\/16\/il-nuovo-tour-2020-firmato-morali-sef-italia\/#primaryimage\",\"url\":\"https:\/\/www.sef-italia.it\/wp-content\/uploads\/2020\/06\/32ee9207-5eab-44b6-8dd7-fa5fe2705913.jpg\",\"contentUrl\":\"https:\/\/www.sef-italia.it\/wp-content\/uploads\/2020\/06\/32ee9207-5eab-44b6-8dd7-fa5fe2705913.jpg\",\"width\":1500,\"height\":1125},{\"@type\":\"BreadcrumbList\",\"@id\":\"https:\/\/www.sef-italia.it\/index.php\/2020\/06\/16\/il-nuovo-tour-2020-firmato-morali-sef-italia\/#breadcrumb\",\"itemListElement\":[{\"@type\":\"ListItem\",\"position\":1,\"name\":\"Home\",\"item\":\"https:\/\/www.sef-italia.it\/\"},{\"@type\":\"ListItem\",\"position\":2,\"name\":\"IL NUOVO TOUR 2020 FIRMATO MORALI &#038; SEF ITALIA\"}]},{\"@type\":\"WebSite\",\"@id\":\"https:\/\/www.sef-italia.it\/#website\",\"url\":\"https:\/\/www.sef-italia.it\/\",\"name\":\"SEF Italia\",\"description\":\"Il nuovo sito SEF Italia\",\"publisher\":{\"@id\":\"https:\/\/www.sef-italia.it\/#organization\"},\"potentialAction\":[{\"@type\":\"SearchAction\",\"target\":{\"@type\":\"EntryPoint\",\"urlTemplate\":\"https:\/\/www.sef-italia.it\/?s={search_term_string}\"},\"query-input\":{\"@type\":\"PropertyValueSpecification\",\"valueRequired\":true,\"valueName\":\"search_term_string\"}}],\"inLanguage\":\"it-IT\"},{\"@type\":\"Organization\",\"@id\":\"https:\/\/www.sef-italia.it\/#organization\",\"name\":\"SEF Italia\",\"url\":\"https:\/\/www.sef-italia.it\/\",\"logo\":{\"@type\":\"ImageObject\",\"inLanguage\":\"it-IT\",\"@id\":\"https:\/\/www.sef-italia.it\/#\/schema\/logo\/image\/\",\"url\":\"https:\/\/www.sef-italia.it\/wp-content\/uploads\/2018\/01\/logoSEF_QUADRATO-.jpg\",\"contentUrl\":\"https:\/\/www.sef-italia.it\/wp-content\/uploads\/2018\/01\/logoSEF_QUADRATO-.jpg\",\"width\":600,\"height\":600,\"caption\":\"SEF Italia\"},\"image\":{\"@id\":\"https:\/\/www.sef-italia.it\/#\/schema\/logo\/image\/\"},\"sameAs\":[\"https:\/\/www.facebook.com\/scuolaequestrediformazione\/\",\"https:\/\/x.com\/sef_italia\",\"https:\/\/www.youtube.com\/channel\/UCcEMamL3elnrqfrtIT8sh7g?view_as=subscriber\"]},{\"@type\":\"Person\",\"@id\":\"https:\/\/www.sef-italia.it\/#\/schema\/person\/98bbf141ebc34928c1b6b3262203ee9e\",\"name\":\"Maria Teresa Bevilacqua\",\"image\":{\"@type\":\"ImageObject\",\"inLanguage\":\"it-IT\",\"@id\":\"https:\/\/www.sef-italia.it\/#\/schema\/person\/image\/\",\"url\":\"https:\/\/secure.gravatar.com\/avatar\/15e0000cbd79bf458c75ba2fc416b0c2?s=96&d=mm&r=g\",\"contentUrl\":\"https:\/\/secure.gravatar.com\/avatar\/15e0000cbd79bf458c75ba2fc416b0c2?s=96&d=mm&r=g\",\"caption\":\"Maria Teresa Bevilacqua\"},\"url\":\"https:\/\/www.sef-italia.it\/index.php\/author\/mariateresa\/\"}]}<\/script>\r\n<!-- \/ Yoast SEO plugin. -->","yoast_head_json":{"title":"IL NUOVO TOUR 2020 FIRMATO MORALI & SEF ITALIA - SEF Italia","robots":{"index":"index","follow":"follow","max-snippet":"max-snippet:-1","max-image-preview":"max-image-preview:large","max-video-preview":"max-video-preview:-1"},"canonical":"https:\/\/www.sef-italia.it\/index.php\/2020\/06\/16\/il-nuovo-tour-2020-firmato-morali-sef-italia\/","og_locale":"it_IT","og_type":"article","og_title":"IL NUOVO TOUR 2020 FIRMATO MORALI & SEF ITALIA - SEF Italia","og_description":"Morali &amp; C., \u2013 Centro sportivo, di riferimento della manifestazione indoor del panorama equestre nazionale ed internazionale e mondiale dei cavalli Arabi [&hellip;]","og_url":"https:\/\/www.sef-italia.it\/index.php\/2020\/06\/16\/il-nuovo-tour-2020-firmato-morali-sef-italia\/","og_site_name":"SEF Italia","article_publisher":"https:\/\/www.facebook.com\/scuolaequestrediformazione\/","article_published_time":"2020-06-16T12:24:09+00:00","article_modified_time":"2020-06-16T12:24:11+00:00","og_image":[{"width":1500,"height":1125,"url":"https:\/\/www.sef-italia.it\/wp-content\/uploads\/2020\/06\/32ee9207-5eab-44b6-8dd7-fa5fe2705913.jpg","type":"image\/jpeg"}],"author":"Maria Teresa Bevilacqua","twitter_card":"summary_large_image","twitter_creator":"@sef_italia","twitter_site":"@sef_italia","twitter_misc":{"Scritto da":"Maria Teresa Bevilacqua","Tempo di lettura stimato":"3 minuti"},"schema":{"@context":"https:\/\/schema.org","@graph":[{"@type":"Article","@id":"https:\/\/www.sef-italia.it\/index.php\/2020\/06\/16\/il-nuovo-tour-2020-firmato-morali-sef-italia\/#article","isPartOf":{"@id":"https:\/\/www.sef-italia.it\/index.php\/2020\/06\/16\/il-nuovo-tour-2020-firmato-morali-sef-italia\/"},"author":{"name":"Maria Teresa Bevilacqua","@id":"https:\/\/www.sef-italia.it\/#\/schema\/person\/98bbf141ebc34928c1b6b3262203ee9e"},"headline":"IL NUOVO TOUR 2020 FIRMATO MORALI &#038; SEF ITALIA","datePublished":"2020-06-16T12:24:09+00:00","dateModified":"2020-06-16T12:24:11+00:00","mainEntityOfPage":{"@id":"https:\/\/www.sef-italia.it\/index.php\/2020\/06\/16\/il-nuovo-tour-2020-firmato-morali-sef-italia\/"},"wordCount":654,"commentCount":0,"publisher":{"@id":"https:\/\/www.sef-italia.it\/#organization"},"image":{"@id":"https:\/\/www.sef-italia.it\/index.php\/2020\/06\/16\/il-nuovo-tour-2020-firmato-morali-sef-italia\/#primaryimage"},"thumbnailUrl":"https:\/\/www.sef-italia.it\/wp-content\/uploads\/2020\/06\/32ee9207-5eab-44b6-8dd7-fa5fe2705913.jpg","keywords":["campionato","gare","pala show jumpers vermezzo","salto ostacoli","sport e formazione","sport equestri"],"articleSection":["Agility","Campionato","Eventi","Gare","News","Salto ad ostacoli"],"inLanguage":"it-IT","potentialAction":[{"@type":"CommentAction","name":"Comment","target":["https:\/\/www.sef-italia.it\/index.php\/2020\/06\/16\/il-nuovo-tour-2020-firmato-morali-sef-italia\/#respond"]}]},{"@type":"WebPage","@id":"https:\/\/www.sef-italia.it\/index.php\/2020\/06\/16\/il-nuovo-tour-2020-firmato-morali-sef-italia\/","url":"https:\/\/www.sef-italia.it\/index.php\/2020\/06\/16\/il-nuovo-tour-2020-firmato-morali-sef-italia\/","name":"IL NUOVO TOUR 2020 FIRMATO MORALI & SEF ITALIA - SEF Italia","isPartOf":{"@id":"https:\/\/www.sef-italia.it\/#website"},"primaryImageOfPage":{"@id":"https:\/\/www.sef-italia.it\/index.php\/2020\/06\/16\/il-nuovo-tour-2020-firmato-morali-sef-italia\/#primaryimage"},"image":{"@id":"https:\/\/www.sef-italia.it\/index.php\/2020\/06\/16\/il-nuovo-tour-2020-firmato-morali-sef-italia\/#primaryimage"},"thumbnailUrl":"https:\/\/www.sef-italia.it\/wp-content\/uploads\/2020\/06\/32ee9207-5eab-44b6-8dd7-fa5fe2705913.jpg","datePublished":"2020-06-16T12:24:09+00:00","dateModified":"2020-06-16T12:24:11+00:00","breadcrumb":{"@id":"https:\/\/www.sef-italia.it\/index.php\/2020\/06\/16\/il-nuovo-tour-2020-firmato-morali-sef-italia\/#breadcrumb"},"inLanguage":"it-IT","potentialAction":[{"@type":"ReadAction","target":["https:\/\/www.sef-italia.it\/index.php\/2020\/06\/16\/il-nuovo-tour-2020-firmato-morali-sef-italia\/"]}]},{"@type":"ImageObject","inLanguage":"it-IT","@id":"https:\/\/www.sef-italia.it\/index.php\/2020\/06\/16\/il-nuovo-tour-2020-firmato-morali-sef-italia\/#primaryimage","url":"https:\/\/www.sef-italia.it\/wp-content\/uploads\/2020\/06\/32ee9207-5eab-44b6-8dd7-fa5fe2705913.jpg","contentUrl":"https:\/\/www.sef-italia.it\/wp-content\/uploads\/2020\/06\/32ee9207-5eab-44b6-8dd7-fa5fe2705913.jpg","width":1500,"height":1125},{"@type":"BreadcrumbList","@id":"https:\/\/www.sef-italia.it\/index.php\/2020\/06\/16\/il-nuovo-tour-2020-firmato-morali-sef-italia\/#breadcrumb","itemListElement":[{"@type":"ListItem","position":1,"name":"Home","item":"https:\/\/www.sef-italia.it\/"},{"@type":"ListItem","position":2,"name":"IL NUOVO TOUR 2020 FIRMATO MORALI &#038; SEF ITALIA"}]},{"@type":"WebSite","@id":"https:\/\/www.sef-italia.it\/#website","url":"https:\/\/www.sef-italia.it\/","name":"SEF Italia","description":"Il nuovo sito SEF Italia","publisher":{"@id":"https:\/\/www.sef-italia.it\/#organization"},"potentialAction":[{"@type":"SearchAction","target":{"@type":"EntryPoint","urlTemplate":"https:\/\/www.sef-italia.it\/?s={search_term_string}"},"query-input":{"@type":"PropertyValueSpecification","valueRequired":true,"valueName":"search_term_string"}}],"inLanguage":"it-IT"},{"@type":"Organization","@id":"https:\/\/www.sef-italia.it\/#organization","name":"SEF Italia","url":"https:\/\/www.sef-italia.it\/","logo":{"@type":"ImageObject","inLanguage":"it-IT","@id":"https:\/\/www.sef-italia.it\/#\/schema\/logo\/image\/","url":"https:\/\/www.sef-italia.it\/wp-content\/uploads\/2018\/01\/logoSEF_QUADRATO-.jpg","contentUrl":"https:\/\/www.sef-italia.it\/wp-content\/uploads\/2018\/01\/logoSEF_QUADRATO-.jpg","width":600,"height":600,"caption":"SEF Italia"},"image":{"@id":"https:\/\/www.sef-italia.it\/#\/schema\/logo\/image\/"},"sameAs":["https:\/\/www.facebook.com\/scuolaequestrediformazione\/","https:\/\/x.com\/sef_italia","https:\/\/www.youtube.com\/channel\/UCcEMamL3elnrqfrtIT8sh7g?view_as=subscriber"]},{"@type":"Person","@id":"https:\/\/www.sef-italia.it\/#\/schema\/person\/98bbf141ebc34928c1b6b3262203ee9e","name":"Maria Teresa Bevilacqua","image":{"@type":"ImageObject","inLanguage":"it-IT","@id":"https:\/\/www.sef-italia.it\/#\/schema\/person\/image\/","url":"https:\/\/secure.gravatar.com\/avatar\/15e0000cbd79bf458c75ba2fc416b0c2?s=96&d=mm&r=g","contentUrl":"https:\/\/secure.gravatar.com\/avatar\/15e0000cbd79bf458c75ba2fc416b0c2?s=96&d=mm&r=g","caption":"Maria Teresa Bevilacqua"},"url":"https:\/\/www.sef-italia.it\/index.php\/author\/mariateresa\/"}]}},"_links":{"self":[{"href":"https:\/\/www.sef-italia.it\/index.php\/wp-json\/wp\/v2\/posts\/16657"}],"collection":[{"href":"https:\/\/www.sef-italia.it\/index.php\/wp-json\/wp\/v2\/posts"}],"about":[{"href":"https:\/\/www.sef-italia.it\/index.php\/wp-json\/wp\/v2\/types\/post"}],"author":[{"embeddable":true,"href":"https:\/\/www.sef-italia.it\/index.php\/wp-json\/wp\/v2\/users\/83"}],"replies":[{"embeddable":true,"href":"https:\/\/www.sef-italia.it\/index.php\/wp-json\/wp\/v2\/comments?post=16657"}],"version-history":[{"count":2,"href":"https:\/\/www.sef-italia.it\/index.php\/wp-json\/wp\/v2\/posts\/16657\/revisions"}],"predecessor-version":[{"id":16659,"href":"https:\/\/www.sef-italia.it\/index.php\/wp-json\/wp\/v2\/posts\/16657\/revisions\/16659"}],"wp:featuredmedia":[{"embeddable":true,"href":"https:\/\/www.sef-italia.it\/index.php\/wp-json\/wp\/v2\/media\/16660"}],"wp:attachment":[{"href":"https:\/\/www.sef-italia.it\/index.php\/wp-json\/wp\/v2\/media?parent=16657"}],"wp:term":[{"taxonomy":"category","embeddable":true,"href":"https:\/\/www.sef-italia.it\/index.php\/wp-json\/wp\/v2\/categories?post=16657"},{"taxonomy":"post_tag","embeddable":true,"href":"https:\/\/www.sef-italia.it\/index.php\/wp-json\/wp\/v2\/tags?post=16657"}],"curies":[{"name":"wp","href":"https:\/\/api.w.org\/{rel}","templated":true}]}}