{"id":22729,"date":"2023-04-20T09:00:00","date_gmt":"2023-04-20T07:00:00","guid":{"rendered":"https:\/\/www.sef-italia.it\/?p=22729"},"modified":"2023-04-19T09:59:44","modified_gmt":"2023-04-19T07:59:44","slug":"una-giornata-di-festa-al-museo-del-cavallo-giocattolo","status":"publish","type":"post","link":"https:\/\/www.sef-italia.it\/index.php\/2023\/04\/20\/una-giornata-di-festa-al-museo-del-cavallo-giocattolo\/","title":{"rendered":"Una giornata di Festa al Museo del Cavallo Giocattolo"},"content":{"rendered":"<p>\u00c8 giunta al termine questa bella giornata di festa al Museo del Cavallo Giocattolo in compagnia del Centro Ippico Il Roccolino ed i suoi meravigliosi pony che hanno regalato a tanti bambini l&#8217;emozione di stare in sella per la prima volta.<\/p><p>All&#8217;interno del Museo si pu\u00f2 ammirare come il cavallo sia sempre stato, anche in anni antichissimi, presente della vita dell&#8217;uomo. Qui lo troviamo sotto forma di giochi per bambini che adesso rappresentano per noi quasi delle opere d&#8217;arte. \u00c8 un posto magico gi\u00e0 cos\u00ec, ma a renderlo ancora pi\u00f9 magico nella giornata di domenica 16 aprile, \u00e8 stata la presenza di pony e cavalli reali, animali meravigliosi che celano un mondo speciale tutto da scoprire.<\/p><figure class=\"wp-block-gallery has-nested-images columns-default is-cropped wp-block-gallery-1 is-layout-flex wp-block-gallery-is-layout-flex\"><figure class=\"wp-block-image size-large\"><img loading=\"lazy\" decoding=\"async\" width=\"768\" height=\"1024\" data-id=\"22742\" src=\"https:\/\/www.sef-italia.it\/wp-content\/uploads\/2023\/04\/c8ea41b4-e3dd-435c-81cd-dc16fa6e1a01-768x1024.jpg\" alt=\"\" class=\"wp-image-22742\" srcset=\"https:\/\/www.sef-italia.it\/wp-content\/uploads\/2023\/04\/c8ea41b4-e3dd-435c-81cd-dc16fa6e1a01-768x1024.jpg 768w, https:\/\/www.sef-italia.it\/wp-content\/uploads\/2023\/04\/c8ea41b4-e3dd-435c-81cd-dc16fa6e1a01-225x300.jpg 225w, https:\/\/www.sef-italia.it\/wp-content\/uploads\/2023\/04\/c8ea41b4-e3dd-435c-81cd-dc16fa6e1a01-1152x1536.jpg 1152w, https:\/\/www.sef-italia.it\/wp-content\/uploads\/2023\/04\/c8ea41b4-e3dd-435c-81cd-dc16fa6e1a01-1000x1333.jpg 1000w, https:\/\/www.sef-italia.it\/wp-content\/uploads\/2023\/04\/c8ea41b4-e3dd-435c-81cd-dc16fa6e1a01-230x307.jpg 230w, https:\/\/www.sef-italia.it\/wp-content\/uploads\/2023\/04\/c8ea41b4-e3dd-435c-81cd-dc16fa6e1a01-350x467.jpg 350w, https:\/\/www.sef-italia.it\/wp-content\/uploads\/2023\/04\/c8ea41b4-e3dd-435c-81cd-dc16fa6e1a01-480x640.jpg 480w, https:\/\/www.sef-italia.it\/wp-content\/uploads\/2023\/04\/c8ea41b4-e3dd-435c-81cd-dc16fa6e1a01-800x1067.jpg 800w, https:\/\/www.sef-italia.it\/wp-content\/uploads\/2023\/04\/c8ea41b4-e3dd-435c-81cd-dc16fa6e1a01.jpg 1536w\" sizes=\"(max-width: 768px) 100vw, 768px\" \/><\/figure>\n\n<figure class=\"wp-block-image size-large\"><img loading=\"lazy\" decoding=\"async\" width=\"768\" height=\"1024\" data-id=\"22741\" src=\"https:\/\/www.sef-italia.it\/wp-content\/uploads\/2023\/04\/fb55f87a-c020-4179-85f1-1f48e98561df-768x1024.jpg\" alt=\"\" class=\"wp-image-22741\" srcset=\"https:\/\/www.sef-italia.it\/wp-content\/uploads\/2023\/04\/fb55f87a-c020-4179-85f1-1f48e98561df-768x1024.jpg 768w, https:\/\/www.sef-italia.it\/wp-content\/uploads\/2023\/04\/fb55f87a-c020-4179-85f1-1f48e98561df-225x300.jpg 225w, https:\/\/www.sef-italia.it\/wp-content\/uploads\/2023\/04\/fb55f87a-c020-4179-85f1-1f48e98561df-1152x1536.jpg 1152w, https:\/\/www.sef-italia.it\/wp-content\/uploads\/2023\/04\/fb55f87a-c020-4179-85f1-1f48e98561df-1000x1333.jpg 1000w, https:\/\/www.sef-italia.it\/wp-content\/uploads\/2023\/04\/fb55f87a-c020-4179-85f1-1f48e98561df-230x307.jpg 230w, https:\/\/www.sef-italia.it\/wp-content\/uploads\/2023\/04\/fb55f87a-c020-4179-85f1-1f48e98561df-350x467.jpg 350w, https:\/\/www.sef-italia.it\/wp-content\/uploads\/2023\/04\/fb55f87a-c020-4179-85f1-1f48e98561df-480x640.jpg 480w, https:\/\/www.sef-italia.it\/wp-content\/uploads\/2023\/04\/fb55f87a-c020-4179-85f1-1f48e98561df-800x1067.jpg 800w, https:\/\/www.sef-italia.it\/wp-content\/uploads\/2023\/04\/fb55f87a-c020-4179-85f1-1f48e98561df.jpg 1536w\" sizes=\"(max-width: 768px) 100vw, 768px\" \/><\/figure>\n\n<figure class=\"wp-block-image size-large\"><img loading=\"lazy\" decoding=\"async\" width=\"1024\" height=\"577\" data-id=\"22740\" src=\"https:\/\/www.sef-italia.it\/wp-content\/uploads\/2023\/04\/eba95318-7463-446a-8fc8-900dea4b82bd-1024x577.jpg\" alt=\"\" class=\"wp-image-22740\" srcset=\"https:\/\/www.sef-italia.it\/wp-content\/uploads\/2023\/04\/eba95318-7463-446a-8fc8-900dea4b82bd-1024x577.jpg 1024w, https:\/\/www.sef-italia.it\/wp-content\/uploads\/2023\/04\/eba95318-7463-446a-8fc8-900dea4b82bd-300x169.jpg 300w, https:\/\/www.sef-italia.it\/wp-content\/uploads\/2023\/04\/eba95318-7463-446a-8fc8-900dea4b82bd-768x432.jpg 768w, https:\/\/www.sef-italia.it\/wp-content\/uploads\/2023\/04\/eba95318-7463-446a-8fc8-900dea4b82bd-1536x865.jpg 1536w, https:\/\/www.sef-italia.it\/wp-content\/uploads\/2023\/04\/eba95318-7463-446a-8fc8-900dea4b82bd-1000x563.jpg 1000w, https:\/\/www.sef-italia.it\/wp-content\/uploads\/2023\/04\/eba95318-7463-446a-8fc8-900dea4b82bd-230x130.jpg 230w, https:\/\/www.sef-italia.it\/wp-content\/uploads\/2023\/04\/eba95318-7463-446a-8fc8-900dea4b82bd-350x197.jpg 350w, https:\/\/www.sef-italia.it\/wp-content\/uploads\/2023\/04\/eba95318-7463-446a-8fc8-900dea4b82bd-480x270.jpg 480w, https:\/\/www.sef-italia.it\/wp-content\/uploads\/2023\/04\/eba95318-7463-446a-8fc8-900dea4b82bd-800x451.jpg 800w, https:\/\/www.sef-italia.it\/wp-content\/uploads\/2023\/04\/eba95318-7463-446a-8fc8-900dea4b82bd.jpg 1600w\" sizes=\"(max-width: 1024px) 100vw, 1024px\" \/><\/figure>\n\n<figure class=\"wp-block-image size-large\"><img loading=\"lazy\" decoding=\"async\" width=\"1024\" height=\"768\" data-id=\"22739\" src=\"https:\/\/www.sef-italia.it\/wp-content\/uploads\/2023\/04\/83d169f0-201b-4d6d-ab79-e62c02430f99-1024x768.jpg\" alt=\"\" class=\"wp-image-22739\" srcset=\"https:\/\/www.sef-italia.it\/wp-content\/uploads\/2023\/04\/83d169f0-201b-4d6d-ab79-e62c02430f99-1024x768.jpg 1024w, https:\/\/www.sef-italia.it\/wp-content\/uploads\/2023\/04\/83d169f0-201b-4d6d-ab79-e62c02430f99-300x225.jpg 300w, https:\/\/www.sef-italia.it\/wp-content\/uploads\/2023\/04\/83d169f0-201b-4d6d-ab79-e62c02430f99-768x576.jpg 768w, https:\/\/www.sef-italia.it\/wp-content\/uploads\/2023\/04\/83d169f0-201b-4d6d-ab79-e62c02430f99-1536x1152.jpg 1536w, https:\/\/www.sef-italia.it\/wp-content\/uploads\/2023\/04\/83d169f0-201b-4d6d-ab79-e62c02430f99-1000x750.jpg 1000w, https:\/\/www.sef-italia.it\/wp-content\/uploads\/2023\/04\/83d169f0-201b-4d6d-ab79-e62c02430f99-230x173.jpg 230w, https:\/\/www.sef-italia.it\/wp-content\/uploads\/2023\/04\/83d169f0-201b-4d6d-ab79-e62c02430f99-350x263.jpg 350w, https:\/\/www.sef-italia.it\/wp-content\/uploads\/2023\/04\/83d169f0-201b-4d6d-ab79-e62c02430f99-480x360.jpg 480w, https:\/\/www.sef-italia.it\/wp-content\/uploads\/2023\/04\/83d169f0-201b-4d6d-ab79-e62c02430f99-800x600.jpg 800w, https:\/\/www.sef-italia.it\/wp-content\/uploads\/2023\/04\/83d169f0-201b-4d6d-ab79-e62c02430f99.jpg 2048w\" sizes=\"(max-width: 1024px) 100vw, 1024px\" \/><\/figure>\n\n<figure class=\"wp-block-image size-large\"><img loading=\"lazy\" decoding=\"async\" width=\"577\" height=\"1024\" data-id=\"22737\" src=\"https:\/\/www.sef-italia.it\/wp-content\/uploads\/2023\/04\/7d66de3b-5b3b-43c5-8ca4-766ff8e0e78f-577x1024.jpg\" alt=\"\" class=\"wp-image-22737\" srcset=\"https:\/\/www.sef-italia.it\/wp-content\/uploads\/2023\/04\/7d66de3b-5b3b-43c5-8ca4-766ff8e0e78f-577x1024.jpg 577w, https:\/\/www.sef-italia.it\/wp-content\/uploads\/2023\/04\/7d66de3b-5b3b-43c5-8ca4-766ff8e0e78f-169x300.jpg 169w, https:\/\/www.sef-italia.it\/wp-content\/uploads\/2023\/04\/7d66de3b-5b3b-43c5-8ca4-766ff8e0e78f-768x1364.jpg 768w, https:\/\/www.sef-italia.it\/wp-content\/uploads\/2023\/04\/7d66de3b-5b3b-43c5-8ca4-766ff8e0e78f-865x1536.jpg 865w, https:\/\/www.sef-italia.it\/wp-content\/uploads\/2023\/04\/7d66de3b-5b3b-43c5-8ca4-766ff8e0e78f-230x408.jpg 230w, https:\/\/www.sef-italia.it\/wp-content\/uploads\/2023\/04\/7d66de3b-5b3b-43c5-8ca4-766ff8e0e78f-350x622.jpg 350w, https:\/\/www.sef-italia.it\/wp-content\/uploads\/2023\/04\/7d66de3b-5b3b-43c5-8ca4-766ff8e0e78f-480x852.jpg 480w, https:\/\/www.sef-italia.it\/wp-content\/uploads\/2023\/04\/7d66de3b-5b3b-43c5-8ca4-766ff8e0e78f-800x1421.jpg 800w, https:\/\/www.sef-italia.it\/wp-content\/uploads\/2023\/04\/7d66de3b-5b3b-43c5-8ca4-766ff8e0e78f.jpg 901w\" sizes=\"(max-width: 577px) 100vw, 577px\" \/><\/figure>\n\n<figure class=\"wp-block-image size-large\"><img loading=\"lazy\" decoding=\"async\" width=\"577\" height=\"1024\" data-id=\"22736\" src=\"https:\/\/www.sef-italia.it\/wp-content\/uploads\/2023\/04\/d84b611a-0d26-4c6d-a78c-1dc87564cf80-577x1024.jpg\" alt=\"\" class=\"wp-image-22736\" srcset=\"https:\/\/www.sef-italia.it\/wp-content\/uploads\/2023\/04\/d84b611a-0d26-4c6d-a78c-1dc87564cf80-577x1024.jpg 577w, https:\/\/www.sef-italia.it\/wp-content\/uploads\/2023\/04\/d84b611a-0d26-4c6d-a78c-1dc87564cf80-169x300.jpg 169w, https:\/\/www.sef-italia.it\/wp-content\/uploads\/2023\/04\/d84b611a-0d26-4c6d-a78c-1dc87564cf80-768x1364.jpg 768w, https:\/\/www.sef-italia.it\/wp-content\/uploads\/2023\/04\/d84b611a-0d26-4c6d-a78c-1dc87564cf80-865x1536.jpg 865w, https:\/\/www.sef-italia.it\/wp-content\/uploads\/2023\/04\/d84b611a-0d26-4c6d-a78c-1dc87564cf80-230x408.jpg 230w, https:\/\/www.sef-italia.it\/wp-content\/uploads\/2023\/04\/d84b611a-0d26-4c6d-a78c-1dc87564cf80-350x622.jpg 350w, https:\/\/www.sef-italia.it\/wp-content\/uploads\/2023\/04\/d84b611a-0d26-4c6d-a78c-1dc87564cf80-480x852.jpg 480w, https:\/\/www.sef-italia.it\/wp-content\/uploads\/2023\/04\/d84b611a-0d26-4c6d-a78c-1dc87564cf80-800x1421.jpg 800w, https:\/\/www.sef-italia.it\/wp-content\/uploads\/2023\/04\/d84b611a-0d26-4c6d-a78c-1dc87564cf80.jpg 901w\" sizes=\"(max-width: 577px) 100vw, 577px\" \/><\/figure>\n\n<figure class=\"wp-block-image size-large\"><img loading=\"lazy\" decoding=\"async\" width=\"768\" height=\"1024\" data-id=\"22735\" src=\"https:\/\/www.sef-italia.it\/wp-content\/uploads\/2023\/04\/8f4212a4-5c8a-4c7d-8ebb-b208456053a0-768x1024.jpg\" alt=\"\" class=\"wp-image-22735\" srcset=\"https:\/\/www.sef-italia.it\/wp-content\/uploads\/2023\/04\/8f4212a4-5c8a-4c7d-8ebb-b208456053a0-768x1024.jpg 768w, https:\/\/www.sef-italia.it\/wp-content\/uploads\/2023\/04\/8f4212a4-5c8a-4c7d-8ebb-b208456053a0-225x300.jpg 225w, https:\/\/www.sef-italia.it\/wp-content\/uploads\/2023\/04\/8f4212a4-5c8a-4c7d-8ebb-b208456053a0-1152x1536.jpg 1152w, https:\/\/www.sef-italia.it\/wp-content\/uploads\/2023\/04\/8f4212a4-5c8a-4c7d-8ebb-b208456053a0-1000x1333.jpg 1000w, https:\/\/www.sef-italia.it\/wp-content\/uploads\/2023\/04\/8f4212a4-5c8a-4c7d-8ebb-b208456053a0-230x307.jpg 230w, https:\/\/www.sef-italia.it\/wp-content\/uploads\/2023\/04\/8f4212a4-5c8a-4c7d-8ebb-b208456053a0-350x467.jpg 350w, https:\/\/www.sef-italia.it\/wp-content\/uploads\/2023\/04\/8f4212a4-5c8a-4c7d-8ebb-b208456053a0-480x640.jpg 480w, https:\/\/www.sef-italia.it\/wp-content\/uploads\/2023\/04\/8f4212a4-5c8a-4c7d-8ebb-b208456053a0-800x1067.jpg 800w, https:\/\/www.sef-italia.it\/wp-content\/uploads\/2023\/04\/8f4212a4-5c8a-4c7d-8ebb-b208456053a0.jpg 1536w\" sizes=\"(max-width: 768px) 100vw, 768px\" \/><\/figure>\n\n<figure class=\"wp-block-image size-large\"><img loading=\"lazy\" decoding=\"async\" width=\"577\" height=\"1024\" data-id=\"22734\" src=\"https:\/\/www.sef-italia.it\/wp-content\/uploads\/2023\/04\/3b1b188a-c385-4302-bfd4-1a1cd9b2196d-577x1024.jpg\" alt=\"\" class=\"wp-image-22734\" srcset=\"https:\/\/www.sef-italia.it\/wp-content\/uploads\/2023\/04\/3b1b188a-c385-4302-bfd4-1a1cd9b2196d-577x1024.jpg 577w, https:\/\/www.sef-italia.it\/wp-content\/uploads\/2023\/04\/3b1b188a-c385-4302-bfd4-1a1cd9b2196d-169x300.jpg 169w, https:\/\/www.sef-italia.it\/wp-content\/uploads\/2023\/04\/3b1b188a-c385-4302-bfd4-1a1cd9b2196d-768x1364.jpg 768w, https:\/\/www.sef-italia.it\/wp-content\/uploads\/2023\/04\/3b1b188a-c385-4302-bfd4-1a1cd9b2196d-865x1536.jpg 865w, https:\/\/www.sef-italia.it\/wp-content\/uploads\/2023\/04\/3b1b188a-c385-4302-bfd4-1a1cd9b2196d-230x408.jpg 230w, https:\/\/www.sef-italia.it\/wp-content\/uploads\/2023\/04\/3b1b188a-c385-4302-bfd4-1a1cd9b2196d-350x622.jpg 350w, https:\/\/www.sef-italia.it\/wp-content\/uploads\/2023\/04\/3b1b188a-c385-4302-bfd4-1a1cd9b2196d-480x852.jpg 480w, https:\/\/www.sef-italia.it\/wp-content\/uploads\/2023\/04\/3b1b188a-c385-4302-bfd4-1a1cd9b2196d-800x1421.jpg 800w, https:\/\/www.sef-italia.it\/wp-content\/uploads\/2023\/04\/3b1b188a-c385-4302-bfd4-1a1cd9b2196d.jpg 901w\" sizes=\"(max-width: 577px) 100vw, 577px\" \/><\/figure>\n\n<figure class=\"wp-block-image size-large\"><img loading=\"lazy\" decoding=\"async\" width=\"577\" height=\"1024\" data-id=\"22733\" src=\"https:\/\/www.sef-italia.it\/wp-content\/uploads\/2023\/04\/7db64924-26cd-4a40-aa67-a0647e3cfcc1-577x1024.jpg\" alt=\"\" class=\"wp-image-22733\" srcset=\"https:\/\/www.sef-italia.it\/wp-content\/uploads\/2023\/04\/7db64924-26cd-4a40-aa67-a0647e3cfcc1-577x1024.jpg 577w, https:\/\/www.sef-italia.it\/wp-content\/uploads\/2023\/04\/7db64924-26cd-4a40-aa67-a0647e3cfcc1-169x300.jpg 169w, https:\/\/www.sef-italia.it\/wp-content\/uploads\/2023\/04\/7db64924-26cd-4a40-aa67-a0647e3cfcc1-768x1364.jpg 768w, https:\/\/www.sef-italia.it\/wp-content\/uploads\/2023\/04\/7db64924-26cd-4a40-aa67-a0647e3cfcc1-865x1536.jpg 865w, https:\/\/www.sef-italia.it\/wp-content\/uploads\/2023\/04\/7db64924-26cd-4a40-aa67-a0647e3cfcc1-230x408.jpg 230w, https:\/\/www.sef-italia.it\/wp-content\/uploads\/2023\/04\/7db64924-26cd-4a40-aa67-a0647e3cfcc1-350x622.jpg 350w, https:\/\/www.sef-italia.it\/wp-content\/uploads\/2023\/04\/7db64924-26cd-4a40-aa67-a0647e3cfcc1-480x852.jpg 480w, https:\/\/www.sef-italia.it\/wp-content\/uploads\/2023\/04\/7db64924-26cd-4a40-aa67-a0647e3cfcc1-800x1421.jpg 800w, https:\/\/www.sef-italia.it\/wp-content\/uploads\/2023\/04\/7db64924-26cd-4a40-aa67-a0647e3cfcc1.jpg 901w\" sizes=\"(max-width: 577px) 100vw, 577px\" \/><\/figure>\n\n<figure class=\"wp-block-image size-large\"><img loading=\"lazy\" decoding=\"async\" width=\"970\" height=\"1024\" data-id=\"22732\" src=\"https:\/\/www.sef-italia.it\/wp-content\/uploads\/2023\/04\/194b3d55-4dc6-4c02-9ba6-3aba0420eed7-970x1024.jpg\" alt=\"\" class=\"wp-image-22732\" srcset=\"https:\/\/www.sef-italia.it\/wp-content\/uploads\/2023\/04\/194b3d55-4dc6-4c02-9ba6-3aba0420eed7-970x1024.jpg 970w, https:\/\/www.sef-italia.it\/wp-content\/uploads\/2023\/04\/194b3d55-4dc6-4c02-9ba6-3aba0420eed7-284x300.jpg 284w, https:\/\/www.sef-italia.it\/wp-content\/uploads\/2023\/04\/194b3d55-4dc6-4c02-9ba6-3aba0420eed7-768x810.jpg 768w, https:\/\/www.sef-italia.it\/wp-content\/uploads\/2023\/04\/194b3d55-4dc6-4c02-9ba6-3aba0420eed7-1000x1055.jpg 1000w, https:\/\/www.sef-italia.it\/wp-content\/uploads\/2023\/04\/194b3d55-4dc6-4c02-9ba6-3aba0420eed7-230x243.jpg 230w, https:\/\/www.sef-italia.it\/wp-content\/uploads\/2023\/04\/194b3d55-4dc6-4c02-9ba6-3aba0420eed7-350x369.jpg 350w, https:\/\/www.sef-italia.it\/wp-content\/uploads\/2023\/04\/194b3d55-4dc6-4c02-9ba6-3aba0420eed7-480x507.jpg 480w, https:\/\/www.sef-italia.it\/wp-content\/uploads\/2023\/04\/194b3d55-4dc6-4c02-9ba6-3aba0420eed7-800x844.jpg 800w, https:\/\/www.sef-italia.it\/wp-content\/uploads\/2023\/04\/194b3d55-4dc6-4c02-9ba6-3aba0420eed7.jpg 1302w\" sizes=\"(max-width: 970px) 100vw, 970px\" \/><\/figure>\n\n<figure class=\"wp-block-image size-large\"><img loading=\"lazy\" decoding=\"async\" width=\"577\" height=\"1024\" data-id=\"22731\" src=\"https:\/\/www.sef-italia.it\/wp-content\/uploads\/2023\/04\/a8504d04-9f7e-4c26-a81d-dac0b44eedd5-577x1024.jpg\" alt=\"\" class=\"wp-image-22731\" srcset=\"https:\/\/www.sef-italia.it\/wp-content\/uploads\/2023\/04\/a8504d04-9f7e-4c26-a81d-dac0b44eedd5-577x1024.jpg 577w, https:\/\/www.sef-italia.it\/wp-content\/uploads\/2023\/04\/a8504d04-9f7e-4c26-a81d-dac0b44eedd5-169x300.jpg 169w, https:\/\/www.sef-italia.it\/wp-content\/uploads\/2023\/04\/a8504d04-9f7e-4c26-a81d-dac0b44eedd5-768x1364.jpg 768w, https:\/\/www.sef-italia.it\/wp-content\/uploads\/2023\/04\/a8504d04-9f7e-4c26-a81d-dac0b44eedd5-865x1536.jpg 865w, https:\/\/www.sef-italia.it\/wp-content\/uploads\/2023\/04\/a8504d04-9f7e-4c26-a81d-dac0b44eedd5-230x408.jpg 230w, https:\/\/www.sef-italia.it\/wp-content\/uploads\/2023\/04\/a8504d04-9f7e-4c26-a81d-dac0b44eedd5-350x622.jpg 350w, https:\/\/www.sef-italia.it\/wp-content\/uploads\/2023\/04\/a8504d04-9f7e-4c26-a81d-dac0b44eedd5-480x852.jpg 480w, https:\/\/www.sef-italia.it\/wp-content\/uploads\/2023\/04\/a8504d04-9f7e-4c26-a81d-dac0b44eedd5-800x1421.jpg 800w, https:\/\/www.sef-italia.it\/wp-content\/uploads\/2023\/04\/a8504d04-9f7e-4c26-a81d-dac0b44eedd5.jpg 901w\" sizes=\"(max-width: 577px) 100vw, 577px\" \/><\/figure>\n\n<figure class=\"wp-block-image size-large\"><img loading=\"lazy\" decoding=\"async\" width=\"577\" height=\"1024\" data-id=\"22730\" src=\"https:\/\/www.sef-italia.it\/wp-content\/uploads\/2023\/04\/7321c4ae-f034-4225-991c-f1e285d4c9fa-577x1024.jpg\" alt=\"\" class=\"wp-image-22730\" srcset=\"https:\/\/www.sef-italia.it\/wp-content\/uploads\/2023\/04\/7321c4ae-f034-4225-991c-f1e285d4c9fa-577x1024.jpg 577w, https:\/\/www.sef-italia.it\/wp-content\/uploads\/2023\/04\/7321c4ae-f034-4225-991c-f1e285d4c9fa-169x300.jpg 169w, https:\/\/www.sef-italia.it\/wp-content\/uploads\/2023\/04\/7321c4ae-f034-4225-991c-f1e285d4c9fa-768x1364.jpg 768w, https:\/\/www.sef-italia.it\/wp-content\/uploads\/2023\/04\/7321c4ae-f034-4225-991c-f1e285d4c9fa-865x1536.jpg 865w, https:\/\/www.sef-italia.it\/wp-content\/uploads\/2023\/04\/7321c4ae-f034-4225-991c-f1e285d4c9fa-230x408.jpg 230w, https:\/\/www.sef-italia.it\/wp-content\/uploads\/2023\/04\/7321c4ae-f034-4225-991c-f1e285d4c9fa-350x622.jpg 350w, https:\/\/www.sef-italia.it\/wp-content\/uploads\/2023\/04\/7321c4ae-f034-4225-991c-f1e285d4c9fa-480x852.jpg 480w, https:\/\/www.sef-italia.it\/wp-content\/uploads\/2023\/04\/7321c4ae-f034-4225-991c-f1e285d4c9fa-800x1421.jpg 800w, https:\/\/www.sef-italia.it\/wp-content\/uploads\/2023\/04\/7321c4ae-f034-4225-991c-f1e285d4c9fa.jpg 901w\" sizes=\"(max-width: 577px) 100vw, 577px\" \/><\/figure><\/figure>","protected":false},"excerpt":{"rendered":"<p>\u00c8 giunta al termine questa bella giornata di festa al Museo del Cavallo Giocattolo in compagnia del Centro Ippico Il Roccolino ed [&hellip;]<\/p>\n","protected":false},"author":83,"featured_media":22738,"comment_status":"open","ping_status":"open","sticky":false,"template":"","format":"standard","meta":{"footnotes":""},"categories":[4,1,162],"tags":[73,106,40,56,62,84,38,42],"yoast_head":"<!-- This site is optimized with the Yoast SEO plugin v24.5 - https:\/\/yoast.com\/wordpress\/plugins\/seo\/ -->\r\n<title>Una giornata di Festa al Museo del Cavallo Giocattolo - SEF Italia<\/title>\r\n<meta name=\"robots\" content=\"index, follow, max-snippet:-1, max-image-preview:large, max-video-preview:-1\" \/>\r\n<link rel=\"canonical\" href=\"https:\/\/www.sef-italia.it\/index.php\/2023\/04\/20\/una-giornata-di-festa-al-museo-del-cavallo-giocattolo\/\" \/>\r\n<meta property=\"og:locale\" content=\"it_IT\" \/>\r\n<meta property=\"og:type\" content=\"article\" \/>\r\n<meta property=\"og:title\" content=\"Una giornata di Festa al Museo del Cavallo Giocattolo - SEF Italia\" \/>\r\n<meta property=\"og:description\" content=\"\u00c8 giunta al termine questa bella giornata di festa al Museo del Cavallo Giocattolo in compagnia del Centro Ippico Il Roccolino ed [&hellip;]\" \/>\r\n<meta property=\"og:url\" content=\"https:\/\/www.sef-italia.it\/index.php\/2023\/04\/20\/una-giornata-di-festa-al-museo-del-cavallo-giocattolo\/\" \/>\r\n<meta property=\"og:site_name\" content=\"SEF Italia\" \/>\r\n<meta property=\"article:publisher\" content=\"https:\/\/www.facebook.com\/scuolaequestrediformazione\/\" \/>\r\n<meta property=\"article:published_time\" content=\"2023-04-20T07:00:00+00:00\" \/>\r\n<meta property=\"og:image\" content=\"https:\/\/www.sef-italia.it\/wp-content\/uploads\/2023\/04\/411c28a7-42b2-4e4e-a2c0-42d97a2f237c.jpg\" \/>\r\n\t<meta property=\"og:image:width\" content=\"1600\" \/>\r\n\t<meta property=\"og:image:height\" content=\"901\" \/>\r\n\t<meta property=\"og:image:type\" content=\"image\/jpeg\" \/>\r\n<meta name=\"author\" content=\"Maria Teresa Bevilacqua\" \/>\r\n<meta name=\"twitter:card\" content=\"summary_large_image\" \/>\r\n<meta name=\"twitter:creator\" content=\"@sef_italia\" \/>\r\n<meta name=\"twitter:site\" content=\"@sef_italia\" \/>\r\n<meta name=\"twitter:label1\" content=\"Scritto da\" \/>\n\t<meta name=\"twitter:data1\" content=\"Maria Teresa Bevilacqua\" \/>\n\t<meta name=\"twitter:label2\" content=\"Tempo di lettura stimato\" \/>\n\t<meta name=\"twitter:data2\" content=\"4 minuti\" \/>\r\n<script type=\"application\/ld+json\" class=\"yoast-schema-graph\">{\"@context\":\"https:\/\/schema.org\",\"@graph\":[{\"@type\":\"Article\",\"@id\":\"https:\/\/www.sef-italia.it\/index.php\/2023\/04\/20\/una-giornata-di-festa-al-museo-del-cavallo-giocattolo\/#article\",\"isPartOf\":{\"@id\":\"https:\/\/www.sef-italia.it\/index.php\/2023\/04\/20\/una-giornata-di-festa-al-museo-del-cavallo-giocattolo\/\"},\"author\":{\"name\":\"Maria Teresa Bevilacqua\",\"@id\":\"https:\/\/www.sef-italia.it\/#\/schema\/person\/98bbf141ebc34928c1b6b3262203ee9e\"},\"headline\":\"Una giornata di Festa al Museo del Cavallo Giocattolo\",\"datePublished\":\"2023-04-20T07:00:00+00:00\",\"mainEntityOfPage\":{\"@id\":\"https:\/\/www.sef-italia.it\/index.php\/2023\/04\/20\/una-giornata-di-festa-al-museo-del-cavallo-giocattolo\/\"},\"wordCount\":125,\"commentCount\":0,\"publisher\":{\"@id\":\"https:\/\/www.sef-italia.it\/#organization\"},\"image\":{\"@id\":\"https:\/\/www.sef-italia.it\/index.php\/2023\/04\/20\/una-giornata-di-festa-al-museo-del-cavallo-giocattolo\/#primaryimage\"},\"thumbnailUrl\":\"https:\/\/www.sef-italia.it\/wp-content\/uploads\/2023\/04\/411c28a7-42b2-4e4e-a2c0-42d97a2f237c.jpg\",\"keywords\":[\"campionato\",\"corsi di formazione\",\"corsi equestri\",\"discipline equestri\",\"educazione e formazione\",\"giocando formiamo campioni\",\"sport e formazione\",\"sport equestri\"],\"articleSection\":[\"Eventi\",\"News\",\"PONY\"],\"inLanguage\":\"it-IT\",\"potentialAction\":[{\"@type\":\"CommentAction\",\"name\":\"Comment\",\"target\":[\"https:\/\/www.sef-italia.it\/index.php\/2023\/04\/20\/una-giornata-di-festa-al-museo-del-cavallo-giocattolo\/#respond\"]}]},{\"@type\":\"WebPage\",\"@id\":\"https:\/\/www.sef-italia.it\/index.php\/2023\/04\/20\/una-giornata-di-festa-al-museo-del-cavallo-giocattolo\/\",\"url\":\"https:\/\/www.sef-italia.it\/index.php\/2023\/04\/20\/una-giornata-di-festa-al-museo-del-cavallo-giocattolo\/\",\"name\":\"Una giornata di Festa al Museo del Cavallo Giocattolo - SEF Italia\",\"isPartOf\":{\"@id\":\"https:\/\/www.sef-italia.it\/#website\"},\"primaryImageOfPage\":{\"@id\":\"https:\/\/www.sef-italia.it\/index.php\/2023\/04\/20\/una-giornata-di-festa-al-museo-del-cavallo-giocattolo\/#primaryimage\"},\"image\":{\"@id\":\"https:\/\/www.sef-italia.it\/index.php\/2023\/04\/20\/una-giornata-di-festa-al-museo-del-cavallo-giocattolo\/#primaryimage\"},\"thumbnailUrl\":\"https:\/\/www.sef-italia.it\/wp-content\/uploads\/2023\/04\/411c28a7-42b2-4e4e-a2c0-42d97a2f237c.jpg\",\"datePublished\":\"2023-04-20T07:00:00+00:00\",\"breadcrumb\":{\"@id\":\"https:\/\/www.sef-italia.it\/index.php\/2023\/04\/20\/una-giornata-di-festa-al-museo-del-cavallo-giocattolo\/#breadcrumb\"},\"inLanguage\":\"it-IT\",\"potentialAction\":[{\"@type\":\"ReadAction\",\"target\":[\"https:\/\/www.sef-italia.it\/index.php\/2023\/04\/20\/una-giornata-di-festa-al-museo-del-cavallo-giocattolo\/\"]}]},{\"@type\":\"ImageObject\",\"inLanguage\":\"it-IT\",\"@id\":\"https:\/\/www.sef-italia.it\/index.php\/2023\/04\/20\/una-giornata-di-festa-al-museo-del-cavallo-giocattolo\/#primaryimage\",\"url\":\"https:\/\/www.sef-italia.it\/wp-content\/uploads\/2023\/04\/411c28a7-42b2-4e4e-a2c0-42d97a2f237c.jpg\",\"contentUrl\":\"https:\/\/www.sef-italia.it\/wp-content\/uploads\/2023\/04\/411c28a7-42b2-4e4e-a2c0-42d97a2f237c.jpg\",\"width\":1600,\"height\":901},{\"@type\":\"BreadcrumbList\",\"@id\":\"https:\/\/www.sef-italia.it\/index.php\/2023\/04\/20\/una-giornata-di-festa-al-museo-del-cavallo-giocattolo\/#breadcrumb\",\"itemListElement\":[{\"@type\":\"ListItem\",\"position\":1,\"name\":\"Home\",\"item\":\"https:\/\/www.sef-italia.it\/\"},{\"@type\":\"ListItem\",\"position\":2,\"name\":\"Una giornata di Festa al Museo del Cavallo Giocattolo\"}]},{\"@type\":\"WebSite\",\"@id\":\"https:\/\/www.sef-italia.it\/#website\",\"url\":\"https:\/\/www.sef-italia.it\/\",\"name\":\"SEF Italia\",\"description\":\"Il nuovo sito SEF Italia\",\"publisher\":{\"@id\":\"https:\/\/www.sef-italia.it\/#organization\"},\"potentialAction\":[{\"@type\":\"SearchAction\",\"target\":{\"@type\":\"EntryPoint\",\"urlTemplate\":\"https:\/\/www.sef-italia.it\/?s={search_term_string}\"},\"query-input\":{\"@type\":\"PropertyValueSpecification\",\"valueRequired\":true,\"valueName\":\"search_term_string\"}}],\"inLanguage\":\"it-IT\"},{\"@type\":\"Organization\",\"@id\":\"https:\/\/www.sef-italia.it\/#organization\",\"name\":\"SEF Italia\",\"url\":\"https:\/\/www.sef-italia.it\/\",\"logo\":{\"@type\":\"ImageObject\",\"inLanguage\":\"it-IT\",\"@id\":\"https:\/\/www.sef-italia.it\/#\/schema\/logo\/image\/\",\"url\":\"https:\/\/www.sef-italia.it\/wp-content\/uploads\/2018\/01\/logoSEF_QUADRATO-.jpg\",\"contentUrl\":\"https:\/\/www.sef-italia.it\/wp-content\/uploads\/2018\/01\/logoSEF_QUADRATO-.jpg\",\"width\":600,\"height\":600,\"caption\":\"SEF Italia\"},\"image\":{\"@id\":\"https:\/\/www.sef-italia.it\/#\/schema\/logo\/image\/\"},\"sameAs\":[\"https:\/\/www.facebook.com\/scuolaequestrediformazione\/\",\"https:\/\/x.com\/sef_italia\",\"https:\/\/www.youtube.com\/channel\/UCcEMamL3elnrqfrtIT8sh7g?view_as=subscriber\"]},{\"@type\":\"Person\",\"@id\":\"https:\/\/www.sef-italia.it\/#\/schema\/person\/98bbf141ebc34928c1b6b3262203ee9e\",\"name\":\"Maria Teresa Bevilacqua\",\"image\":{\"@type\":\"ImageObject\",\"inLanguage\":\"it-IT\",\"@id\":\"https:\/\/www.sef-italia.it\/#\/schema\/person\/image\/\",\"url\":\"https:\/\/secure.gravatar.com\/avatar\/15e0000cbd79bf458c75ba2fc416b0c2?s=96&d=mm&r=g\",\"contentUrl\":\"https:\/\/secure.gravatar.com\/avatar\/15e0000cbd79bf458c75ba2fc416b0c2?s=96&d=mm&r=g\",\"caption\":\"Maria Teresa Bevilacqua\"},\"url\":\"https:\/\/www.sef-italia.it\/index.php\/author\/mariateresa\/\"}]}<\/script>\r\n<!-- \/ Yoast SEO plugin. -->","yoast_head_json":{"title":"Una giornata di Festa al Museo del Cavallo Giocattolo - SEF Italia","robots":{"index":"index","follow":"follow","max-snippet":"max-snippet:-1","max-image-preview":"max-image-preview:large","max-video-preview":"max-video-preview:-1"},"canonical":"https:\/\/www.sef-italia.it\/index.php\/2023\/04\/20\/una-giornata-di-festa-al-museo-del-cavallo-giocattolo\/","og_locale":"it_IT","og_type":"article","og_title":"Una giornata di Festa al Museo del Cavallo Giocattolo - SEF Italia","og_description":"\u00c8 giunta al termine questa bella giornata di festa al Museo del Cavallo Giocattolo in compagnia del Centro Ippico Il Roccolino ed [&hellip;]","og_url":"https:\/\/www.sef-italia.it\/index.php\/2023\/04\/20\/una-giornata-di-festa-al-museo-del-cavallo-giocattolo\/","og_site_name":"SEF Italia","article_publisher":"https:\/\/www.facebook.com\/scuolaequestrediformazione\/","article_published_time":"2023-04-20T07:00:00+00:00","og_image":[{"width":1600,"height":901,"url":"https:\/\/www.sef-italia.it\/wp-content\/uploads\/2023\/04\/411c28a7-42b2-4e4e-a2c0-42d97a2f237c.jpg","type":"image\/jpeg"}],"author":"Maria Teresa Bevilacqua","twitter_card":"summary_large_image","twitter_creator":"@sef_italia","twitter_site":"@sef_italia","twitter_misc":{"Scritto da":"Maria Teresa Bevilacqua","Tempo di lettura stimato":"4 minuti"},"schema":{"@context":"https:\/\/schema.org","@graph":[{"@type":"Article","@id":"https:\/\/www.sef-italia.it\/index.php\/2023\/04\/20\/una-giornata-di-festa-al-museo-del-cavallo-giocattolo\/#article","isPartOf":{"@id":"https:\/\/www.sef-italia.it\/index.php\/2023\/04\/20\/una-giornata-di-festa-al-museo-del-cavallo-giocattolo\/"},"author":{"name":"Maria Teresa Bevilacqua","@id":"https:\/\/www.sef-italia.it\/#\/schema\/person\/98bbf141ebc34928c1b6b3262203ee9e"},"headline":"Una giornata di Festa al Museo del Cavallo Giocattolo","datePublished":"2023-04-20T07:00:00+00:00","mainEntityOfPage":{"@id":"https:\/\/www.sef-italia.it\/index.php\/2023\/04\/20\/una-giornata-di-festa-al-museo-del-cavallo-giocattolo\/"},"wordCount":125,"commentCount":0,"publisher":{"@id":"https:\/\/www.sef-italia.it\/#organization"},"image":{"@id":"https:\/\/www.sef-italia.it\/index.php\/2023\/04\/20\/una-giornata-di-festa-al-museo-del-cavallo-giocattolo\/#primaryimage"},"thumbnailUrl":"https:\/\/www.sef-italia.it\/wp-content\/uploads\/2023\/04\/411c28a7-42b2-4e4e-a2c0-42d97a2f237c.jpg","keywords":["campionato","corsi di formazione","corsi equestri","discipline equestri","educazione e formazione","giocando formiamo campioni","sport e formazione","sport equestri"],"articleSection":["Eventi","News","PONY"],"inLanguage":"it-IT","potentialAction":[{"@type":"CommentAction","name":"Comment","target":["https:\/\/www.sef-italia.it\/index.php\/2023\/04\/20\/una-giornata-di-festa-al-museo-del-cavallo-giocattolo\/#respond"]}]},{"@type":"WebPage","@id":"https:\/\/www.sef-italia.it\/index.php\/2023\/04\/20\/una-giornata-di-festa-al-museo-del-cavallo-giocattolo\/","url":"https:\/\/www.sef-italia.it\/index.php\/2023\/04\/20\/una-giornata-di-festa-al-museo-del-cavallo-giocattolo\/","name":"Una giornata di Festa al Museo del Cavallo Giocattolo - SEF Italia","isPartOf":{"@id":"https:\/\/www.sef-italia.it\/#website"},"primaryImageOfPage":{"@id":"https:\/\/www.sef-italia.it\/index.php\/2023\/04\/20\/una-giornata-di-festa-al-museo-del-cavallo-giocattolo\/#primaryimage"},"image":{"@id":"https:\/\/www.sef-italia.it\/index.php\/2023\/04\/20\/una-giornata-di-festa-al-museo-del-cavallo-giocattolo\/#primaryimage"},"thumbnailUrl":"https:\/\/www.sef-italia.it\/wp-content\/uploads\/2023\/04\/411c28a7-42b2-4e4e-a2c0-42d97a2f237c.jpg","datePublished":"2023-04-20T07:00:00+00:00","breadcrumb":{"@id":"https:\/\/www.sef-italia.it\/index.php\/2023\/04\/20\/una-giornata-di-festa-al-museo-del-cavallo-giocattolo\/#breadcrumb"},"inLanguage":"it-IT","potentialAction":[{"@type":"ReadAction","target":["https:\/\/www.sef-italia.it\/index.php\/2023\/04\/20\/una-giornata-di-festa-al-museo-del-cavallo-giocattolo\/"]}]},{"@type":"ImageObject","inLanguage":"it-IT","@id":"https:\/\/www.sef-italia.it\/index.php\/2023\/04\/20\/una-giornata-di-festa-al-museo-del-cavallo-giocattolo\/#primaryimage","url":"https:\/\/www.sef-italia.it\/wp-content\/uploads\/2023\/04\/411c28a7-42b2-4e4e-a2c0-42d97a2f237c.jpg","contentUrl":"https:\/\/www.sef-italia.it\/wp-content\/uploads\/2023\/04\/411c28a7-42b2-4e4e-a2c0-42d97a2f237c.jpg","width":1600,"height":901},{"@type":"BreadcrumbList","@id":"https:\/\/www.sef-italia.it\/index.php\/2023\/04\/20\/una-giornata-di-festa-al-museo-del-cavallo-giocattolo\/#breadcrumb","itemListElement":[{"@type":"ListItem","position":1,"name":"Home","item":"https:\/\/www.sef-italia.it\/"},{"@type":"ListItem","position":2,"name":"Una giornata di Festa al Museo del Cavallo Giocattolo"}]},{"@type":"WebSite","@id":"https:\/\/www.sef-italia.it\/#website","url":"https:\/\/www.sef-italia.it\/","name":"SEF Italia","description":"Il nuovo sito SEF Italia","publisher":{"@id":"https:\/\/www.sef-italia.it\/#organization"},"potentialAction":[{"@type":"SearchAction","target":{"@type":"EntryPoint","urlTemplate":"https:\/\/www.sef-italia.it\/?s={search_term_string}"},"query-input":{"@type":"PropertyValueSpecification","valueRequired":true,"valueName":"search_term_string"}}],"inLanguage":"it-IT"},{"@type":"Organization","@id":"https:\/\/www.sef-italia.it\/#organization","name":"SEF Italia","url":"https:\/\/www.sef-italia.it\/","logo":{"@type":"ImageObject","inLanguage":"it-IT","@id":"https:\/\/www.sef-italia.it\/#\/schema\/logo\/image\/","url":"https:\/\/www.sef-italia.it\/wp-content\/uploads\/2018\/01\/logoSEF_QUADRATO-.jpg","contentUrl":"https:\/\/www.sef-italia.it\/wp-content\/uploads\/2018\/01\/logoSEF_QUADRATO-.jpg","width":600,"height":600,"caption":"SEF Italia"},"image":{"@id":"https:\/\/www.sef-italia.it\/#\/schema\/logo\/image\/"},"sameAs":["https:\/\/www.facebook.com\/scuolaequestrediformazione\/","https:\/\/x.com\/sef_italia","https:\/\/www.youtube.com\/channel\/UCcEMamL3elnrqfrtIT8sh7g?view_as=subscriber"]},{"@type":"Person","@id":"https:\/\/www.sef-italia.it\/#\/schema\/person\/98bbf141ebc34928c1b6b3262203ee9e","name":"Maria Teresa Bevilacqua","image":{"@type":"ImageObject","inLanguage":"it-IT","@id":"https:\/\/www.sef-italia.it\/#\/schema\/person\/image\/","url":"https:\/\/secure.gravatar.com\/avatar\/15e0000cbd79bf458c75ba2fc416b0c2?s=96&d=mm&r=g","contentUrl":"https:\/\/secure.gravatar.com\/avatar\/15e0000cbd79bf458c75ba2fc416b0c2?s=96&d=mm&r=g","caption":"Maria Teresa Bevilacqua"},"url":"https:\/\/www.sef-italia.it\/index.php\/author\/mariateresa\/"}]}},"_links":{"self":[{"href":"https:\/\/www.sef-italia.it\/index.php\/wp-json\/wp\/v2\/posts\/22729"}],"collection":[{"href":"https:\/\/www.sef-italia.it\/index.php\/wp-json\/wp\/v2\/posts"}],"about":[{"href":"https:\/\/www.sef-italia.it\/index.php\/wp-json\/wp\/v2\/types\/post"}],"author":[{"embeddable":true,"href":"https:\/\/www.sef-italia.it\/index.php\/wp-json\/wp\/v2\/users\/83"}],"replies":[{"embeddable":true,"href":"https:\/\/www.sef-italia.it\/index.php\/wp-json\/wp\/v2\/comments?post=22729"}],"version-history":[{"count":1,"href":"https:\/\/www.sef-italia.it\/index.php\/wp-json\/wp\/v2\/posts\/22729\/revisions"}],"predecessor-version":[{"id":22743,"href":"https:\/\/www.sef-italia.it\/index.php\/wp-json\/wp\/v2\/posts\/22729\/revisions\/22743"}],"wp:featuredmedia":[{"embeddable":true,"href":"https:\/\/www.sef-italia.it\/index.php\/wp-json\/wp\/v2\/media\/22738"}],"wp:attachment":[{"href":"https:\/\/www.sef-italia.it\/index.php\/wp-json\/wp\/v2\/media?parent=22729"}],"wp:term":[{"taxonomy":"category","embeddable":true,"href":"https:\/\/www.sef-italia.it\/index.php\/wp-json\/wp\/v2\/categories?post=22729"},{"taxonomy":"post_tag","embeddable":true,"href":"https:\/\/www.sef-italia.it\/index.php\/wp-json\/wp\/v2\/tags?post=22729"}],"curies":[{"name":"wp","href":"https:\/\/api.w.org\/{rel}","templated":true}]}}