{"id":24989,"date":"2025-07-14T09:14:04","date_gmt":"2025-07-14T07:14:04","guid":{"rendered":"https:\/\/www.sef-italia.it\/?p=24989"},"modified":"2025-07-14T09:14:10","modified_gmt":"2025-07-14T07:14:10","slug":"trofeo-sef-italia-2025","status":"publish","type":"post","link":"https:\/\/www.sef-italia.it\/index.php\/2025\/07\/14\/trofeo-sef-italia-2025\/","title":{"rendered":"TROFEO SEF-ITALIA 2025"},"content":{"rendered":"<p>Presso il centro equestre \u201c<strong>Scuderia Impero dell\u2019 asd Il Sogno Equestre<\/strong>\u201d di Altamura (Ba), localit\u00e0<br>dell&#8217;alta murgia pugliese, si \u00e8 svolta nei giorni 28\/29 giugno 2025 l\u2019ultima tappa del campionato<br>SEF-ITALIA per gare di Attacchi Sportivi.<br><\/p><p>I centri equestri affiliati che hanno aderito al progetto sono \u201cScuderia Impero\u201d e il \u201cCentro Equestre<br>Savoia\u201d di <strong>Ginosa Marina<\/strong>, localit\u00e0 balneare del versante occidentale del Golfo di Taranto. In ogni centro affiliato si sono svolte due tappe del campionato per un totale di quattro tappe e otto giornate di gara. Anche nelle ultime due giornate di gara, come nelle precedenti, c\u2019\u00e8 stata una buona partecipazione di attacchi provenienti da alcune regioni limitrofe e drivers di diverse et\u00e0 ed entrambi i sessi.<br>In una gara l\u2019attacco composto da driver, groom, carrozza e cavallo ( singolo, pariglia ecc) affronta un percorso obbligato , che pu\u00f2 variare da seicento ad oltre mille metri, su cui sono sistemati ostacoli fissi ( dossi, canali con acqua, balloni di paglia, tronchi ecc) e mobili ( coni su cui \u00e8 appoggiata una pallina) da percorrere nel minor tempo e minori penalit\u00e0 possibili. Ogni errore commesso lungo il percorso corrisponde ad alcuni secondi di penalit\u00e0, per ogni tipo di errore scatta una penalit\u00e0 diversa. I secondi di penalit\u00e0 vengono sommati al tempo di gara per ottenere il tempo totale.<br><\/p><p>I vincitori di gara sono stati: sabato 28 Matteo <strong>LAERA<\/strong> e domenica 29 <strong>Francesco GUGLIELMO<\/strong> del team Laera, entrambi con lo stesso cavallo il lipizzano Conversano Slatina Della Grotta dell\u2019allevamento del dott. Domenico Lagravinese.<br>In ogni classifica stilata alla fine di ogni singola gara ai drivers \u00e8 stato assegnato un punteggio diverso in base all\u2019 ordine di arrivo. <\/p><p>Degli otto migliori punteggi ottenuti dal driver che pu\u00f2 partecipare con pi\u00f9 cavalli, e non dall\u2019 attacco, sono stati estrapolati e sommati i sei punteggi pi\u00f9 alti. Questa formula di assegnazione dei punti \u00e8 risultata vincente perch\u00e9 oltre ad assegnare il Trofeo al driver pi\u00f9 bravo ha premiato anche i drivers pi\u00f9 costanti, desiderosi di mettersi in gioco e confrontarsi.<\/p><figure class=\"wp-block-image size-large\"><img loading=\"lazy\" decoding=\"async\" width=\"1024\" height=\"768\" src=\"https:\/\/www.sef-italia.it\/wp-content\/uploads\/2025\/07\/WhatsApp-Image-2025-07-11-at-13.53.03-1024x768.jpeg\" alt=\"\" class=\"wp-image-24990\" srcset=\"https:\/\/www.sef-italia.it\/wp-content\/uploads\/2025\/07\/WhatsApp-Image-2025-07-11-at-13.53.03-1024x768.jpeg 1024w, https:\/\/www.sef-italia.it\/wp-content\/uploads\/2025\/07\/WhatsApp-Image-2025-07-11-at-13.53.03-300x225.jpeg 300w, https:\/\/www.sef-italia.it\/wp-content\/uploads\/2025\/07\/WhatsApp-Image-2025-07-11-at-13.53.03-768x576.jpeg 768w, https:\/\/www.sef-italia.it\/wp-content\/uploads\/2025\/07\/WhatsApp-Image-2025-07-11-at-13.53.03-1536x1152.jpeg 1536w, https:\/\/www.sef-italia.it\/wp-content\/uploads\/2025\/07\/WhatsApp-Image-2025-07-11-at-13.53.03-1000x750.jpeg 1000w, https:\/\/www.sef-italia.it\/wp-content\/uploads\/2025\/07\/WhatsApp-Image-2025-07-11-at-13.53.03-230x173.jpeg 230w, https:\/\/www.sef-italia.it\/wp-content\/uploads\/2025\/07\/WhatsApp-Image-2025-07-11-at-13.53.03-350x263.jpeg 350w, https:\/\/www.sef-italia.it\/wp-content\/uploads\/2025\/07\/WhatsApp-Image-2025-07-11-at-13.53.03-480x360.jpeg 480w, https:\/\/www.sef-italia.it\/wp-content\/uploads\/2025\/07\/WhatsApp-Image-2025-07-11-at-13.53.03-800x600.jpeg 800w, https:\/\/www.sef-italia.it\/wp-content\/uploads\/2025\/07\/WhatsApp-Image-2025-07-11-at-13.53.03.jpeg 2048w\" sizes=\"(max-width: 1024px) 100vw, 1024px\" \/><\/figure><p>La classifica finale per l\u2019assegnazione del Trofeo Sef-Italia \u00e8 la seguente:<\/p><figure class=\"wp-block-image size-large\"><img loading=\"lazy\" decoding=\"async\" width=\"1024\" height=\"241\" src=\"https:\/\/www.sef-italia.it\/wp-content\/uploads\/2025\/07\/Schermata-2025-07-14-alle-09.01.39-1024x241.png\" alt=\"\" class=\"wp-image-24991\" srcset=\"https:\/\/www.sef-italia.it\/wp-content\/uploads\/2025\/07\/Schermata-2025-07-14-alle-09.01.39-1024x241.png 1024w, https:\/\/www.sef-italia.it\/wp-content\/uploads\/2025\/07\/Schermata-2025-07-14-alle-09.01.39-300x71.png 300w, https:\/\/www.sef-italia.it\/wp-content\/uploads\/2025\/07\/Schermata-2025-07-14-alle-09.01.39-768x181.png 768w, https:\/\/www.sef-italia.it\/wp-content\/uploads\/2025\/07\/Schermata-2025-07-14-alle-09.01.39-1536x361.png 1536w, https:\/\/www.sef-italia.it\/wp-content\/uploads\/2025\/07\/Schermata-2025-07-14-alle-09.01.39-1000x235.png 1000w, https:\/\/www.sef-italia.it\/wp-content\/uploads\/2025\/07\/Schermata-2025-07-14-alle-09.01.39-230x54.png 230w, https:\/\/www.sef-italia.it\/wp-content\/uploads\/2025\/07\/Schermata-2025-07-14-alle-09.01.39-350x82.png 350w, https:\/\/www.sef-italia.it\/wp-content\/uploads\/2025\/07\/Schermata-2025-07-14-alle-09.01.39-480x113.png 480w, https:\/\/www.sef-italia.it\/wp-content\/uploads\/2025\/07\/Schermata-2025-07-14-alle-09.01.39-800x188.png 800w, https:\/\/www.sef-italia.it\/wp-content\/uploads\/2025\/07\/Schermata-2025-07-14-alle-09.01.39.png 1666w\" sizes=\"(max-width: 1024px) 100vw, 1024px\" \/><\/figure><figure class=\"wp-block-image size-full\"><img loading=\"lazy\" decoding=\"async\" width=\"837\" height=\"438\" src=\"https:\/\/www.sef-italia.it\/wp-content\/uploads\/2025\/07\/WhatsApp-Image-2025-07-11-at-13.53.03-1.jpeg\" alt=\"\" class=\"wp-image-24992\" srcset=\"https:\/\/www.sef-italia.it\/wp-content\/uploads\/2025\/07\/WhatsApp-Image-2025-07-11-at-13.53.03-1.jpeg 837w, https:\/\/www.sef-italia.it\/wp-content\/uploads\/2025\/07\/WhatsApp-Image-2025-07-11-at-13.53.03-1-300x157.jpeg 300w, https:\/\/www.sef-italia.it\/wp-content\/uploads\/2025\/07\/WhatsApp-Image-2025-07-11-at-13.53.03-1-768x402.jpeg 768w, https:\/\/www.sef-italia.it\/wp-content\/uploads\/2025\/07\/WhatsApp-Image-2025-07-11-at-13.53.03-1-230x120.jpeg 230w, https:\/\/www.sef-italia.it\/wp-content\/uploads\/2025\/07\/WhatsApp-Image-2025-07-11-at-13.53.03-1-350x183.jpeg 350w, https:\/\/www.sef-italia.it\/wp-content\/uploads\/2025\/07\/WhatsApp-Image-2025-07-11-at-13.53.03-1-480x251.jpeg 480w, https:\/\/www.sef-italia.it\/wp-content\/uploads\/2025\/07\/WhatsApp-Image-2025-07-11-at-13.53.03-1-800x419.jpeg 800w\" sizes=\"(max-width: 837px) 100vw, 837px\" \/><\/figure><p>Articolo sef italia<\/p><p>Le coppe con cui sono stati premiati i primi tre drivers classificati sono state offerte dall&#8217;associazione \u201c<strong>Compagnia 4\u00b0 Reggimento Carabinieri a Cavallo in pensione<\/strong>\u201d.<br>I drivers Pisani, Laera e Narracci sono stati campioni italiani attacchi amatoriali Fise mentre Guglielmo \u00e8 stato campione italiano attacchi juniores Fise.<br>Al termine della cerimonia il vincitore l\u2019avv. Pisani ha avuto parole di incoraggiamento per tutti gli amanti dell\u2019 equitazione presenti affinch\u00e9 si avvicinino e partecipino sempre pi\u00f9 alle gare di attacchi e che si facciano portavoce per far conoscere il mondo degli attacchi soprattutto ai pi\u00f9 giovani.<br>Infine rivolgendosi ai giovanissimi drivers presenti l\u2019 avv. Pisani li ha invitati a seguire l\u2019 esempio di Francesco Guglielmo che allenandosi con tenacia e costanza \u00e8 riuscito ad imporsi come uno dei migliori drivers a livello a nazionale nonostante abbia da poco raggiunto la maggior et\u00e0.<\/p><p>Una figura importante e determinante in un attacco \u00e8 quella del Groom, utilissimo nell\u2019 equilibrare la carrozza tra gli ostacoli. Tra tutti si distingue il veterano <strong>Angelo Amodio <\/strong>del team Pisani, mentre tra i pi\u00f9 giovani si sta facendo notare il diciottenne <strong>Gianni Di Caro<\/strong> del team Narracci.<br>In conclusione possiamo dire che le gare di questo campionato Sef-Italia oltre a tenere alta la competitivit\u00e0 e l&#8217;adrenalina tra i drivers hanno dato buone aspettative sul futuro di questa disciplina vista la numerosa partecipazione di giovani appassionati entusiasti e competenti.<br>Il presidente della Sef-Italia dott. <strong>Pietro ESPOSITO<\/strong> e il comitato organizzatore del campionato \u201cTrofeo Sef-Italia per gare di Attacchi\u201d ringraziano tutti coloro che hanno collaborato alla realizzazione della manifestazione ed in particolare i presidenti dei circoli affiliati <strong>Nicola SERVEDIO<\/strong> e <strong>Roberto CORSANO<\/strong>, il responsabile attacchi della Sef-Italia<strong> Matteo LAERA<\/strong> ed il suo team,tutti i drivers partecipanti con i loro groom e collaboratori vari.<br>Per tutti quanti l\u2019 appuntamento \u00e8 rinnovato al prossimo anno e per il prossimo campionato convinti di una adesione e partecipazione sempre maggiore e sempre ricca di entusiasmo.<br><\/p><p>PS: I primi cinque drivers classificati con i loro team sono invitati a partecipare alla \u201cGiornata Nazionale della <strong>SEF-ITALIA<\/strong>\u201d che si terr\u00e0 presso lo stadio <strong>Armando MARADONA<\/strong> di Napoli il giorno 11\/ottobre\/2025.<\/p><p><\/p>","protected":false},"excerpt":{"rendered":"<p>Presso il centro equestre \u201cScuderia Impero dell\u2019 asd Il Sogno Equestre\u201d di Altamura (Ba), localit\u00e0dell&#8217;alta murgia pugliese, si \u00e8 svolta nei giorni [&hellip;]<\/p>\n","protected":false},"author":84,"featured_media":0,"comment_status":"open","ping_status":"open","sticky":false,"template":"","format":"standard","meta":{"footnotes":""},"categories":[1],"tags":[],"yoast_head":"<!-- This site is optimized with the Yoast SEO plugin v24.5 - https:\/\/yoast.com\/wordpress\/plugins\/seo\/ -->\r\n<title>TROFEO SEF-ITALIA 2025 - SEF Italia<\/title>\r\n<meta name=\"robots\" content=\"index, follow, max-snippet:-1, max-image-preview:large, max-video-preview:-1\" \/>\r\n<link rel=\"canonical\" href=\"https:\/\/www.sef-italia.it\/index.php\/2025\/07\/14\/trofeo-sef-italia-2025\/\" \/>\r\n<meta property=\"og:locale\" content=\"it_IT\" \/>\r\n<meta property=\"og:type\" content=\"article\" \/>\r\n<meta property=\"og:title\" content=\"TROFEO SEF-ITALIA 2025 - SEF Italia\" \/>\r\n<meta property=\"og:description\" content=\"Presso il centro equestre \u201cScuderia Impero dell\u2019 asd Il Sogno Equestre\u201d di Altamura (Ba), localit\u00e0dell&#8217;alta murgia pugliese, si \u00e8 svolta nei giorni [&hellip;]\" \/>\r\n<meta property=\"og:url\" content=\"https:\/\/www.sef-italia.it\/index.php\/2025\/07\/14\/trofeo-sef-italia-2025\/\" \/>\r\n<meta property=\"og:site_name\" content=\"SEF Italia\" \/>\r\n<meta property=\"article:publisher\" content=\"https:\/\/www.facebook.com\/scuolaequestrediformazione\/\" \/>\r\n<meta property=\"article:published_time\" content=\"2025-07-14T07:14:04+00:00\" \/>\r\n<meta property=\"article:modified_time\" content=\"2025-07-14T07:14:10+00:00\" \/>\r\n<meta property=\"og:image\" content=\"https:\/\/www.sef-italia.it\/wp-content\/uploads\/2025\/07\/WhatsApp-Image-2025-07-11-at-13.53.03.jpeg\" \/>\r\n\t<meta property=\"og:image:width\" content=\"2048\" \/>\r\n\t<meta property=\"og:image:height\" content=\"1536\" \/>\r\n\t<meta property=\"og:image:type\" content=\"image\/jpeg\" \/>\r\n<meta name=\"author\" content=\"Alessia\" \/>\r\n<meta name=\"twitter:card\" content=\"summary_large_image\" \/>\r\n<meta name=\"twitter:creator\" content=\"@sef_italia\" \/>\r\n<meta name=\"twitter:site\" content=\"@sef_italia\" \/>\r\n<meta name=\"twitter:label1\" content=\"Scritto da\" \/>\n\t<meta name=\"twitter:data1\" content=\"Alessia\" \/>\n\t<meta name=\"twitter:label2\" content=\"Tempo di lettura stimato\" \/>\n\t<meta name=\"twitter:data2\" content=\"5 minuti\" \/>\r\n<script type=\"application\/ld+json\" class=\"yoast-schema-graph\">{\"@context\":\"https:\/\/schema.org\",\"@graph\":[{\"@type\":\"Article\",\"@id\":\"https:\/\/www.sef-italia.it\/index.php\/2025\/07\/14\/trofeo-sef-italia-2025\/#article\",\"isPartOf\":{\"@id\":\"https:\/\/www.sef-italia.it\/index.php\/2025\/07\/14\/trofeo-sef-italia-2025\/\"},\"author\":{\"name\":\"Alessia\",\"@id\":\"https:\/\/www.sef-italia.it\/#\/schema\/person\/28ce8b81ab731e49c889d68fe664bffd\"},\"headline\":\"TROFEO SEF-ITALIA 2025\",\"datePublished\":\"2025-07-14T07:14:04+00:00\",\"dateModified\":\"2025-07-14T07:14:10+00:00\",\"mainEntityOfPage\":{\"@id\":\"https:\/\/www.sef-italia.it\/index.php\/2025\/07\/14\/trofeo-sef-italia-2025\/\"},\"wordCount\":692,\"commentCount\":0,\"publisher\":{\"@id\":\"https:\/\/www.sef-italia.it\/#organization\"},\"image\":{\"@id\":\"https:\/\/www.sef-italia.it\/index.php\/2025\/07\/14\/trofeo-sef-italia-2025\/#primaryimage\"},\"thumbnailUrl\":\"https:\/\/www.sef-italia.it\/wp-content\/uploads\/2025\/07\/WhatsApp-Image-2025-07-11-at-13.53.03-1024x768.jpeg\",\"articleSection\":[\"News\"],\"inLanguage\":\"it-IT\",\"potentialAction\":[{\"@type\":\"CommentAction\",\"name\":\"Comment\",\"target\":[\"https:\/\/www.sef-italia.it\/index.php\/2025\/07\/14\/trofeo-sef-italia-2025\/#respond\"]}]},{\"@type\":\"WebPage\",\"@id\":\"https:\/\/www.sef-italia.it\/index.php\/2025\/07\/14\/trofeo-sef-italia-2025\/\",\"url\":\"https:\/\/www.sef-italia.it\/index.php\/2025\/07\/14\/trofeo-sef-italia-2025\/\",\"name\":\"TROFEO SEF-ITALIA 2025 - SEF Italia\",\"isPartOf\":{\"@id\":\"https:\/\/www.sef-italia.it\/#website\"},\"primaryImageOfPage\":{\"@id\":\"https:\/\/www.sef-italia.it\/index.php\/2025\/07\/14\/trofeo-sef-italia-2025\/#primaryimage\"},\"image\":{\"@id\":\"https:\/\/www.sef-italia.it\/index.php\/2025\/07\/14\/trofeo-sef-italia-2025\/#primaryimage\"},\"thumbnailUrl\":\"https:\/\/www.sef-italia.it\/wp-content\/uploads\/2025\/07\/WhatsApp-Image-2025-07-11-at-13.53.03-1024x768.jpeg\",\"datePublished\":\"2025-07-14T07:14:04+00:00\",\"dateModified\":\"2025-07-14T07:14:10+00:00\",\"breadcrumb\":{\"@id\":\"https:\/\/www.sef-italia.it\/index.php\/2025\/07\/14\/trofeo-sef-italia-2025\/#breadcrumb\"},\"inLanguage\":\"it-IT\",\"potentialAction\":[{\"@type\":\"ReadAction\",\"target\":[\"https:\/\/www.sef-italia.it\/index.php\/2025\/07\/14\/trofeo-sef-italia-2025\/\"]}]},{\"@type\":\"ImageObject\",\"inLanguage\":\"it-IT\",\"@id\":\"https:\/\/www.sef-italia.it\/index.php\/2025\/07\/14\/trofeo-sef-italia-2025\/#primaryimage\",\"url\":\"https:\/\/www.sef-italia.it\/wp-content\/uploads\/2025\/07\/WhatsApp-Image-2025-07-11-at-13.53.03.jpeg\",\"contentUrl\":\"https:\/\/www.sef-italia.it\/wp-content\/uploads\/2025\/07\/WhatsApp-Image-2025-07-11-at-13.53.03.jpeg\",\"width\":2048,\"height\":1536},{\"@type\":\"BreadcrumbList\",\"@id\":\"https:\/\/www.sef-italia.it\/index.php\/2025\/07\/14\/trofeo-sef-italia-2025\/#breadcrumb\",\"itemListElement\":[{\"@type\":\"ListItem\",\"position\":1,\"name\":\"Home\",\"item\":\"https:\/\/www.sef-italia.it\/\"},{\"@type\":\"ListItem\",\"position\":2,\"name\":\"TROFEO SEF-ITALIA 2025\"}]},{\"@type\":\"WebSite\",\"@id\":\"https:\/\/www.sef-italia.it\/#website\",\"url\":\"https:\/\/www.sef-italia.it\/\",\"name\":\"SEF Italia\",\"description\":\"Il nuovo sito SEF Italia\",\"publisher\":{\"@id\":\"https:\/\/www.sef-italia.it\/#organization\"},\"potentialAction\":[{\"@type\":\"SearchAction\",\"target\":{\"@type\":\"EntryPoint\",\"urlTemplate\":\"https:\/\/www.sef-italia.it\/?s={search_term_string}\"},\"query-input\":{\"@type\":\"PropertyValueSpecification\",\"valueRequired\":true,\"valueName\":\"search_term_string\"}}],\"inLanguage\":\"it-IT\"},{\"@type\":\"Organization\",\"@id\":\"https:\/\/www.sef-italia.it\/#organization\",\"name\":\"SEF Italia\",\"url\":\"https:\/\/www.sef-italia.it\/\",\"logo\":{\"@type\":\"ImageObject\",\"inLanguage\":\"it-IT\",\"@id\":\"https:\/\/www.sef-italia.it\/#\/schema\/logo\/image\/\",\"url\":\"https:\/\/www.sef-italia.it\/wp-content\/uploads\/2018\/01\/logoSEF_QUADRATO-.jpg\",\"contentUrl\":\"https:\/\/www.sef-italia.it\/wp-content\/uploads\/2018\/01\/logoSEF_QUADRATO-.jpg\",\"width\":600,\"height\":600,\"caption\":\"SEF Italia\"},\"image\":{\"@id\":\"https:\/\/www.sef-italia.it\/#\/schema\/logo\/image\/\"},\"sameAs\":[\"https:\/\/www.facebook.com\/scuolaequestrediformazione\/\",\"https:\/\/x.com\/sef_italia\",\"https:\/\/www.youtube.com\/channel\/UCcEMamL3elnrqfrtIT8sh7g?view_as=subscriber\"]},{\"@type\":\"Person\",\"@id\":\"https:\/\/www.sef-italia.it\/#\/schema\/person\/28ce8b81ab731e49c889d68fe664bffd\",\"name\":\"Alessia\",\"image\":{\"@type\":\"ImageObject\",\"inLanguage\":\"it-IT\",\"@id\":\"https:\/\/www.sef-italia.it\/#\/schema\/person\/image\/\",\"url\":\"https:\/\/secure.gravatar.com\/avatar\/ba20c06bdaf812e3d06ad304406d49b3?s=96&d=mm&r=g\",\"contentUrl\":\"https:\/\/secure.gravatar.com\/avatar\/ba20c06bdaf812e3d06ad304406d49b3?s=96&d=mm&r=g\",\"caption\":\"Alessia\"},\"url\":\"https:\/\/www.sef-italia.it\/index.php\/author\/alessiasef-italia-it\/\"}]}<\/script>\r\n<!-- \/ Yoast SEO plugin. -->","yoast_head_json":{"title":"TROFEO SEF-ITALIA 2025 - SEF Italia","robots":{"index":"index","follow":"follow","max-snippet":"max-snippet:-1","max-image-preview":"max-image-preview:large","max-video-preview":"max-video-preview:-1"},"canonical":"https:\/\/www.sef-italia.it\/index.php\/2025\/07\/14\/trofeo-sef-italia-2025\/","og_locale":"it_IT","og_type":"article","og_title":"TROFEO SEF-ITALIA 2025 - SEF Italia","og_description":"Presso il centro equestre \u201cScuderia Impero dell\u2019 asd Il Sogno Equestre\u201d di Altamura (Ba), localit\u00e0dell&#8217;alta murgia pugliese, si \u00e8 svolta nei giorni [&hellip;]","og_url":"https:\/\/www.sef-italia.it\/index.php\/2025\/07\/14\/trofeo-sef-italia-2025\/","og_site_name":"SEF Italia","article_publisher":"https:\/\/www.facebook.com\/scuolaequestrediformazione\/","article_published_time":"2025-07-14T07:14:04+00:00","article_modified_time":"2025-07-14T07:14:10+00:00","og_image":[{"width":2048,"height":1536,"url":"https:\/\/www.sef-italia.it\/wp-content\/uploads\/2025\/07\/WhatsApp-Image-2025-07-11-at-13.53.03.jpeg","type":"image\/jpeg"}],"author":"Alessia","twitter_card":"summary_large_image","twitter_creator":"@sef_italia","twitter_site":"@sef_italia","twitter_misc":{"Scritto da":"Alessia","Tempo di lettura stimato":"5 minuti"},"schema":{"@context":"https:\/\/schema.org","@graph":[{"@type":"Article","@id":"https:\/\/www.sef-italia.it\/index.php\/2025\/07\/14\/trofeo-sef-italia-2025\/#article","isPartOf":{"@id":"https:\/\/www.sef-italia.it\/index.php\/2025\/07\/14\/trofeo-sef-italia-2025\/"},"author":{"name":"Alessia","@id":"https:\/\/www.sef-italia.it\/#\/schema\/person\/28ce8b81ab731e49c889d68fe664bffd"},"headline":"TROFEO SEF-ITALIA 2025","datePublished":"2025-07-14T07:14:04+00:00","dateModified":"2025-07-14T07:14:10+00:00","mainEntityOfPage":{"@id":"https:\/\/www.sef-italia.it\/index.php\/2025\/07\/14\/trofeo-sef-italia-2025\/"},"wordCount":692,"commentCount":0,"publisher":{"@id":"https:\/\/www.sef-italia.it\/#organization"},"image":{"@id":"https:\/\/www.sef-italia.it\/index.php\/2025\/07\/14\/trofeo-sef-italia-2025\/#primaryimage"},"thumbnailUrl":"https:\/\/www.sef-italia.it\/wp-content\/uploads\/2025\/07\/WhatsApp-Image-2025-07-11-at-13.53.03-1024x768.jpeg","articleSection":["News"],"inLanguage":"it-IT","potentialAction":[{"@type":"CommentAction","name":"Comment","target":["https:\/\/www.sef-italia.it\/index.php\/2025\/07\/14\/trofeo-sef-italia-2025\/#respond"]}]},{"@type":"WebPage","@id":"https:\/\/www.sef-italia.it\/index.php\/2025\/07\/14\/trofeo-sef-italia-2025\/","url":"https:\/\/www.sef-italia.it\/index.php\/2025\/07\/14\/trofeo-sef-italia-2025\/","name":"TROFEO SEF-ITALIA 2025 - SEF Italia","isPartOf":{"@id":"https:\/\/www.sef-italia.it\/#website"},"primaryImageOfPage":{"@id":"https:\/\/www.sef-italia.it\/index.php\/2025\/07\/14\/trofeo-sef-italia-2025\/#primaryimage"},"image":{"@id":"https:\/\/www.sef-italia.it\/index.php\/2025\/07\/14\/trofeo-sef-italia-2025\/#primaryimage"},"thumbnailUrl":"https:\/\/www.sef-italia.it\/wp-content\/uploads\/2025\/07\/WhatsApp-Image-2025-07-11-at-13.53.03-1024x768.jpeg","datePublished":"2025-07-14T07:14:04+00:00","dateModified":"2025-07-14T07:14:10+00:00","breadcrumb":{"@id":"https:\/\/www.sef-italia.it\/index.php\/2025\/07\/14\/trofeo-sef-italia-2025\/#breadcrumb"},"inLanguage":"it-IT","potentialAction":[{"@type":"ReadAction","target":["https:\/\/www.sef-italia.it\/index.php\/2025\/07\/14\/trofeo-sef-italia-2025\/"]}]},{"@type":"ImageObject","inLanguage":"it-IT","@id":"https:\/\/www.sef-italia.it\/index.php\/2025\/07\/14\/trofeo-sef-italia-2025\/#primaryimage","url":"https:\/\/www.sef-italia.it\/wp-content\/uploads\/2025\/07\/WhatsApp-Image-2025-07-11-at-13.53.03.jpeg","contentUrl":"https:\/\/www.sef-italia.it\/wp-content\/uploads\/2025\/07\/WhatsApp-Image-2025-07-11-at-13.53.03.jpeg","width":2048,"height":1536},{"@type":"BreadcrumbList","@id":"https:\/\/www.sef-italia.it\/index.php\/2025\/07\/14\/trofeo-sef-italia-2025\/#breadcrumb","itemListElement":[{"@type":"ListItem","position":1,"name":"Home","item":"https:\/\/www.sef-italia.it\/"},{"@type":"ListItem","position":2,"name":"TROFEO SEF-ITALIA 2025"}]},{"@type":"WebSite","@id":"https:\/\/www.sef-italia.it\/#website","url":"https:\/\/www.sef-italia.it\/","name":"SEF Italia","description":"Il nuovo sito SEF Italia","publisher":{"@id":"https:\/\/www.sef-italia.it\/#organization"},"potentialAction":[{"@type":"SearchAction","target":{"@type":"EntryPoint","urlTemplate":"https:\/\/www.sef-italia.it\/?s={search_term_string}"},"query-input":{"@type":"PropertyValueSpecification","valueRequired":true,"valueName":"search_term_string"}}],"inLanguage":"it-IT"},{"@type":"Organization","@id":"https:\/\/www.sef-italia.it\/#organization","name":"SEF Italia","url":"https:\/\/www.sef-italia.it\/","logo":{"@type":"ImageObject","inLanguage":"it-IT","@id":"https:\/\/www.sef-italia.it\/#\/schema\/logo\/image\/","url":"https:\/\/www.sef-italia.it\/wp-content\/uploads\/2018\/01\/logoSEF_QUADRATO-.jpg","contentUrl":"https:\/\/www.sef-italia.it\/wp-content\/uploads\/2018\/01\/logoSEF_QUADRATO-.jpg","width":600,"height":600,"caption":"SEF Italia"},"image":{"@id":"https:\/\/www.sef-italia.it\/#\/schema\/logo\/image\/"},"sameAs":["https:\/\/www.facebook.com\/scuolaequestrediformazione\/","https:\/\/x.com\/sef_italia","https:\/\/www.youtube.com\/channel\/UCcEMamL3elnrqfrtIT8sh7g?view_as=subscriber"]},{"@type":"Person","@id":"https:\/\/www.sef-italia.it\/#\/schema\/person\/28ce8b81ab731e49c889d68fe664bffd","name":"Alessia","image":{"@type":"ImageObject","inLanguage":"it-IT","@id":"https:\/\/www.sef-italia.it\/#\/schema\/person\/image\/","url":"https:\/\/secure.gravatar.com\/avatar\/ba20c06bdaf812e3d06ad304406d49b3?s=96&d=mm&r=g","contentUrl":"https:\/\/secure.gravatar.com\/avatar\/ba20c06bdaf812e3d06ad304406d49b3?s=96&d=mm&r=g","caption":"Alessia"},"url":"https:\/\/www.sef-italia.it\/index.php\/author\/alessiasef-italia-it\/"}]}},"_links":{"self":[{"href":"https:\/\/www.sef-italia.it\/index.php\/wp-json\/wp\/v2\/posts\/24989"}],"collection":[{"href":"https:\/\/www.sef-italia.it\/index.php\/wp-json\/wp\/v2\/posts"}],"about":[{"href":"https:\/\/www.sef-italia.it\/index.php\/wp-json\/wp\/v2\/types\/post"}],"author":[{"embeddable":true,"href":"https:\/\/www.sef-italia.it\/index.php\/wp-json\/wp\/v2\/users\/84"}],"replies":[{"embeddable":true,"href":"https:\/\/www.sef-italia.it\/index.php\/wp-json\/wp\/v2\/comments?post=24989"}],"version-history":[{"count":1,"href":"https:\/\/www.sef-italia.it\/index.php\/wp-json\/wp\/v2\/posts\/24989\/revisions"}],"predecessor-version":[{"id":24993,"href":"https:\/\/www.sef-italia.it\/index.php\/wp-json\/wp\/v2\/posts\/24989\/revisions\/24993"}],"wp:attachment":[{"href":"https:\/\/www.sef-italia.it\/index.php\/wp-json\/wp\/v2\/media?parent=24989"}],"wp:term":[{"taxonomy":"category","embeddable":true,"href":"https:\/\/www.sef-italia.it\/index.php\/wp-json\/wp\/v2\/categories?post=24989"},{"taxonomy":"post_tag","embeddable":true,"href":"https:\/\/www.sef-italia.it\/index.php\/wp-json\/wp\/v2\/tags?post=24989"}],"curies":[{"name":"wp","href":"https:\/\/api.w.org\/{rel}","templated":true}]}}