{"id":3288,"date":"2015-01-30T10:00:06","date_gmt":"2015-01-30T09:00:06","guid":{"rendered":"http:\/\/www.sporttennis.it\/sef-italia\/?p=3288"},"modified":"2016-10-20T11:25:56","modified_gmt":"2016-10-20T09:25:56","slug":"la-scelta-del-primo-filetto","status":"publish","type":"post","link":"https:\/\/www.sef-italia.it\/index.php\/2015\/01\/30\/la-scelta-del-primo-filetto\/","title":{"rendered":"La Scelta del Primo Filetto."},"content":{"rendered":"<p><img loading=\"lazy\" decoding=\"async\" class=\"size-full wp-image-3290 alignleft\" src=\"http:\/\/www.sef.italia.it\/wp-content\/uploads\/2016\/10\/palomino-287678_1280-4bb0ebd0.jpg\" alt=\"palomino-287678_1280-4bb0ebd0\" width=\"250\" height=\"188\" srcset=\"https:\/\/www.sef-italia.it\/wp-content\/uploads\/2016\/10\/palomino-287678_1280-4bb0ebd0.jpg 250w, https:\/\/www.sef-italia.it\/wp-content\/uploads\/2016\/10\/palomino-287678_1280-4bb0ebd0-230x173.jpg 230w\" sizes=\"(max-width: 250px) 100vw, 250px\" \/>La scelta del primo filetto \u00e8 fondamentale per far s\u00ec che il puledro abbia un rapporto sereno con l&#8217;imboccatura.<\/p>\n<p>Avere un ferro in bocca non \u00e8 una condizione naturale per lui ma pu\u00f2 diventare normale se chi lo conduce \u00e8 una mano esperta che sa come trattare questo passaggio importante per la sua crescita. Ovviamente non tutti i cavalli sono uguali e quindi il primo problema da porsi \u00e8 che tipo di imboccatura scegliere. La scelta si limita ai filetti in quanto i morsi con effetto leva non risultano idonei visto che il puledro non sarebbe in grado di capire i nostri comandi. Quello pi\u00f9 adatto a questa fase iniziale \u00e8 il filetto ad aste che \u00e8 composto di due bracci collegati tra loro ma liberi di piegarsi e di due anelli in cui vengono agganciate le redini, i montanti della testiera e di due aste laterali. Gli anelli sono inseriti nel cannone in modo da potersi piegare all&#8217;interno della bocca del cavallo ma non sono liberi di ruotare, questa limitazione fa s\u00ec che il puledro possa trovare un appoggio sicuro sulla sua prima imboccatura e acquistare fiducia.<\/p>\n<p>Superata questa prima fase si osserva il modo di lavorare del cavallo alla corda perch\u00e8 non tutti hanno lo stesso rapporto con l&#8217;imboccatura. Esistono, infatti, due tipi di atteggiamento: c&#8217;\u00e8 chi si appende sull&#8217;imboccatura perch\u00e8 cerca di liberarsi del contatto, per cui \u00e8 consigliato un filetto ad anelli scorrevoli che sono inseriti nelle due estremit\u00e0 del cannone e che permettono quindi al cavallo di staccarsi dall&#8217;appoggio fisso e alleggerirsi; poi c&#8217;\u00e8 chi cerca di sottrarsi al contatto per cui una buona scelta \u00e8 il filetto a oliva che ha gli anelli fissati al cannone che aiutano il cavallo ad avere un punto di riferimento avendo un appoggio fisso.<\/p>\n","protected":false},"excerpt":{"rendered":"<p>La scelta del primo filetto \u00e8 fondamentale per far s\u00ec che il puledro abbia un rapporto sereno con l&#8217;imboccatura. Avere un ferro [&hellip;]<\/p>\n","protected":false},"author":83,"featured_media":3290,"comment_status":"open","ping_status":"open","sticky":false,"template":"","format":"standard","meta":{"footnotes":""},"categories":[1],"tags":[],"yoast_head":"<!-- This site is optimized with the Yoast SEO plugin v24.5 - https:\/\/yoast.com\/wordpress\/plugins\/seo\/ -->\r\n<title>La Scelta del Primo Filetto. - SEF Italia<\/title>\r\n<meta name=\"robots\" content=\"index, follow, max-snippet:-1, max-image-preview:large, max-video-preview:-1\" \/>\r\n<link rel=\"canonical\" href=\"https:\/\/www.sef-italia.it\/index.php\/2015\/01\/30\/la-scelta-del-primo-filetto\/\" \/>\r\n<meta property=\"og:locale\" content=\"it_IT\" \/>\r\n<meta property=\"og:type\" content=\"article\" \/>\r\n<meta property=\"og:title\" content=\"La Scelta del Primo Filetto. - SEF Italia\" \/>\r\n<meta property=\"og:description\" content=\"La scelta del primo filetto \u00e8 fondamentale per far s\u00ec che il puledro abbia un rapporto sereno con l&#8217;imboccatura. Avere un ferro [&hellip;]\" \/>\r\n<meta property=\"og:url\" content=\"https:\/\/www.sef-italia.it\/index.php\/2015\/01\/30\/la-scelta-del-primo-filetto\/\" \/>\r\n<meta property=\"og:site_name\" content=\"SEF Italia\" \/>\r\n<meta property=\"article:publisher\" content=\"https:\/\/www.facebook.com\/scuolaequestrediformazione\/\" \/>\r\n<meta property=\"article:published_time\" content=\"2015-01-30T09:00:06+00:00\" \/>\r\n<meta property=\"article:modified_time\" content=\"2016-10-20T09:25:56+00:00\" \/>\r\n<meta property=\"og:image\" content=\"https:\/\/www.sef-italia.it\/wp-content\/uploads\/2016\/10\/palomino-287678_1280-4bb0ebd0.jpg\" \/>\r\n\t<meta property=\"og:image:width\" content=\"250\" \/>\r\n\t<meta property=\"og:image:height\" content=\"188\" \/>\r\n\t<meta property=\"og:image:type\" content=\"image\/jpeg\" \/>\r\n<meta name=\"author\" content=\"Maria Teresa Bevilacqua\" \/>\r\n<meta name=\"twitter:card\" content=\"summary_large_image\" \/>\r\n<meta name=\"twitter:creator\" content=\"@sef_italia\" \/>\r\n<meta name=\"twitter:site\" content=\"@sef_italia\" \/>\r\n<meta name=\"twitter:label1\" content=\"Scritto da\" \/>\n\t<meta name=\"twitter:data1\" content=\"Maria Teresa Bevilacqua\" \/>\n\t<meta name=\"twitter:label2\" content=\"Tempo di lettura stimato\" \/>\n\t<meta name=\"twitter:data2\" content=\"1 minuto\" \/>\r\n<script type=\"application\/ld+json\" class=\"yoast-schema-graph\">{\"@context\":\"https:\/\/schema.org\",\"@graph\":[{\"@type\":\"Article\",\"@id\":\"https:\/\/www.sef-italia.it\/index.php\/2015\/01\/30\/la-scelta-del-primo-filetto\/#article\",\"isPartOf\":{\"@id\":\"https:\/\/www.sef-italia.it\/index.php\/2015\/01\/30\/la-scelta-del-primo-filetto\/\"},\"author\":{\"name\":\"Maria Teresa Bevilacqua\",\"@id\":\"https:\/\/www.sef-italia.it\/#\/schema\/person\/98bbf141ebc34928c1b6b3262203ee9e\"},\"headline\":\"La Scelta del Primo Filetto.\",\"datePublished\":\"2015-01-30T09:00:06+00:00\",\"dateModified\":\"2016-10-20T09:25:56+00:00\",\"mainEntityOfPage\":{\"@id\":\"https:\/\/www.sef-italia.it\/index.php\/2015\/01\/30\/la-scelta-del-primo-filetto\/\"},\"wordCount\":298,\"commentCount\":0,\"publisher\":{\"@id\":\"https:\/\/www.sef-italia.it\/#organization\"},\"image\":{\"@id\":\"https:\/\/www.sef-italia.it\/index.php\/2015\/01\/30\/la-scelta-del-primo-filetto\/#primaryimage\"},\"thumbnailUrl\":\"https:\/\/www.sef-italia.it\/wp-content\/uploads\/2016\/10\/palomino-287678_1280-4bb0ebd0.jpg\",\"articleSection\":[\"News\"],\"inLanguage\":\"it-IT\",\"potentialAction\":[{\"@type\":\"CommentAction\",\"name\":\"Comment\",\"target\":[\"https:\/\/www.sef-italia.it\/index.php\/2015\/01\/30\/la-scelta-del-primo-filetto\/#respond\"]}]},{\"@type\":\"WebPage\",\"@id\":\"https:\/\/www.sef-italia.it\/index.php\/2015\/01\/30\/la-scelta-del-primo-filetto\/\",\"url\":\"https:\/\/www.sef-italia.it\/index.php\/2015\/01\/30\/la-scelta-del-primo-filetto\/\",\"name\":\"La Scelta del Primo Filetto. - SEF Italia\",\"isPartOf\":{\"@id\":\"https:\/\/www.sef-italia.it\/#website\"},\"primaryImageOfPage\":{\"@id\":\"https:\/\/www.sef-italia.it\/index.php\/2015\/01\/30\/la-scelta-del-primo-filetto\/#primaryimage\"},\"image\":{\"@id\":\"https:\/\/www.sef-italia.it\/index.php\/2015\/01\/30\/la-scelta-del-primo-filetto\/#primaryimage\"},\"thumbnailUrl\":\"https:\/\/www.sef-italia.it\/wp-content\/uploads\/2016\/10\/palomino-287678_1280-4bb0ebd0.jpg\",\"datePublished\":\"2015-01-30T09:00:06+00:00\",\"dateModified\":\"2016-10-20T09:25:56+00:00\",\"breadcrumb\":{\"@id\":\"https:\/\/www.sef-italia.it\/index.php\/2015\/01\/30\/la-scelta-del-primo-filetto\/#breadcrumb\"},\"inLanguage\":\"it-IT\",\"potentialAction\":[{\"@type\":\"ReadAction\",\"target\":[\"https:\/\/www.sef-italia.it\/index.php\/2015\/01\/30\/la-scelta-del-primo-filetto\/\"]}]},{\"@type\":\"ImageObject\",\"inLanguage\":\"it-IT\",\"@id\":\"https:\/\/www.sef-italia.it\/index.php\/2015\/01\/30\/la-scelta-del-primo-filetto\/#primaryimage\",\"url\":\"https:\/\/www.sef-italia.it\/wp-content\/uploads\/2016\/10\/palomino-287678_1280-4bb0ebd0.jpg\",\"contentUrl\":\"https:\/\/www.sef-italia.it\/wp-content\/uploads\/2016\/10\/palomino-287678_1280-4bb0ebd0.jpg\",\"width\":250,\"height\":188},{\"@type\":\"BreadcrumbList\",\"@id\":\"https:\/\/www.sef-italia.it\/index.php\/2015\/01\/30\/la-scelta-del-primo-filetto\/#breadcrumb\",\"itemListElement\":[{\"@type\":\"ListItem\",\"position\":1,\"name\":\"Home\",\"item\":\"https:\/\/www.sef-italia.it\/\"},{\"@type\":\"ListItem\",\"position\":2,\"name\":\"La Scelta del Primo Filetto.\"}]},{\"@type\":\"WebSite\",\"@id\":\"https:\/\/www.sef-italia.it\/#website\",\"url\":\"https:\/\/www.sef-italia.it\/\",\"name\":\"SEF Italia\",\"description\":\"Il nuovo sito SEF Italia\",\"publisher\":{\"@id\":\"https:\/\/www.sef-italia.it\/#organization\"},\"potentialAction\":[{\"@type\":\"SearchAction\",\"target\":{\"@type\":\"EntryPoint\",\"urlTemplate\":\"https:\/\/www.sef-italia.it\/?s={search_term_string}\"},\"query-input\":{\"@type\":\"PropertyValueSpecification\",\"valueRequired\":true,\"valueName\":\"search_term_string\"}}],\"inLanguage\":\"it-IT\"},{\"@type\":\"Organization\",\"@id\":\"https:\/\/www.sef-italia.it\/#organization\",\"name\":\"SEF Italia\",\"url\":\"https:\/\/www.sef-italia.it\/\",\"logo\":{\"@type\":\"ImageObject\",\"inLanguage\":\"it-IT\",\"@id\":\"https:\/\/www.sef-italia.it\/#\/schema\/logo\/image\/\",\"url\":\"https:\/\/www.sef-italia.it\/wp-content\/uploads\/2018\/01\/logoSEF_QUADRATO-.jpg\",\"contentUrl\":\"https:\/\/www.sef-italia.it\/wp-content\/uploads\/2018\/01\/logoSEF_QUADRATO-.jpg\",\"width\":600,\"height\":600,\"caption\":\"SEF Italia\"},\"image\":{\"@id\":\"https:\/\/www.sef-italia.it\/#\/schema\/logo\/image\/\"},\"sameAs\":[\"https:\/\/www.facebook.com\/scuolaequestrediformazione\/\",\"https:\/\/x.com\/sef_italia\",\"https:\/\/www.youtube.com\/channel\/UCcEMamL3elnrqfrtIT8sh7g?view_as=subscriber\"]},{\"@type\":\"Person\",\"@id\":\"https:\/\/www.sef-italia.it\/#\/schema\/person\/98bbf141ebc34928c1b6b3262203ee9e\",\"name\":\"Maria Teresa Bevilacqua\",\"image\":{\"@type\":\"ImageObject\",\"inLanguage\":\"it-IT\",\"@id\":\"https:\/\/www.sef-italia.it\/#\/schema\/person\/image\/\",\"url\":\"https:\/\/secure.gravatar.com\/avatar\/15e0000cbd79bf458c75ba2fc416b0c2?s=96&d=mm&r=g\",\"contentUrl\":\"https:\/\/secure.gravatar.com\/avatar\/15e0000cbd79bf458c75ba2fc416b0c2?s=96&d=mm&r=g\",\"caption\":\"Maria Teresa Bevilacqua\"},\"url\":\"https:\/\/www.sef-italia.it\/index.php\/author\/mariateresa\/\"}]}<\/script>\r\n<!-- \/ Yoast SEO plugin. -->","yoast_head_json":{"title":"La Scelta del Primo Filetto. - SEF Italia","robots":{"index":"index","follow":"follow","max-snippet":"max-snippet:-1","max-image-preview":"max-image-preview:large","max-video-preview":"max-video-preview:-1"},"canonical":"https:\/\/www.sef-italia.it\/index.php\/2015\/01\/30\/la-scelta-del-primo-filetto\/","og_locale":"it_IT","og_type":"article","og_title":"La Scelta del Primo Filetto. - SEF Italia","og_description":"La scelta del primo filetto \u00e8 fondamentale per far s\u00ec che il puledro abbia un rapporto sereno con l&#8217;imboccatura. Avere un ferro [&hellip;]","og_url":"https:\/\/www.sef-italia.it\/index.php\/2015\/01\/30\/la-scelta-del-primo-filetto\/","og_site_name":"SEF Italia","article_publisher":"https:\/\/www.facebook.com\/scuolaequestrediformazione\/","article_published_time":"2015-01-30T09:00:06+00:00","article_modified_time":"2016-10-20T09:25:56+00:00","og_image":[{"width":250,"height":188,"url":"https:\/\/www.sef-italia.it\/wp-content\/uploads\/2016\/10\/palomino-287678_1280-4bb0ebd0.jpg","type":"image\/jpeg"}],"author":"Maria Teresa Bevilacqua","twitter_card":"summary_large_image","twitter_creator":"@sef_italia","twitter_site":"@sef_italia","twitter_misc":{"Scritto da":"Maria Teresa Bevilacqua","Tempo di lettura stimato":"1 minuto"},"schema":{"@context":"https:\/\/schema.org","@graph":[{"@type":"Article","@id":"https:\/\/www.sef-italia.it\/index.php\/2015\/01\/30\/la-scelta-del-primo-filetto\/#article","isPartOf":{"@id":"https:\/\/www.sef-italia.it\/index.php\/2015\/01\/30\/la-scelta-del-primo-filetto\/"},"author":{"name":"Maria Teresa Bevilacqua","@id":"https:\/\/www.sef-italia.it\/#\/schema\/person\/98bbf141ebc34928c1b6b3262203ee9e"},"headline":"La Scelta del Primo Filetto.","datePublished":"2015-01-30T09:00:06+00:00","dateModified":"2016-10-20T09:25:56+00:00","mainEntityOfPage":{"@id":"https:\/\/www.sef-italia.it\/index.php\/2015\/01\/30\/la-scelta-del-primo-filetto\/"},"wordCount":298,"commentCount":0,"publisher":{"@id":"https:\/\/www.sef-italia.it\/#organization"},"image":{"@id":"https:\/\/www.sef-italia.it\/index.php\/2015\/01\/30\/la-scelta-del-primo-filetto\/#primaryimage"},"thumbnailUrl":"https:\/\/www.sef-italia.it\/wp-content\/uploads\/2016\/10\/palomino-287678_1280-4bb0ebd0.jpg","articleSection":["News"],"inLanguage":"it-IT","potentialAction":[{"@type":"CommentAction","name":"Comment","target":["https:\/\/www.sef-italia.it\/index.php\/2015\/01\/30\/la-scelta-del-primo-filetto\/#respond"]}]},{"@type":"WebPage","@id":"https:\/\/www.sef-italia.it\/index.php\/2015\/01\/30\/la-scelta-del-primo-filetto\/","url":"https:\/\/www.sef-italia.it\/index.php\/2015\/01\/30\/la-scelta-del-primo-filetto\/","name":"La Scelta del Primo Filetto. - SEF Italia","isPartOf":{"@id":"https:\/\/www.sef-italia.it\/#website"},"primaryImageOfPage":{"@id":"https:\/\/www.sef-italia.it\/index.php\/2015\/01\/30\/la-scelta-del-primo-filetto\/#primaryimage"},"image":{"@id":"https:\/\/www.sef-italia.it\/index.php\/2015\/01\/30\/la-scelta-del-primo-filetto\/#primaryimage"},"thumbnailUrl":"https:\/\/www.sef-italia.it\/wp-content\/uploads\/2016\/10\/palomino-287678_1280-4bb0ebd0.jpg","datePublished":"2015-01-30T09:00:06+00:00","dateModified":"2016-10-20T09:25:56+00:00","breadcrumb":{"@id":"https:\/\/www.sef-italia.it\/index.php\/2015\/01\/30\/la-scelta-del-primo-filetto\/#breadcrumb"},"inLanguage":"it-IT","potentialAction":[{"@type":"ReadAction","target":["https:\/\/www.sef-italia.it\/index.php\/2015\/01\/30\/la-scelta-del-primo-filetto\/"]}]},{"@type":"ImageObject","inLanguage":"it-IT","@id":"https:\/\/www.sef-italia.it\/index.php\/2015\/01\/30\/la-scelta-del-primo-filetto\/#primaryimage","url":"https:\/\/www.sef-italia.it\/wp-content\/uploads\/2016\/10\/palomino-287678_1280-4bb0ebd0.jpg","contentUrl":"https:\/\/www.sef-italia.it\/wp-content\/uploads\/2016\/10\/palomino-287678_1280-4bb0ebd0.jpg","width":250,"height":188},{"@type":"BreadcrumbList","@id":"https:\/\/www.sef-italia.it\/index.php\/2015\/01\/30\/la-scelta-del-primo-filetto\/#breadcrumb","itemListElement":[{"@type":"ListItem","position":1,"name":"Home","item":"https:\/\/www.sef-italia.it\/"},{"@type":"ListItem","position":2,"name":"La Scelta del Primo Filetto."}]},{"@type":"WebSite","@id":"https:\/\/www.sef-italia.it\/#website","url":"https:\/\/www.sef-italia.it\/","name":"SEF Italia","description":"Il nuovo sito SEF Italia","publisher":{"@id":"https:\/\/www.sef-italia.it\/#organization"},"potentialAction":[{"@type":"SearchAction","target":{"@type":"EntryPoint","urlTemplate":"https:\/\/www.sef-italia.it\/?s={search_term_string}"},"query-input":{"@type":"PropertyValueSpecification","valueRequired":true,"valueName":"search_term_string"}}],"inLanguage":"it-IT"},{"@type":"Organization","@id":"https:\/\/www.sef-italia.it\/#organization","name":"SEF Italia","url":"https:\/\/www.sef-italia.it\/","logo":{"@type":"ImageObject","inLanguage":"it-IT","@id":"https:\/\/www.sef-italia.it\/#\/schema\/logo\/image\/","url":"https:\/\/www.sef-italia.it\/wp-content\/uploads\/2018\/01\/logoSEF_QUADRATO-.jpg","contentUrl":"https:\/\/www.sef-italia.it\/wp-content\/uploads\/2018\/01\/logoSEF_QUADRATO-.jpg","width":600,"height":600,"caption":"SEF Italia"},"image":{"@id":"https:\/\/www.sef-italia.it\/#\/schema\/logo\/image\/"},"sameAs":["https:\/\/www.facebook.com\/scuolaequestrediformazione\/","https:\/\/x.com\/sef_italia","https:\/\/www.youtube.com\/channel\/UCcEMamL3elnrqfrtIT8sh7g?view_as=subscriber"]},{"@type":"Person","@id":"https:\/\/www.sef-italia.it\/#\/schema\/person\/98bbf141ebc34928c1b6b3262203ee9e","name":"Maria Teresa Bevilacqua","image":{"@type":"ImageObject","inLanguage":"it-IT","@id":"https:\/\/www.sef-italia.it\/#\/schema\/person\/image\/","url":"https:\/\/secure.gravatar.com\/avatar\/15e0000cbd79bf458c75ba2fc416b0c2?s=96&d=mm&r=g","contentUrl":"https:\/\/secure.gravatar.com\/avatar\/15e0000cbd79bf458c75ba2fc416b0c2?s=96&d=mm&r=g","caption":"Maria Teresa Bevilacqua"},"url":"https:\/\/www.sef-italia.it\/index.php\/author\/mariateresa\/"}]}},"_links":{"self":[{"href":"https:\/\/www.sef-italia.it\/index.php\/wp-json\/wp\/v2\/posts\/3288"}],"collection":[{"href":"https:\/\/www.sef-italia.it\/index.php\/wp-json\/wp\/v2\/posts"}],"about":[{"href":"https:\/\/www.sef-italia.it\/index.php\/wp-json\/wp\/v2\/types\/post"}],"author":[{"embeddable":true,"href":"https:\/\/www.sef-italia.it\/index.php\/wp-json\/wp\/v2\/users\/83"}],"replies":[{"embeddable":true,"href":"https:\/\/www.sef-italia.it\/index.php\/wp-json\/wp\/v2\/comments?post=3288"}],"version-history":[{"count":3,"href":"https:\/\/www.sef-italia.it\/index.php\/wp-json\/wp\/v2\/posts\/3288\/revisions"}],"predecessor-version":[{"id":6204,"href":"https:\/\/www.sef-italia.it\/index.php\/wp-json\/wp\/v2\/posts\/3288\/revisions\/6204"}],"wp:featuredmedia":[{"embeddable":true,"href":"https:\/\/www.sef-italia.it\/index.php\/wp-json\/wp\/v2\/media\/3290"}],"wp:attachment":[{"href":"https:\/\/www.sef-italia.it\/index.php\/wp-json\/wp\/v2\/media?parent=3288"}],"wp:term":[{"taxonomy":"category","embeddable":true,"href":"https:\/\/www.sef-italia.it\/index.php\/wp-json\/wp\/v2\/categories?post=3288"},{"taxonomy":"post_tag","embeddable":true,"href":"https:\/\/www.sef-italia.it\/index.php\/wp-json\/wp\/v2\/tags?post=3288"}],"curies":[{"name":"wp","href":"https:\/\/api.w.org\/{rel}","templated":true}]}}