{"id":3959,"date":"2015-07-08T10:00:19","date_gmt":"2015-07-08T08:00:19","guid":{"rendered":"http:\/\/www.sporttennis.it\/sef-italia\/?p=3959"},"modified":"2016-10-19T16:06:55","modified_gmt":"2016-10-19T14:06:55","slug":"corso-per-operatore-tecnico-di-base-presso-il-centro-don-chisciotte-a-inzago-mi","status":"publish","type":"post","link":"https:\/\/www.sef-italia.it\/index.php\/2015\/07\/08\/corso-per-operatore-tecnico-di-base-presso-il-centro-don-chisciotte-a-inzago-mi\/","title":{"rendered":"Corso per Operatore Tecnico di Base Presso il Centro Don Chisciotte a Inzago (MI)"},"content":{"rendered":"<p><img loading=\"lazy\" decoding=\"async\" class=\"size-full wp-image-3960 alignleft\" src=\"http:\/\/www.sef-italia.it\/wp-content\/uploads\/2016\/10\/horse_otb-39bb5112.jpg\" alt=\"horse_otb-39bb5112\" width=\"250\" height=\"171\" srcset=\"https:\/\/www.sef-italia.it\/wp-content\/uploads\/2016\/10\/horse_otb-39bb5112.jpg 250w, https:\/\/www.sef-italia.it\/wp-content\/uploads\/2016\/10\/horse_otb-39bb5112-230x157.jpg 230w\" sizes=\"(max-width: 250px) 100vw, 250px\" \/>Il giorno 24 luglio \u00e8 programmato il corso di Operatore Tecnico di Base presso il centro SEF-Italia Don Chisciotte situato ad Inzago, in provincia di Milano, in via Padana Superiore, 62.<\/p>\n<p>Il corso durer\u00e0 tre giorni quindi si concluder\u00e0 il giorno 26 luglio. Per la partecipazione \u00e8 richiesta un\u2019et\u00e0 minima di 16 anni; essere cavalieri esperti, avere un\u2019ottima conoscenza ed attitudine alle tre andature ed essere in possesso della patente C SEF Italia.<\/p>\n<p>Lo scopo del corso consiste nel fornire ai candidati una guida sicura in tema di tecnica equestre elementare di base, di conoscenza del mondo del cavallo, di pratica professionale nei vari settori equestri, di gestione dei cavalli, per poter affiancare un tecnico superiore nei centri ippici.Il tecnico potr\u00e0 svolgere le seguenti mansioni: controllare che gli allievi siano in possesso dell\u2019abilitazione a montare, rilasciare l\u2019abilitazione a montare (patente A), affiancare tecnici di grado superiore in manifestazioni amatoriali di livello elementare o accompagnarvi i propri allievi con delega di istruttore di livello superiore, partecipare a raduni o a manifestazioni organizzate all\u2019attivit\u00e0 svolta, assicurarsi che le bardature e le imboccature siano commisurate alla sensibilit\u00e0 del cavallo, occuparsi della messa in sella dei principianti e seguire gli allievi\u00a0 nell\u2019esecuzione di figure di maneggio e riprese di livello elementare o esercizi sui cavalieri.<\/p>\n<p>Le iscrizioni saranno aperte fino il giorno 22 luglio! Il corso partir\u00e0 a raggiungimento del numero minimo di partecipanti.<\/p>\n<p>Per iscriverti <a href=\"http:\/\/www.sef-italia.it\/sefnav\/corsi_Corsisti.asp?CF_ID=1096\"><strong>CLICCA QUI<\/strong><\/a>.<\/p>\n","protected":false},"excerpt":{"rendered":"<p>Il giorno 24 luglio \u00e8 programmato il corso di Operatore Tecnico di Base presso il centro SEF-Italia Don Chisciotte situato ad Inzago, [&hellip;]<\/p>\n","protected":false},"author":83,"featured_media":3960,"comment_status":"open","ping_status":"open","sticky":false,"template":"","format":"standard","meta":{"footnotes":""},"categories":[9,1],"tags":[],"yoast_head":"<!-- This site is optimized with the Yoast SEO plugin v24.5 - https:\/\/yoast.com\/wordpress\/plugins\/seo\/ -->\r\n<title>Corso per Operatore Tecnico di Base Presso il Centro Don Chisciotte a Inzago (MI) - SEF Italia<\/title>\r\n<meta name=\"robots\" content=\"index, follow, max-snippet:-1, max-image-preview:large, max-video-preview:-1\" \/>\r\n<link rel=\"canonical\" href=\"https:\/\/www.sef-italia.it\/index.php\/2015\/07\/08\/corso-per-operatore-tecnico-di-base-presso-il-centro-don-chisciotte-a-inzago-mi\/\" \/>\r\n<meta property=\"og:locale\" content=\"it_IT\" \/>\r\n<meta property=\"og:type\" content=\"article\" \/>\r\n<meta property=\"og:title\" content=\"Corso per Operatore Tecnico di Base Presso il Centro Don Chisciotte a Inzago (MI) - SEF Italia\" \/>\r\n<meta property=\"og:description\" content=\"Il giorno 24 luglio \u00e8 programmato il corso di Operatore Tecnico di Base presso il centro SEF-Italia Don Chisciotte situato ad Inzago, [&hellip;]\" \/>\r\n<meta property=\"og:url\" content=\"https:\/\/www.sef-italia.it\/index.php\/2015\/07\/08\/corso-per-operatore-tecnico-di-base-presso-il-centro-don-chisciotte-a-inzago-mi\/\" \/>\r\n<meta property=\"og:site_name\" content=\"SEF Italia\" \/>\r\n<meta property=\"article:publisher\" content=\"https:\/\/www.facebook.com\/scuolaequestrediformazione\/\" \/>\r\n<meta property=\"article:published_time\" content=\"2015-07-08T08:00:19+00:00\" \/>\r\n<meta property=\"article:modified_time\" content=\"2016-10-19T14:06:55+00:00\" \/>\r\n<meta property=\"og:image\" content=\"https:\/\/www.sef-italia.it\/wp-content\/uploads\/2016\/10\/horse_otb-39bb5112.jpg\" \/>\r\n\t<meta property=\"og:image:width\" content=\"250\" \/>\r\n\t<meta property=\"og:image:height\" content=\"171\" \/>\r\n\t<meta property=\"og:image:type\" content=\"image\/jpeg\" \/>\r\n<meta name=\"author\" content=\"Maria Teresa Bevilacqua\" \/>\r\n<meta name=\"twitter:card\" content=\"summary_large_image\" \/>\r\n<meta name=\"twitter:creator\" content=\"@sef_italia\" \/>\r\n<meta name=\"twitter:site\" content=\"@sef_italia\" \/>\r\n<meta name=\"twitter:label1\" content=\"Scritto da\" \/>\n\t<meta name=\"twitter:data1\" content=\"Maria Teresa Bevilacqua\" \/>\n\t<meta name=\"twitter:label2\" content=\"Tempo di lettura stimato\" \/>\n\t<meta name=\"twitter:data2\" content=\"1 minuto\" \/>\r\n<script type=\"application\/ld+json\" class=\"yoast-schema-graph\">{\"@context\":\"https:\/\/schema.org\",\"@graph\":[{\"@type\":\"Article\",\"@id\":\"https:\/\/www.sef-italia.it\/index.php\/2015\/07\/08\/corso-per-operatore-tecnico-di-base-presso-il-centro-don-chisciotte-a-inzago-mi\/#article\",\"isPartOf\":{\"@id\":\"https:\/\/www.sef-italia.it\/index.php\/2015\/07\/08\/corso-per-operatore-tecnico-di-base-presso-il-centro-don-chisciotte-a-inzago-mi\/\"},\"author\":{\"name\":\"Maria Teresa Bevilacqua\",\"@id\":\"https:\/\/www.sef-italia.it\/#\/schema\/person\/98bbf141ebc34928c1b6b3262203ee9e\"},\"headline\":\"Corso per Operatore Tecnico di Base Presso il Centro Don Chisciotte a Inzago (MI)\",\"datePublished\":\"2015-07-08T08:00:19+00:00\",\"dateModified\":\"2016-10-19T14:06:55+00:00\",\"mainEntityOfPage\":{\"@id\":\"https:\/\/www.sef-italia.it\/index.php\/2015\/07\/08\/corso-per-operatore-tecnico-di-base-presso-il-centro-don-chisciotte-a-inzago-mi\/\"},\"wordCount\":248,\"commentCount\":0,\"publisher\":{\"@id\":\"https:\/\/www.sef-italia.it\/#organization\"},\"image\":{\"@id\":\"https:\/\/www.sef-italia.it\/index.php\/2015\/07\/08\/corso-per-operatore-tecnico-di-base-presso-il-centro-don-chisciotte-a-inzago-mi\/#primaryimage\"},\"thumbnailUrl\":\"https:\/\/www.sef-italia.it\/wp-content\/uploads\/2016\/10\/horse_otb-39bb5112.jpg\",\"articleSection\":[\"Corsi\",\"News\"],\"inLanguage\":\"it-IT\",\"potentialAction\":[{\"@type\":\"CommentAction\",\"name\":\"Comment\",\"target\":[\"https:\/\/www.sef-italia.it\/index.php\/2015\/07\/08\/corso-per-operatore-tecnico-di-base-presso-il-centro-don-chisciotte-a-inzago-mi\/#respond\"]}]},{\"@type\":\"WebPage\",\"@id\":\"https:\/\/www.sef-italia.it\/index.php\/2015\/07\/08\/corso-per-operatore-tecnico-di-base-presso-il-centro-don-chisciotte-a-inzago-mi\/\",\"url\":\"https:\/\/www.sef-italia.it\/index.php\/2015\/07\/08\/corso-per-operatore-tecnico-di-base-presso-il-centro-don-chisciotte-a-inzago-mi\/\",\"name\":\"Corso per Operatore Tecnico di Base Presso il Centro Don Chisciotte a Inzago (MI) - SEF Italia\",\"isPartOf\":{\"@id\":\"https:\/\/www.sef-italia.it\/#website\"},\"primaryImageOfPage\":{\"@id\":\"https:\/\/www.sef-italia.it\/index.php\/2015\/07\/08\/corso-per-operatore-tecnico-di-base-presso-il-centro-don-chisciotte-a-inzago-mi\/#primaryimage\"},\"image\":{\"@id\":\"https:\/\/www.sef-italia.it\/index.php\/2015\/07\/08\/corso-per-operatore-tecnico-di-base-presso-il-centro-don-chisciotte-a-inzago-mi\/#primaryimage\"},\"thumbnailUrl\":\"https:\/\/www.sef-italia.it\/wp-content\/uploads\/2016\/10\/horse_otb-39bb5112.jpg\",\"datePublished\":\"2015-07-08T08:00:19+00:00\",\"dateModified\":\"2016-10-19T14:06:55+00:00\",\"breadcrumb\":{\"@id\":\"https:\/\/www.sef-italia.it\/index.php\/2015\/07\/08\/corso-per-operatore-tecnico-di-base-presso-il-centro-don-chisciotte-a-inzago-mi\/#breadcrumb\"},\"inLanguage\":\"it-IT\",\"potentialAction\":[{\"@type\":\"ReadAction\",\"target\":[\"https:\/\/www.sef-italia.it\/index.php\/2015\/07\/08\/corso-per-operatore-tecnico-di-base-presso-il-centro-don-chisciotte-a-inzago-mi\/\"]}]},{\"@type\":\"ImageObject\",\"inLanguage\":\"it-IT\",\"@id\":\"https:\/\/www.sef-italia.it\/index.php\/2015\/07\/08\/corso-per-operatore-tecnico-di-base-presso-il-centro-don-chisciotte-a-inzago-mi\/#primaryimage\",\"url\":\"https:\/\/www.sef-italia.it\/wp-content\/uploads\/2016\/10\/horse_otb-39bb5112.jpg\",\"contentUrl\":\"https:\/\/www.sef-italia.it\/wp-content\/uploads\/2016\/10\/horse_otb-39bb5112.jpg\",\"width\":250,\"height\":171},{\"@type\":\"BreadcrumbList\",\"@id\":\"https:\/\/www.sef-italia.it\/index.php\/2015\/07\/08\/corso-per-operatore-tecnico-di-base-presso-il-centro-don-chisciotte-a-inzago-mi\/#breadcrumb\",\"itemListElement\":[{\"@type\":\"ListItem\",\"position\":1,\"name\":\"Home\",\"item\":\"https:\/\/www.sef-italia.it\/\"},{\"@type\":\"ListItem\",\"position\":2,\"name\":\"Corso per Operatore Tecnico di Base Presso il Centro Don Chisciotte a Inzago (MI)\"}]},{\"@type\":\"WebSite\",\"@id\":\"https:\/\/www.sef-italia.it\/#website\",\"url\":\"https:\/\/www.sef-italia.it\/\",\"name\":\"SEF Italia\",\"description\":\"Il nuovo sito SEF Italia\",\"publisher\":{\"@id\":\"https:\/\/www.sef-italia.it\/#organization\"},\"potentialAction\":[{\"@type\":\"SearchAction\",\"target\":{\"@type\":\"EntryPoint\",\"urlTemplate\":\"https:\/\/www.sef-italia.it\/?s={search_term_string}\"},\"query-input\":{\"@type\":\"PropertyValueSpecification\",\"valueRequired\":true,\"valueName\":\"search_term_string\"}}],\"inLanguage\":\"it-IT\"},{\"@type\":\"Organization\",\"@id\":\"https:\/\/www.sef-italia.it\/#organization\",\"name\":\"SEF Italia\",\"url\":\"https:\/\/www.sef-italia.it\/\",\"logo\":{\"@type\":\"ImageObject\",\"inLanguage\":\"it-IT\",\"@id\":\"https:\/\/www.sef-italia.it\/#\/schema\/logo\/image\/\",\"url\":\"https:\/\/www.sef-italia.it\/wp-content\/uploads\/2018\/01\/logoSEF_QUADRATO-.jpg\",\"contentUrl\":\"https:\/\/www.sef-italia.it\/wp-content\/uploads\/2018\/01\/logoSEF_QUADRATO-.jpg\",\"width\":600,\"height\":600,\"caption\":\"SEF Italia\"},\"image\":{\"@id\":\"https:\/\/www.sef-italia.it\/#\/schema\/logo\/image\/\"},\"sameAs\":[\"https:\/\/www.facebook.com\/scuolaequestrediformazione\/\",\"https:\/\/x.com\/sef_italia\",\"https:\/\/www.youtube.com\/channel\/UCcEMamL3elnrqfrtIT8sh7g?view_as=subscriber\"]},{\"@type\":\"Person\",\"@id\":\"https:\/\/www.sef-italia.it\/#\/schema\/person\/98bbf141ebc34928c1b6b3262203ee9e\",\"name\":\"Maria Teresa Bevilacqua\",\"image\":{\"@type\":\"ImageObject\",\"inLanguage\":\"it-IT\",\"@id\":\"https:\/\/www.sef-italia.it\/#\/schema\/person\/image\/\",\"url\":\"https:\/\/secure.gravatar.com\/avatar\/15e0000cbd79bf458c75ba2fc416b0c2?s=96&d=mm&r=g\",\"contentUrl\":\"https:\/\/secure.gravatar.com\/avatar\/15e0000cbd79bf458c75ba2fc416b0c2?s=96&d=mm&r=g\",\"caption\":\"Maria Teresa Bevilacqua\"},\"url\":\"https:\/\/www.sef-italia.it\/index.php\/author\/mariateresa\/\"}]}<\/script>\r\n<!-- \/ Yoast SEO plugin. -->","yoast_head_json":{"title":"Corso per Operatore Tecnico di Base Presso il Centro Don Chisciotte a Inzago (MI) - SEF Italia","robots":{"index":"index","follow":"follow","max-snippet":"max-snippet:-1","max-image-preview":"max-image-preview:large","max-video-preview":"max-video-preview:-1"},"canonical":"https:\/\/www.sef-italia.it\/index.php\/2015\/07\/08\/corso-per-operatore-tecnico-di-base-presso-il-centro-don-chisciotte-a-inzago-mi\/","og_locale":"it_IT","og_type":"article","og_title":"Corso per Operatore Tecnico di Base Presso il Centro Don Chisciotte a Inzago (MI) - SEF Italia","og_description":"Il giorno 24 luglio \u00e8 programmato il corso di Operatore Tecnico di Base presso il centro SEF-Italia Don Chisciotte situato ad Inzago, [&hellip;]","og_url":"https:\/\/www.sef-italia.it\/index.php\/2015\/07\/08\/corso-per-operatore-tecnico-di-base-presso-il-centro-don-chisciotte-a-inzago-mi\/","og_site_name":"SEF Italia","article_publisher":"https:\/\/www.facebook.com\/scuolaequestrediformazione\/","article_published_time":"2015-07-08T08:00:19+00:00","article_modified_time":"2016-10-19T14:06:55+00:00","og_image":[{"width":250,"height":171,"url":"https:\/\/www.sef-italia.it\/wp-content\/uploads\/2016\/10\/horse_otb-39bb5112.jpg","type":"image\/jpeg"}],"author":"Maria Teresa Bevilacqua","twitter_card":"summary_large_image","twitter_creator":"@sef_italia","twitter_site":"@sef_italia","twitter_misc":{"Scritto da":"Maria Teresa Bevilacqua","Tempo di lettura stimato":"1 minuto"},"schema":{"@context":"https:\/\/schema.org","@graph":[{"@type":"Article","@id":"https:\/\/www.sef-italia.it\/index.php\/2015\/07\/08\/corso-per-operatore-tecnico-di-base-presso-il-centro-don-chisciotte-a-inzago-mi\/#article","isPartOf":{"@id":"https:\/\/www.sef-italia.it\/index.php\/2015\/07\/08\/corso-per-operatore-tecnico-di-base-presso-il-centro-don-chisciotte-a-inzago-mi\/"},"author":{"name":"Maria Teresa Bevilacqua","@id":"https:\/\/www.sef-italia.it\/#\/schema\/person\/98bbf141ebc34928c1b6b3262203ee9e"},"headline":"Corso per Operatore Tecnico di Base Presso il Centro Don Chisciotte a Inzago (MI)","datePublished":"2015-07-08T08:00:19+00:00","dateModified":"2016-10-19T14:06:55+00:00","mainEntityOfPage":{"@id":"https:\/\/www.sef-italia.it\/index.php\/2015\/07\/08\/corso-per-operatore-tecnico-di-base-presso-il-centro-don-chisciotte-a-inzago-mi\/"},"wordCount":248,"commentCount":0,"publisher":{"@id":"https:\/\/www.sef-italia.it\/#organization"},"image":{"@id":"https:\/\/www.sef-italia.it\/index.php\/2015\/07\/08\/corso-per-operatore-tecnico-di-base-presso-il-centro-don-chisciotte-a-inzago-mi\/#primaryimage"},"thumbnailUrl":"https:\/\/www.sef-italia.it\/wp-content\/uploads\/2016\/10\/horse_otb-39bb5112.jpg","articleSection":["Corsi","News"],"inLanguage":"it-IT","potentialAction":[{"@type":"CommentAction","name":"Comment","target":["https:\/\/www.sef-italia.it\/index.php\/2015\/07\/08\/corso-per-operatore-tecnico-di-base-presso-il-centro-don-chisciotte-a-inzago-mi\/#respond"]}]},{"@type":"WebPage","@id":"https:\/\/www.sef-italia.it\/index.php\/2015\/07\/08\/corso-per-operatore-tecnico-di-base-presso-il-centro-don-chisciotte-a-inzago-mi\/","url":"https:\/\/www.sef-italia.it\/index.php\/2015\/07\/08\/corso-per-operatore-tecnico-di-base-presso-il-centro-don-chisciotte-a-inzago-mi\/","name":"Corso per Operatore Tecnico di Base Presso il Centro Don Chisciotte a Inzago (MI) - SEF Italia","isPartOf":{"@id":"https:\/\/www.sef-italia.it\/#website"},"primaryImageOfPage":{"@id":"https:\/\/www.sef-italia.it\/index.php\/2015\/07\/08\/corso-per-operatore-tecnico-di-base-presso-il-centro-don-chisciotte-a-inzago-mi\/#primaryimage"},"image":{"@id":"https:\/\/www.sef-italia.it\/index.php\/2015\/07\/08\/corso-per-operatore-tecnico-di-base-presso-il-centro-don-chisciotte-a-inzago-mi\/#primaryimage"},"thumbnailUrl":"https:\/\/www.sef-italia.it\/wp-content\/uploads\/2016\/10\/horse_otb-39bb5112.jpg","datePublished":"2015-07-08T08:00:19+00:00","dateModified":"2016-10-19T14:06:55+00:00","breadcrumb":{"@id":"https:\/\/www.sef-italia.it\/index.php\/2015\/07\/08\/corso-per-operatore-tecnico-di-base-presso-il-centro-don-chisciotte-a-inzago-mi\/#breadcrumb"},"inLanguage":"it-IT","potentialAction":[{"@type":"ReadAction","target":["https:\/\/www.sef-italia.it\/index.php\/2015\/07\/08\/corso-per-operatore-tecnico-di-base-presso-il-centro-don-chisciotte-a-inzago-mi\/"]}]},{"@type":"ImageObject","inLanguage":"it-IT","@id":"https:\/\/www.sef-italia.it\/index.php\/2015\/07\/08\/corso-per-operatore-tecnico-di-base-presso-il-centro-don-chisciotte-a-inzago-mi\/#primaryimage","url":"https:\/\/www.sef-italia.it\/wp-content\/uploads\/2016\/10\/horse_otb-39bb5112.jpg","contentUrl":"https:\/\/www.sef-italia.it\/wp-content\/uploads\/2016\/10\/horse_otb-39bb5112.jpg","width":250,"height":171},{"@type":"BreadcrumbList","@id":"https:\/\/www.sef-italia.it\/index.php\/2015\/07\/08\/corso-per-operatore-tecnico-di-base-presso-il-centro-don-chisciotte-a-inzago-mi\/#breadcrumb","itemListElement":[{"@type":"ListItem","position":1,"name":"Home","item":"https:\/\/www.sef-italia.it\/"},{"@type":"ListItem","position":2,"name":"Corso per Operatore Tecnico di Base Presso il Centro Don Chisciotte a Inzago (MI)"}]},{"@type":"WebSite","@id":"https:\/\/www.sef-italia.it\/#website","url":"https:\/\/www.sef-italia.it\/","name":"SEF Italia","description":"Il nuovo sito SEF Italia","publisher":{"@id":"https:\/\/www.sef-italia.it\/#organization"},"potentialAction":[{"@type":"SearchAction","target":{"@type":"EntryPoint","urlTemplate":"https:\/\/www.sef-italia.it\/?s={search_term_string}"},"query-input":{"@type":"PropertyValueSpecification","valueRequired":true,"valueName":"search_term_string"}}],"inLanguage":"it-IT"},{"@type":"Organization","@id":"https:\/\/www.sef-italia.it\/#organization","name":"SEF Italia","url":"https:\/\/www.sef-italia.it\/","logo":{"@type":"ImageObject","inLanguage":"it-IT","@id":"https:\/\/www.sef-italia.it\/#\/schema\/logo\/image\/","url":"https:\/\/www.sef-italia.it\/wp-content\/uploads\/2018\/01\/logoSEF_QUADRATO-.jpg","contentUrl":"https:\/\/www.sef-italia.it\/wp-content\/uploads\/2018\/01\/logoSEF_QUADRATO-.jpg","width":600,"height":600,"caption":"SEF Italia"},"image":{"@id":"https:\/\/www.sef-italia.it\/#\/schema\/logo\/image\/"},"sameAs":["https:\/\/www.facebook.com\/scuolaequestrediformazione\/","https:\/\/x.com\/sef_italia","https:\/\/www.youtube.com\/channel\/UCcEMamL3elnrqfrtIT8sh7g?view_as=subscriber"]},{"@type":"Person","@id":"https:\/\/www.sef-italia.it\/#\/schema\/person\/98bbf141ebc34928c1b6b3262203ee9e","name":"Maria Teresa Bevilacqua","image":{"@type":"ImageObject","inLanguage":"it-IT","@id":"https:\/\/www.sef-italia.it\/#\/schema\/person\/image\/","url":"https:\/\/secure.gravatar.com\/avatar\/15e0000cbd79bf458c75ba2fc416b0c2?s=96&d=mm&r=g","contentUrl":"https:\/\/secure.gravatar.com\/avatar\/15e0000cbd79bf458c75ba2fc416b0c2?s=96&d=mm&r=g","caption":"Maria Teresa Bevilacqua"},"url":"https:\/\/www.sef-italia.it\/index.php\/author\/mariateresa\/"}]}},"_links":{"self":[{"href":"https:\/\/www.sef-italia.it\/index.php\/wp-json\/wp\/v2\/posts\/3959"}],"collection":[{"href":"https:\/\/www.sef-italia.it\/index.php\/wp-json\/wp\/v2\/posts"}],"about":[{"href":"https:\/\/www.sef-italia.it\/index.php\/wp-json\/wp\/v2\/types\/post"}],"author":[{"embeddable":true,"href":"https:\/\/www.sef-italia.it\/index.php\/wp-json\/wp\/v2\/users\/83"}],"replies":[{"embeddable":true,"href":"https:\/\/www.sef-italia.it\/index.php\/wp-json\/wp\/v2\/comments?post=3959"}],"version-history":[{"count":3,"href":"https:\/\/www.sef-italia.it\/index.php\/wp-json\/wp\/v2\/posts\/3959\/revisions"}],"predecessor-version":[{"id":5782,"href":"https:\/\/www.sef-italia.it\/index.php\/wp-json\/wp\/v2\/posts\/3959\/revisions\/5782"}],"wp:featuredmedia":[{"embeddable":true,"href":"https:\/\/www.sef-italia.it\/index.php\/wp-json\/wp\/v2\/media\/3960"}],"wp:attachment":[{"href":"https:\/\/www.sef-italia.it\/index.php\/wp-json\/wp\/v2\/media?parent=3959"}],"wp:term":[{"taxonomy":"category","embeddable":true,"href":"https:\/\/www.sef-italia.it\/index.php\/wp-json\/wp\/v2\/categories?post=3959"},{"taxonomy":"post_tag","embeddable":true,"href":"https:\/\/www.sef-italia.it\/index.php\/wp-json\/wp\/v2\/tags?post=3959"}],"curies":[{"name":"wp","href":"https:\/\/api.w.org\/{rel}","templated":true}]}}