{"id":4162,"date":"2015-08-02T10:00:32","date_gmt":"2015-08-02T08:00:32","guid":{"rendered":"http:\/\/www.sporttennis.it\/sef-italia\/?p=4162"},"modified":"2016-10-19T15:37:02","modified_gmt":"2016-10-19T13:37:02","slug":"il-temperamento-del-nostro-cavallo-e-il-ruolo-del-cavaliere","status":"publish","type":"post","link":"https:\/\/www.sef-italia.it\/index.php\/2015\/08\/02\/il-temperamento-del-nostro-cavallo-e-il-ruolo-del-cavaliere\/","title":{"rendered":"Il Temperamento Del Nostro Cavallo e Il Ruolo del Cavaliere"},"content":{"rendered":"<p><img loading=\"lazy\" decoding=\"async\" class=\"size-full wp-image-4163 alignleft\" src=\"http:\/\/www.sef-italia.it\/wp-content\/uploads\/2016\/10\/allenamento-muscoli-7633e338-2.jpg\" alt=\"allenamento-muscoli-7633e338\" width=\"250\" height=\"179\" srcset=\"https:\/\/www.sef-italia.it\/wp-content\/uploads\/2016\/10\/allenamento-muscoli-7633e338-2.jpg 250w, https:\/\/www.sef-italia.it\/wp-content\/uploads\/2016\/10\/allenamento-muscoli-7633e338-2-230x165.jpg 230w\" sizes=\"(max-width: 250px) 100vw, 250px\" \/>Ogni cavallo ha il suo temperamento che pu\u00f2 evolversi nel tempo e in base alla relazione con il suo cavaliere. Pu\u00f2 essere coraggioso o timido, paziente o nervoso.<\/p>\n<p>Una caratteristica comune a tutti i cavalli \u00e8 la paura. Poich\u00e9 l\u2019addestramento pu\u00f2 insegnare al cavallo a dominare le proprie emozioni e a diventare meno timoroso, la paura \u00e8 un istinto che non pu\u00f2 essere completamente rimosso.<\/p>\n<p>L\u2019ignoto e l\u2019imprevisto sono i primi elementi ad attirare in lui paura: qualsiasi oggetto nuovo che entra bruscamente nel suo campo visivo pu\u00f2 spaventarlo. Ma grazie alla sua buona memoria e alle sue esperienze positive, il cavallo \u00e8 capace di domare la paura e di non essere timoroso davanti a oggetti che normalmente lo preoccuperebbero.<\/p>\n<p>Inoltre, un altro aspetto importante \u00e8 il ruolo del cavaliere. Per il temperamento che gli \u00e8 proprio, il cavaliere ha molta influenza sulla sua cavalcatura. Per esempio l\u2019ansia di uno possono contagiare l\u2019altro. Invece, un cavaliere determinato e posato riesce a trasmettere al cavallo impaurito e timido la voglia di dare il meglio. E\u2019 dall\u2019accordo tra i due temperamenti che dipende molto la buona intesa tra cavallo e cavaliere.<\/p>\n<p>E\u2019 tutta una questione di alchimia.<\/p>\n","protected":false},"excerpt":{"rendered":"<p>Ogni cavallo ha il suo temperamento che pu\u00f2 evolversi nel tempo e in base alla relazione con il suo cavaliere. Pu\u00f2 essere [&hellip;]<\/p>\n","protected":false},"author":83,"featured_media":4163,"comment_status":"open","ping_status":"open","sticky":false,"template":"","format":"standard","meta":{"footnotes":""},"categories":[8,1],"tags":[],"yoast_head":"<!-- This site is optimized with the Yoast SEO plugin v24.5 - https:\/\/yoast.com\/wordpress\/plugins\/seo\/ -->\r\n<title>Il Temperamento Del Nostro Cavallo e Il Ruolo del Cavaliere - SEF Italia<\/title>\r\n<meta name=\"robots\" content=\"index, follow, max-snippet:-1, max-image-preview:large, max-video-preview:-1\" \/>\r\n<link rel=\"canonical\" href=\"https:\/\/www.sef-italia.it\/index.php\/2015\/08\/02\/il-temperamento-del-nostro-cavallo-e-il-ruolo-del-cavaliere\/\" \/>\r\n<meta property=\"og:locale\" content=\"it_IT\" \/>\r\n<meta property=\"og:type\" content=\"article\" \/>\r\n<meta property=\"og:title\" content=\"Il Temperamento Del Nostro Cavallo e Il Ruolo del Cavaliere - SEF Italia\" \/>\r\n<meta property=\"og:description\" content=\"Ogni cavallo ha il suo temperamento che pu\u00f2 evolversi nel tempo e in base alla relazione con il suo cavaliere. Pu\u00f2 essere [&hellip;]\" \/>\r\n<meta property=\"og:url\" content=\"https:\/\/www.sef-italia.it\/index.php\/2015\/08\/02\/il-temperamento-del-nostro-cavallo-e-il-ruolo-del-cavaliere\/\" \/>\r\n<meta property=\"og:site_name\" content=\"SEF Italia\" \/>\r\n<meta property=\"article:publisher\" content=\"https:\/\/www.facebook.com\/scuolaequestrediformazione\/\" \/>\r\n<meta property=\"article:published_time\" content=\"2015-08-02T08:00:32+00:00\" \/>\r\n<meta property=\"article:modified_time\" content=\"2016-10-19T13:37:02+00:00\" \/>\r\n<meta property=\"og:image\" content=\"https:\/\/www.sef-italia.it\/wp-content\/uploads\/2016\/10\/allenamento-muscoli-7633e338-2.jpg\" \/>\r\n\t<meta property=\"og:image:width\" content=\"250\" \/>\r\n\t<meta property=\"og:image:height\" content=\"179\" \/>\r\n\t<meta property=\"og:image:type\" content=\"image\/jpeg\" \/>\r\n<meta name=\"author\" content=\"Maria Teresa Bevilacqua\" \/>\r\n<meta name=\"twitter:card\" content=\"summary_large_image\" \/>\r\n<meta name=\"twitter:creator\" content=\"@sef_italia\" \/>\r\n<meta name=\"twitter:site\" content=\"@sef_italia\" \/>\r\n<meta name=\"twitter:label1\" content=\"Scritto da\" \/>\n\t<meta name=\"twitter:data1\" content=\"Maria Teresa Bevilacqua\" \/>\n\t<meta name=\"twitter:label2\" content=\"Tempo di lettura stimato\" \/>\n\t<meta name=\"twitter:data2\" content=\"1 minuto\" \/>\r\n<script type=\"application\/ld+json\" class=\"yoast-schema-graph\">{\"@context\":\"https:\/\/schema.org\",\"@graph\":[{\"@type\":\"Article\",\"@id\":\"https:\/\/www.sef-italia.it\/index.php\/2015\/08\/02\/il-temperamento-del-nostro-cavallo-e-il-ruolo-del-cavaliere\/#article\",\"isPartOf\":{\"@id\":\"https:\/\/www.sef-italia.it\/index.php\/2015\/08\/02\/il-temperamento-del-nostro-cavallo-e-il-ruolo-del-cavaliere\/\"},\"author\":{\"name\":\"Maria Teresa Bevilacqua\",\"@id\":\"https:\/\/www.sef-italia.it\/#\/schema\/person\/98bbf141ebc34928c1b6b3262203ee9e\"},\"headline\":\"Il Temperamento Del Nostro Cavallo e Il Ruolo del Cavaliere\",\"datePublished\":\"2015-08-02T08:00:32+00:00\",\"dateModified\":\"2016-10-19T13:37:02+00:00\",\"mainEntityOfPage\":{\"@id\":\"https:\/\/www.sef-italia.it\/index.php\/2015\/08\/02\/il-temperamento-del-nostro-cavallo-e-il-ruolo-del-cavaliere\/\"},\"wordCount\":206,\"commentCount\":0,\"publisher\":{\"@id\":\"https:\/\/www.sef-italia.it\/#organization\"},\"image\":{\"@id\":\"https:\/\/www.sef-italia.it\/index.php\/2015\/08\/02\/il-temperamento-del-nostro-cavallo-e-il-ruolo-del-cavaliere\/#primaryimage\"},\"thumbnailUrl\":\"https:\/\/www.sef-italia.it\/wp-content\/uploads\/2016\/10\/allenamento-muscoli-7633e338-2.jpg\",\"articleSection\":[\"Caratteristiche del cavallo\",\"News\"],\"inLanguage\":\"it-IT\",\"potentialAction\":[{\"@type\":\"CommentAction\",\"name\":\"Comment\",\"target\":[\"https:\/\/www.sef-italia.it\/index.php\/2015\/08\/02\/il-temperamento-del-nostro-cavallo-e-il-ruolo-del-cavaliere\/#respond\"]}]},{\"@type\":\"WebPage\",\"@id\":\"https:\/\/www.sef-italia.it\/index.php\/2015\/08\/02\/il-temperamento-del-nostro-cavallo-e-il-ruolo-del-cavaliere\/\",\"url\":\"https:\/\/www.sef-italia.it\/index.php\/2015\/08\/02\/il-temperamento-del-nostro-cavallo-e-il-ruolo-del-cavaliere\/\",\"name\":\"Il Temperamento Del Nostro Cavallo e Il Ruolo del Cavaliere - SEF Italia\",\"isPartOf\":{\"@id\":\"https:\/\/www.sef-italia.it\/#website\"},\"primaryImageOfPage\":{\"@id\":\"https:\/\/www.sef-italia.it\/index.php\/2015\/08\/02\/il-temperamento-del-nostro-cavallo-e-il-ruolo-del-cavaliere\/#primaryimage\"},\"image\":{\"@id\":\"https:\/\/www.sef-italia.it\/index.php\/2015\/08\/02\/il-temperamento-del-nostro-cavallo-e-il-ruolo-del-cavaliere\/#primaryimage\"},\"thumbnailUrl\":\"https:\/\/www.sef-italia.it\/wp-content\/uploads\/2016\/10\/allenamento-muscoli-7633e338-2.jpg\",\"datePublished\":\"2015-08-02T08:00:32+00:00\",\"dateModified\":\"2016-10-19T13:37:02+00:00\",\"breadcrumb\":{\"@id\":\"https:\/\/www.sef-italia.it\/index.php\/2015\/08\/02\/il-temperamento-del-nostro-cavallo-e-il-ruolo-del-cavaliere\/#breadcrumb\"},\"inLanguage\":\"it-IT\",\"potentialAction\":[{\"@type\":\"ReadAction\",\"target\":[\"https:\/\/www.sef-italia.it\/index.php\/2015\/08\/02\/il-temperamento-del-nostro-cavallo-e-il-ruolo-del-cavaliere\/\"]}]},{\"@type\":\"ImageObject\",\"inLanguage\":\"it-IT\",\"@id\":\"https:\/\/www.sef-italia.it\/index.php\/2015\/08\/02\/il-temperamento-del-nostro-cavallo-e-il-ruolo-del-cavaliere\/#primaryimage\",\"url\":\"https:\/\/www.sef-italia.it\/wp-content\/uploads\/2016\/10\/allenamento-muscoli-7633e338-2.jpg\",\"contentUrl\":\"https:\/\/www.sef-italia.it\/wp-content\/uploads\/2016\/10\/allenamento-muscoli-7633e338-2.jpg\",\"width\":250,\"height\":179},{\"@type\":\"BreadcrumbList\",\"@id\":\"https:\/\/www.sef-italia.it\/index.php\/2015\/08\/02\/il-temperamento-del-nostro-cavallo-e-il-ruolo-del-cavaliere\/#breadcrumb\",\"itemListElement\":[{\"@type\":\"ListItem\",\"position\":1,\"name\":\"Home\",\"item\":\"https:\/\/www.sef-italia.it\/\"},{\"@type\":\"ListItem\",\"position\":2,\"name\":\"Il Temperamento Del Nostro Cavallo e Il Ruolo del Cavaliere\"}]},{\"@type\":\"WebSite\",\"@id\":\"https:\/\/www.sef-italia.it\/#website\",\"url\":\"https:\/\/www.sef-italia.it\/\",\"name\":\"SEF Italia\",\"description\":\"Il nuovo sito SEF Italia\",\"publisher\":{\"@id\":\"https:\/\/www.sef-italia.it\/#organization\"},\"potentialAction\":[{\"@type\":\"SearchAction\",\"target\":{\"@type\":\"EntryPoint\",\"urlTemplate\":\"https:\/\/www.sef-italia.it\/?s={search_term_string}\"},\"query-input\":{\"@type\":\"PropertyValueSpecification\",\"valueRequired\":true,\"valueName\":\"search_term_string\"}}],\"inLanguage\":\"it-IT\"},{\"@type\":\"Organization\",\"@id\":\"https:\/\/www.sef-italia.it\/#organization\",\"name\":\"SEF Italia\",\"url\":\"https:\/\/www.sef-italia.it\/\",\"logo\":{\"@type\":\"ImageObject\",\"inLanguage\":\"it-IT\",\"@id\":\"https:\/\/www.sef-italia.it\/#\/schema\/logo\/image\/\",\"url\":\"https:\/\/www.sef-italia.it\/wp-content\/uploads\/2018\/01\/logoSEF_QUADRATO-.jpg\",\"contentUrl\":\"https:\/\/www.sef-italia.it\/wp-content\/uploads\/2018\/01\/logoSEF_QUADRATO-.jpg\",\"width\":600,\"height\":600,\"caption\":\"SEF Italia\"},\"image\":{\"@id\":\"https:\/\/www.sef-italia.it\/#\/schema\/logo\/image\/\"},\"sameAs\":[\"https:\/\/www.facebook.com\/scuolaequestrediformazione\/\",\"https:\/\/x.com\/sef_italia\",\"https:\/\/www.youtube.com\/channel\/UCcEMamL3elnrqfrtIT8sh7g?view_as=subscriber\"]},{\"@type\":\"Person\",\"@id\":\"https:\/\/www.sef-italia.it\/#\/schema\/person\/98bbf141ebc34928c1b6b3262203ee9e\",\"name\":\"Maria Teresa Bevilacqua\",\"image\":{\"@type\":\"ImageObject\",\"inLanguage\":\"it-IT\",\"@id\":\"https:\/\/www.sef-italia.it\/#\/schema\/person\/image\/\",\"url\":\"https:\/\/secure.gravatar.com\/avatar\/15e0000cbd79bf458c75ba2fc416b0c2?s=96&d=mm&r=g\",\"contentUrl\":\"https:\/\/secure.gravatar.com\/avatar\/15e0000cbd79bf458c75ba2fc416b0c2?s=96&d=mm&r=g\",\"caption\":\"Maria Teresa Bevilacqua\"},\"url\":\"https:\/\/www.sef-italia.it\/index.php\/author\/mariateresa\/\"}]}<\/script>\r\n<!-- \/ Yoast SEO plugin. -->","yoast_head_json":{"title":"Il Temperamento Del Nostro Cavallo e Il Ruolo del Cavaliere - SEF Italia","robots":{"index":"index","follow":"follow","max-snippet":"max-snippet:-1","max-image-preview":"max-image-preview:large","max-video-preview":"max-video-preview:-1"},"canonical":"https:\/\/www.sef-italia.it\/index.php\/2015\/08\/02\/il-temperamento-del-nostro-cavallo-e-il-ruolo-del-cavaliere\/","og_locale":"it_IT","og_type":"article","og_title":"Il Temperamento Del Nostro Cavallo e Il Ruolo del Cavaliere - SEF Italia","og_description":"Ogni cavallo ha il suo temperamento che pu\u00f2 evolversi nel tempo e in base alla relazione con il suo cavaliere. Pu\u00f2 essere [&hellip;]","og_url":"https:\/\/www.sef-italia.it\/index.php\/2015\/08\/02\/il-temperamento-del-nostro-cavallo-e-il-ruolo-del-cavaliere\/","og_site_name":"SEF Italia","article_publisher":"https:\/\/www.facebook.com\/scuolaequestrediformazione\/","article_published_time":"2015-08-02T08:00:32+00:00","article_modified_time":"2016-10-19T13:37:02+00:00","og_image":[{"width":250,"height":179,"url":"https:\/\/www.sef-italia.it\/wp-content\/uploads\/2016\/10\/allenamento-muscoli-7633e338-2.jpg","type":"image\/jpeg"}],"author":"Maria Teresa Bevilacqua","twitter_card":"summary_large_image","twitter_creator":"@sef_italia","twitter_site":"@sef_italia","twitter_misc":{"Scritto da":"Maria Teresa Bevilacqua","Tempo di lettura stimato":"1 minuto"},"schema":{"@context":"https:\/\/schema.org","@graph":[{"@type":"Article","@id":"https:\/\/www.sef-italia.it\/index.php\/2015\/08\/02\/il-temperamento-del-nostro-cavallo-e-il-ruolo-del-cavaliere\/#article","isPartOf":{"@id":"https:\/\/www.sef-italia.it\/index.php\/2015\/08\/02\/il-temperamento-del-nostro-cavallo-e-il-ruolo-del-cavaliere\/"},"author":{"name":"Maria Teresa Bevilacqua","@id":"https:\/\/www.sef-italia.it\/#\/schema\/person\/98bbf141ebc34928c1b6b3262203ee9e"},"headline":"Il Temperamento Del Nostro Cavallo e Il Ruolo del Cavaliere","datePublished":"2015-08-02T08:00:32+00:00","dateModified":"2016-10-19T13:37:02+00:00","mainEntityOfPage":{"@id":"https:\/\/www.sef-italia.it\/index.php\/2015\/08\/02\/il-temperamento-del-nostro-cavallo-e-il-ruolo-del-cavaliere\/"},"wordCount":206,"commentCount":0,"publisher":{"@id":"https:\/\/www.sef-italia.it\/#organization"},"image":{"@id":"https:\/\/www.sef-italia.it\/index.php\/2015\/08\/02\/il-temperamento-del-nostro-cavallo-e-il-ruolo-del-cavaliere\/#primaryimage"},"thumbnailUrl":"https:\/\/www.sef-italia.it\/wp-content\/uploads\/2016\/10\/allenamento-muscoli-7633e338-2.jpg","articleSection":["Caratteristiche del cavallo","News"],"inLanguage":"it-IT","potentialAction":[{"@type":"CommentAction","name":"Comment","target":["https:\/\/www.sef-italia.it\/index.php\/2015\/08\/02\/il-temperamento-del-nostro-cavallo-e-il-ruolo-del-cavaliere\/#respond"]}]},{"@type":"WebPage","@id":"https:\/\/www.sef-italia.it\/index.php\/2015\/08\/02\/il-temperamento-del-nostro-cavallo-e-il-ruolo-del-cavaliere\/","url":"https:\/\/www.sef-italia.it\/index.php\/2015\/08\/02\/il-temperamento-del-nostro-cavallo-e-il-ruolo-del-cavaliere\/","name":"Il Temperamento Del Nostro Cavallo e Il Ruolo del Cavaliere - SEF Italia","isPartOf":{"@id":"https:\/\/www.sef-italia.it\/#website"},"primaryImageOfPage":{"@id":"https:\/\/www.sef-italia.it\/index.php\/2015\/08\/02\/il-temperamento-del-nostro-cavallo-e-il-ruolo-del-cavaliere\/#primaryimage"},"image":{"@id":"https:\/\/www.sef-italia.it\/index.php\/2015\/08\/02\/il-temperamento-del-nostro-cavallo-e-il-ruolo-del-cavaliere\/#primaryimage"},"thumbnailUrl":"https:\/\/www.sef-italia.it\/wp-content\/uploads\/2016\/10\/allenamento-muscoli-7633e338-2.jpg","datePublished":"2015-08-02T08:00:32+00:00","dateModified":"2016-10-19T13:37:02+00:00","breadcrumb":{"@id":"https:\/\/www.sef-italia.it\/index.php\/2015\/08\/02\/il-temperamento-del-nostro-cavallo-e-il-ruolo-del-cavaliere\/#breadcrumb"},"inLanguage":"it-IT","potentialAction":[{"@type":"ReadAction","target":["https:\/\/www.sef-italia.it\/index.php\/2015\/08\/02\/il-temperamento-del-nostro-cavallo-e-il-ruolo-del-cavaliere\/"]}]},{"@type":"ImageObject","inLanguage":"it-IT","@id":"https:\/\/www.sef-italia.it\/index.php\/2015\/08\/02\/il-temperamento-del-nostro-cavallo-e-il-ruolo-del-cavaliere\/#primaryimage","url":"https:\/\/www.sef-italia.it\/wp-content\/uploads\/2016\/10\/allenamento-muscoli-7633e338-2.jpg","contentUrl":"https:\/\/www.sef-italia.it\/wp-content\/uploads\/2016\/10\/allenamento-muscoli-7633e338-2.jpg","width":250,"height":179},{"@type":"BreadcrumbList","@id":"https:\/\/www.sef-italia.it\/index.php\/2015\/08\/02\/il-temperamento-del-nostro-cavallo-e-il-ruolo-del-cavaliere\/#breadcrumb","itemListElement":[{"@type":"ListItem","position":1,"name":"Home","item":"https:\/\/www.sef-italia.it\/"},{"@type":"ListItem","position":2,"name":"Il Temperamento Del Nostro Cavallo e Il Ruolo del Cavaliere"}]},{"@type":"WebSite","@id":"https:\/\/www.sef-italia.it\/#website","url":"https:\/\/www.sef-italia.it\/","name":"SEF Italia","description":"Il nuovo sito SEF Italia","publisher":{"@id":"https:\/\/www.sef-italia.it\/#organization"},"potentialAction":[{"@type":"SearchAction","target":{"@type":"EntryPoint","urlTemplate":"https:\/\/www.sef-italia.it\/?s={search_term_string}"},"query-input":{"@type":"PropertyValueSpecification","valueRequired":true,"valueName":"search_term_string"}}],"inLanguage":"it-IT"},{"@type":"Organization","@id":"https:\/\/www.sef-italia.it\/#organization","name":"SEF Italia","url":"https:\/\/www.sef-italia.it\/","logo":{"@type":"ImageObject","inLanguage":"it-IT","@id":"https:\/\/www.sef-italia.it\/#\/schema\/logo\/image\/","url":"https:\/\/www.sef-italia.it\/wp-content\/uploads\/2018\/01\/logoSEF_QUADRATO-.jpg","contentUrl":"https:\/\/www.sef-italia.it\/wp-content\/uploads\/2018\/01\/logoSEF_QUADRATO-.jpg","width":600,"height":600,"caption":"SEF Italia"},"image":{"@id":"https:\/\/www.sef-italia.it\/#\/schema\/logo\/image\/"},"sameAs":["https:\/\/www.facebook.com\/scuolaequestrediformazione\/","https:\/\/x.com\/sef_italia","https:\/\/www.youtube.com\/channel\/UCcEMamL3elnrqfrtIT8sh7g?view_as=subscriber"]},{"@type":"Person","@id":"https:\/\/www.sef-italia.it\/#\/schema\/person\/98bbf141ebc34928c1b6b3262203ee9e","name":"Maria Teresa Bevilacqua","image":{"@type":"ImageObject","inLanguage":"it-IT","@id":"https:\/\/www.sef-italia.it\/#\/schema\/person\/image\/","url":"https:\/\/secure.gravatar.com\/avatar\/15e0000cbd79bf458c75ba2fc416b0c2?s=96&d=mm&r=g","contentUrl":"https:\/\/secure.gravatar.com\/avatar\/15e0000cbd79bf458c75ba2fc416b0c2?s=96&d=mm&r=g","caption":"Maria Teresa Bevilacqua"},"url":"https:\/\/www.sef-italia.it\/index.php\/author\/mariateresa\/"}]}},"_links":{"self":[{"href":"https:\/\/www.sef-italia.it\/index.php\/wp-json\/wp\/v2\/posts\/4162"}],"collection":[{"href":"https:\/\/www.sef-italia.it\/index.php\/wp-json\/wp\/v2\/posts"}],"about":[{"href":"https:\/\/www.sef-italia.it\/index.php\/wp-json\/wp\/v2\/types\/post"}],"author":[{"embeddable":true,"href":"https:\/\/www.sef-italia.it\/index.php\/wp-json\/wp\/v2\/users\/83"}],"replies":[{"embeddable":true,"href":"https:\/\/www.sef-italia.it\/index.php\/wp-json\/wp\/v2\/comments?post=4162"}],"version-history":[{"count":3,"href":"https:\/\/www.sef-italia.it\/index.php\/wp-json\/wp\/v2\/posts\/4162\/revisions"}],"predecessor-version":[{"id":5708,"href":"https:\/\/www.sef-italia.it\/index.php\/wp-json\/wp\/v2\/posts\/4162\/revisions\/5708"}],"wp:featuredmedia":[{"embeddable":true,"href":"https:\/\/www.sef-italia.it\/index.php\/wp-json\/wp\/v2\/media\/4163"}],"wp:attachment":[{"href":"https:\/\/www.sef-italia.it\/index.php\/wp-json\/wp\/v2\/media?parent=4162"}],"wp:term":[{"taxonomy":"category","embeddable":true,"href":"https:\/\/www.sef-italia.it\/index.php\/wp-json\/wp\/v2\/categories?post=4162"},{"taxonomy":"post_tag","embeddable":true,"href":"https:\/\/www.sef-italia.it\/index.php\/wp-json\/wp\/v2\/tags?post=4162"}],"curies":[{"name":"wp","href":"https:\/\/api.w.org\/{rel}","templated":true}]}}