{"id":4167,"date":"2015-08-03T10:00:42","date_gmt":"2015-08-03T08:00:42","guid":{"rendered":"http:\/\/www.sporttennis.it\/sef-italia\/?p=4167"},"modified":"2016-10-19T15:34:51","modified_gmt":"2016-10-19T13:34:51","slug":"organizzare-una-manifestazione-sportiva","status":"publish","type":"post","link":"https:\/\/www.sef-italia.it\/index.php\/2015\/08\/03\/organizzare-una-manifestazione-sportiva\/","title":{"rendered":"Organizzare Una Manifestazione Sportiva"},"content":{"rendered":"<p><img loading=\"lazy\" decoding=\"async\" class=\"size-full wp-image-4168 alignleft\" src=\"http:\/\/www.sef-italia.it\/wp-content\/uploads\/2016\/10\/horse-430441_640-f8f57f2e-2.jpg\" alt=\"horse-430441_640-f8f57f2e\" width=\"250\" height=\"166\" srcset=\"https:\/\/www.sef-italia.it\/wp-content\/uploads\/2016\/10\/horse-430441_640-f8f57f2e-2.jpg 250w, https:\/\/www.sef-italia.it\/wp-content\/uploads\/2016\/10\/horse-430441_640-f8f57f2e-2-230x153.jpg 230w\" sizes=\"(max-width: 250px) 100vw, 250px\" \/>Chiunque intende promuovere una manifestazione sportiva con carattere educativo, esclusa qualsiasi finalit\u00e0 di lucro o speculazione, deve darne preavviso all&#8217;autorit\u00e0 locale di Pubblica Sicurezza, almeno 3 giorni prima della data di svolgimento.<\/p>\n<p>Nei capoluoghi di provincia l&#8217;autorit\u00e0 di Pubblica Sicurezza \u00e8 la Questura, mentre nei comuni con il Commissariato di Polizia tale funzione \u00e8 attribuita al Dirigente del Commissariato, in caso di assenza del Commissariato le funzioni saranno espletate dal Sindaco.<\/p>\n<p>Per le manifestazioni con carattere di pubblico spettacolo \u00e8 necessaria la richiesta della licenza e il parere della Commissione Prov. di Vigilanza sui Locali di Pubblico Spettacolo. Tale obbligo \u00e8 imposto anche per coloro che organizzano all&#8217;interno di un Centro Ippico una gara, come per esempio un concorso di Salto Ostacoli.<\/p>\n<p>In caso di manifestazioni equestri si dovr\u00e0 anche dare comunicazione mediante raccomandata a.r. all&#8217;ASL \u2013 Servizio Veterinario di competenza. La manifestazione dovr\u00e0 garantire l&#8217;assistenza sanitaria.<\/p>\n<p>In caso di organizzazione di una gara di endurance che attraversa il territorio di un solo comune si dovr\u00e0 chiedere l&#8217;autorizzazione al Comune, mentre se trattasi di pi\u00f9 comuni si dovr\u00e0 chiedere l&#8217;autorizzazione alla Regione, mentre il precedente cod. della strada prevedeva di rivolgersi al Prefetto.<\/p>\n","protected":false},"excerpt":{"rendered":"<p>Chiunque intende promuovere una manifestazione sportiva con carattere educativo, esclusa qualsiasi finalit\u00e0 di lucro o speculazione, deve darne preavviso all&#8217;autorit\u00e0 locale di [&hellip;]<\/p>\n","protected":false},"author":83,"featured_media":4168,"comment_status":"open","ping_status":"open","sticky":false,"template":"","format":"standard","meta":{"footnotes":""},"categories":[1],"tags":[],"yoast_head":"<!-- This site is optimized with the Yoast SEO plugin v24.5 - https:\/\/yoast.com\/wordpress\/plugins\/seo\/ -->\r\n<title>Organizzare Una Manifestazione Sportiva - SEF Italia<\/title>\r\n<meta name=\"robots\" content=\"index, follow, max-snippet:-1, max-image-preview:large, max-video-preview:-1\" \/>\r\n<link rel=\"canonical\" href=\"https:\/\/www.sef-italia.it\/index.php\/2015\/08\/03\/organizzare-una-manifestazione-sportiva\/\" \/>\r\n<meta property=\"og:locale\" content=\"it_IT\" \/>\r\n<meta property=\"og:type\" content=\"article\" \/>\r\n<meta property=\"og:title\" content=\"Organizzare Una Manifestazione Sportiva - SEF Italia\" \/>\r\n<meta property=\"og:description\" content=\"Chiunque intende promuovere una manifestazione sportiva con carattere educativo, esclusa qualsiasi finalit\u00e0 di lucro o speculazione, deve darne preavviso all&#8217;autorit\u00e0 locale di [&hellip;]\" \/>\r\n<meta property=\"og:url\" content=\"https:\/\/www.sef-italia.it\/index.php\/2015\/08\/03\/organizzare-una-manifestazione-sportiva\/\" \/>\r\n<meta property=\"og:site_name\" content=\"SEF Italia\" \/>\r\n<meta property=\"article:publisher\" content=\"https:\/\/www.facebook.com\/scuolaequestrediformazione\/\" \/>\r\n<meta property=\"article:published_time\" content=\"2015-08-03T08:00:42+00:00\" \/>\r\n<meta property=\"article:modified_time\" content=\"2016-10-19T13:34:51+00:00\" \/>\r\n<meta property=\"og:image\" content=\"https:\/\/www.sef-italia.it\/wp-content\/uploads\/2016\/10\/horse-430441_640-f8f57f2e-2.jpg\" \/>\r\n\t<meta property=\"og:image:width\" content=\"250\" \/>\r\n\t<meta property=\"og:image:height\" content=\"166\" \/>\r\n\t<meta property=\"og:image:type\" content=\"image\/jpeg\" \/>\r\n<meta name=\"author\" content=\"Maria Teresa Bevilacqua\" \/>\r\n<meta name=\"twitter:card\" content=\"summary_large_image\" \/>\r\n<meta name=\"twitter:creator\" content=\"@sef_italia\" \/>\r\n<meta name=\"twitter:site\" content=\"@sef_italia\" \/>\r\n<meta name=\"twitter:label1\" content=\"Scritto da\" \/>\n\t<meta name=\"twitter:data1\" content=\"Maria Teresa Bevilacqua\" \/>\n\t<meta name=\"twitter:label2\" content=\"Tempo di lettura stimato\" \/>\n\t<meta name=\"twitter:data2\" content=\"1 minuto\" \/>\r\n<script type=\"application\/ld+json\" class=\"yoast-schema-graph\">{\"@context\":\"https:\/\/schema.org\",\"@graph\":[{\"@type\":\"Article\",\"@id\":\"https:\/\/www.sef-italia.it\/index.php\/2015\/08\/03\/organizzare-una-manifestazione-sportiva\/#article\",\"isPartOf\":{\"@id\":\"https:\/\/www.sef-italia.it\/index.php\/2015\/08\/03\/organizzare-una-manifestazione-sportiva\/\"},\"author\":{\"name\":\"Maria Teresa Bevilacqua\",\"@id\":\"https:\/\/www.sef-italia.it\/#\/schema\/person\/98bbf141ebc34928c1b6b3262203ee9e\"},\"headline\":\"Organizzare Una Manifestazione Sportiva\",\"datePublished\":\"2015-08-03T08:00:42+00:00\",\"dateModified\":\"2016-10-19T13:34:51+00:00\",\"mainEntityOfPage\":{\"@id\":\"https:\/\/www.sef-italia.it\/index.php\/2015\/08\/03\/organizzare-una-manifestazione-sportiva\/\"},\"wordCount\":199,\"commentCount\":0,\"publisher\":{\"@id\":\"https:\/\/www.sef-italia.it\/#organization\"},\"image\":{\"@id\":\"https:\/\/www.sef-italia.it\/index.php\/2015\/08\/03\/organizzare-una-manifestazione-sportiva\/#primaryimage\"},\"thumbnailUrl\":\"https:\/\/www.sef-italia.it\/wp-content\/uploads\/2016\/10\/horse-430441_640-f8f57f2e-2.jpg\",\"articleSection\":[\"News\"],\"inLanguage\":\"it-IT\",\"potentialAction\":[{\"@type\":\"CommentAction\",\"name\":\"Comment\",\"target\":[\"https:\/\/www.sef-italia.it\/index.php\/2015\/08\/03\/organizzare-una-manifestazione-sportiva\/#respond\"]}]},{\"@type\":\"WebPage\",\"@id\":\"https:\/\/www.sef-italia.it\/index.php\/2015\/08\/03\/organizzare-una-manifestazione-sportiva\/\",\"url\":\"https:\/\/www.sef-italia.it\/index.php\/2015\/08\/03\/organizzare-una-manifestazione-sportiva\/\",\"name\":\"Organizzare Una Manifestazione Sportiva - SEF Italia\",\"isPartOf\":{\"@id\":\"https:\/\/www.sef-italia.it\/#website\"},\"primaryImageOfPage\":{\"@id\":\"https:\/\/www.sef-italia.it\/index.php\/2015\/08\/03\/organizzare-una-manifestazione-sportiva\/#primaryimage\"},\"image\":{\"@id\":\"https:\/\/www.sef-italia.it\/index.php\/2015\/08\/03\/organizzare-una-manifestazione-sportiva\/#primaryimage\"},\"thumbnailUrl\":\"https:\/\/www.sef-italia.it\/wp-content\/uploads\/2016\/10\/horse-430441_640-f8f57f2e-2.jpg\",\"datePublished\":\"2015-08-03T08:00:42+00:00\",\"dateModified\":\"2016-10-19T13:34:51+00:00\",\"breadcrumb\":{\"@id\":\"https:\/\/www.sef-italia.it\/index.php\/2015\/08\/03\/organizzare-una-manifestazione-sportiva\/#breadcrumb\"},\"inLanguage\":\"it-IT\",\"potentialAction\":[{\"@type\":\"ReadAction\",\"target\":[\"https:\/\/www.sef-italia.it\/index.php\/2015\/08\/03\/organizzare-una-manifestazione-sportiva\/\"]}]},{\"@type\":\"ImageObject\",\"inLanguage\":\"it-IT\",\"@id\":\"https:\/\/www.sef-italia.it\/index.php\/2015\/08\/03\/organizzare-una-manifestazione-sportiva\/#primaryimage\",\"url\":\"https:\/\/www.sef-italia.it\/wp-content\/uploads\/2016\/10\/horse-430441_640-f8f57f2e-2.jpg\",\"contentUrl\":\"https:\/\/www.sef-italia.it\/wp-content\/uploads\/2016\/10\/horse-430441_640-f8f57f2e-2.jpg\",\"width\":250,\"height\":166},{\"@type\":\"BreadcrumbList\",\"@id\":\"https:\/\/www.sef-italia.it\/index.php\/2015\/08\/03\/organizzare-una-manifestazione-sportiva\/#breadcrumb\",\"itemListElement\":[{\"@type\":\"ListItem\",\"position\":1,\"name\":\"Home\",\"item\":\"https:\/\/www.sef-italia.it\/\"},{\"@type\":\"ListItem\",\"position\":2,\"name\":\"Organizzare Una Manifestazione Sportiva\"}]},{\"@type\":\"WebSite\",\"@id\":\"https:\/\/www.sef-italia.it\/#website\",\"url\":\"https:\/\/www.sef-italia.it\/\",\"name\":\"SEF Italia\",\"description\":\"Il nuovo sito SEF Italia\",\"publisher\":{\"@id\":\"https:\/\/www.sef-italia.it\/#organization\"},\"potentialAction\":[{\"@type\":\"SearchAction\",\"target\":{\"@type\":\"EntryPoint\",\"urlTemplate\":\"https:\/\/www.sef-italia.it\/?s={search_term_string}\"},\"query-input\":{\"@type\":\"PropertyValueSpecification\",\"valueRequired\":true,\"valueName\":\"search_term_string\"}}],\"inLanguage\":\"it-IT\"},{\"@type\":\"Organization\",\"@id\":\"https:\/\/www.sef-italia.it\/#organization\",\"name\":\"SEF Italia\",\"url\":\"https:\/\/www.sef-italia.it\/\",\"logo\":{\"@type\":\"ImageObject\",\"inLanguage\":\"it-IT\",\"@id\":\"https:\/\/www.sef-italia.it\/#\/schema\/logo\/image\/\",\"url\":\"https:\/\/www.sef-italia.it\/wp-content\/uploads\/2018\/01\/logoSEF_QUADRATO-.jpg\",\"contentUrl\":\"https:\/\/www.sef-italia.it\/wp-content\/uploads\/2018\/01\/logoSEF_QUADRATO-.jpg\",\"width\":600,\"height\":600,\"caption\":\"SEF Italia\"},\"image\":{\"@id\":\"https:\/\/www.sef-italia.it\/#\/schema\/logo\/image\/\"},\"sameAs\":[\"https:\/\/www.facebook.com\/scuolaequestrediformazione\/\",\"https:\/\/x.com\/sef_italia\",\"https:\/\/www.youtube.com\/channel\/UCcEMamL3elnrqfrtIT8sh7g?view_as=subscriber\"]},{\"@type\":\"Person\",\"@id\":\"https:\/\/www.sef-italia.it\/#\/schema\/person\/98bbf141ebc34928c1b6b3262203ee9e\",\"name\":\"Maria Teresa Bevilacqua\",\"image\":{\"@type\":\"ImageObject\",\"inLanguage\":\"it-IT\",\"@id\":\"https:\/\/www.sef-italia.it\/#\/schema\/person\/image\/\",\"url\":\"https:\/\/secure.gravatar.com\/avatar\/15e0000cbd79bf458c75ba2fc416b0c2?s=96&d=mm&r=g\",\"contentUrl\":\"https:\/\/secure.gravatar.com\/avatar\/15e0000cbd79bf458c75ba2fc416b0c2?s=96&d=mm&r=g\",\"caption\":\"Maria Teresa Bevilacqua\"},\"url\":\"https:\/\/www.sef-italia.it\/index.php\/author\/mariateresa\/\"}]}<\/script>\r\n<!-- \/ Yoast SEO plugin. -->","yoast_head_json":{"title":"Organizzare Una Manifestazione Sportiva - SEF Italia","robots":{"index":"index","follow":"follow","max-snippet":"max-snippet:-1","max-image-preview":"max-image-preview:large","max-video-preview":"max-video-preview:-1"},"canonical":"https:\/\/www.sef-italia.it\/index.php\/2015\/08\/03\/organizzare-una-manifestazione-sportiva\/","og_locale":"it_IT","og_type":"article","og_title":"Organizzare Una Manifestazione Sportiva - SEF Italia","og_description":"Chiunque intende promuovere una manifestazione sportiva con carattere educativo, esclusa qualsiasi finalit\u00e0 di lucro o speculazione, deve darne preavviso all&#8217;autorit\u00e0 locale di [&hellip;]","og_url":"https:\/\/www.sef-italia.it\/index.php\/2015\/08\/03\/organizzare-una-manifestazione-sportiva\/","og_site_name":"SEF Italia","article_publisher":"https:\/\/www.facebook.com\/scuolaequestrediformazione\/","article_published_time":"2015-08-03T08:00:42+00:00","article_modified_time":"2016-10-19T13:34:51+00:00","og_image":[{"width":250,"height":166,"url":"https:\/\/www.sef-italia.it\/wp-content\/uploads\/2016\/10\/horse-430441_640-f8f57f2e-2.jpg","type":"image\/jpeg"}],"author":"Maria Teresa Bevilacqua","twitter_card":"summary_large_image","twitter_creator":"@sef_italia","twitter_site":"@sef_italia","twitter_misc":{"Scritto da":"Maria Teresa Bevilacqua","Tempo di lettura stimato":"1 minuto"},"schema":{"@context":"https:\/\/schema.org","@graph":[{"@type":"Article","@id":"https:\/\/www.sef-italia.it\/index.php\/2015\/08\/03\/organizzare-una-manifestazione-sportiva\/#article","isPartOf":{"@id":"https:\/\/www.sef-italia.it\/index.php\/2015\/08\/03\/organizzare-una-manifestazione-sportiva\/"},"author":{"name":"Maria Teresa Bevilacqua","@id":"https:\/\/www.sef-italia.it\/#\/schema\/person\/98bbf141ebc34928c1b6b3262203ee9e"},"headline":"Organizzare Una Manifestazione Sportiva","datePublished":"2015-08-03T08:00:42+00:00","dateModified":"2016-10-19T13:34:51+00:00","mainEntityOfPage":{"@id":"https:\/\/www.sef-italia.it\/index.php\/2015\/08\/03\/organizzare-una-manifestazione-sportiva\/"},"wordCount":199,"commentCount":0,"publisher":{"@id":"https:\/\/www.sef-italia.it\/#organization"},"image":{"@id":"https:\/\/www.sef-italia.it\/index.php\/2015\/08\/03\/organizzare-una-manifestazione-sportiva\/#primaryimage"},"thumbnailUrl":"https:\/\/www.sef-italia.it\/wp-content\/uploads\/2016\/10\/horse-430441_640-f8f57f2e-2.jpg","articleSection":["News"],"inLanguage":"it-IT","potentialAction":[{"@type":"CommentAction","name":"Comment","target":["https:\/\/www.sef-italia.it\/index.php\/2015\/08\/03\/organizzare-una-manifestazione-sportiva\/#respond"]}]},{"@type":"WebPage","@id":"https:\/\/www.sef-italia.it\/index.php\/2015\/08\/03\/organizzare-una-manifestazione-sportiva\/","url":"https:\/\/www.sef-italia.it\/index.php\/2015\/08\/03\/organizzare-una-manifestazione-sportiva\/","name":"Organizzare Una Manifestazione Sportiva - SEF Italia","isPartOf":{"@id":"https:\/\/www.sef-italia.it\/#website"},"primaryImageOfPage":{"@id":"https:\/\/www.sef-italia.it\/index.php\/2015\/08\/03\/organizzare-una-manifestazione-sportiva\/#primaryimage"},"image":{"@id":"https:\/\/www.sef-italia.it\/index.php\/2015\/08\/03\/organizzare-una-manifestazione-sportiva\/#primaryimage"},"thumbnailUrl":"https:\/\/www.sef-italia.it\/wp-content\/uploads\/2016\/10\/horse-430441_640-f8f57f2e-2.jpg","datePublished":"2015-08-03T08:00:42+00:00","dateModified":"2016-10-19T13:34:51+00:00","breadcrumb":{"@id":"https:\/\/www.sef-italia.it\/index.php\/2015\/08\/03\/organizzare-una-manifestazione-sportiva\/#breadcrumb"},"inLanguage":"it-IT","potentialAction":[{"@type":"ReadAction","target":["https:\/\/www.sef-italia.it\/index.php\/2015\/08\/03\/organizzare-una-manifestazione-sportiva\/"]}]},{"@type":"ImageObject","inLanguage":"it-IT","@id":"https:\/\/www.sef-italia.it\/index.php\/2015\/08\/03\/organizzare-una-manifestazione-sportiva\/#primaryimage","url":"https:\/\/www.sef-italia.it\/wp-content\/uploads\/2016\/10\/horse-430441_640-f8f57f2e-2.jpg","contentUrl":"https:\/\/www.sef-italia.it\/wp-content\/uploads\/2016\/10\/horse-430441_640-f8f57f2e-2.jpg","width":250,"height":166},{"@type":"BreadcrumbList","@id":"https:\/\/www.sef-italia.it\/index.php\/2015\/08\/03\/organizzare-una-manifestazione-sportiva\/#breadcrumb","itemListElement":[{"@type":"ListItem","position":1,"name":"Home","item":"https:\/\/www.sef-italia.it\/"},{"@type":"ListItem","position":2,"name":"Organizzare Una Manifestazione Sportiva"}]},{"@type":"WebSite","@id":"https:\/\/www.sef-italia.it\/#website","url":"https:\/\/www.sef-italia.it\/","name":"SEF Italia","description":"Il nuovo sito SEF Italia","publisher":{"@id":"https:\/\/www.sef-italia.it\/#organization"},"potentialAction":[{"@type":"SearchAction","target":{"@type":"EntryPoint","urlTemplate":"https:\/\/www.sef-italia.it\/?s={search_term_string}"},"query-input":{"@type":"PropertyValueSpecification","valueRequired":true,"valueName":"search_term_string"}}],"inLanguage":"it-IT"},{"@type":"Organization","@id":"https:\/\/www.sef-italia.it\/#organization","name":"SEF Italia","url":"https:\/\/www.sef-italia.it\/","logo":{"@type":"ImageObject","inLanguage":"it-IT","@id":"https:\/\/www.sef-italia.it\/#\/schema\/logo\/image\/","url":"https:\/\/www.sef-italia.it\/wp-content\/uploads\/2018\/01\/logoSEF_QUADRATO-.jpg","contentUrl":"https:\/\/www.sef-italia.it\/wp-content\/uploads\/2018\/01\/logoSEF_QUADRATO-.jpg","width":600,"height":600,"caption":"SEF Italia"},"image":{"@id":"https:\/\/www.sef-italia.it\/#\/schema\/logo\/image\/"},"sameAs":["https:\/\/www.facebook.com\/scuolaequestrediformazione\/","https:\/\/x.com\/sef_italia","https:\/\/www.youtube.com\/channel\/UCcEMamL3elnrqfrtIT8sh7g?view_as=subscriber"]},{"@type":"Person","@id":"https:\/\/www.sef-italia.it\/#\/schema\/person\/98bbf141ebc34928c1b6b3262203ee9e","name":"Maria Teresa Bevilacqua","image":{"@type":"ImageObject","inLanguage":"it-IT","@id":"https:\/\/www.sef-italia.it\/#\/schema\/person\/image\/","url":"https:\/\/secure.gravatar.com\/avatar\/15e0000cbd79bf458c75ba2fc416b0c2?s=96&d=mm&r=g","contentUrl":"https:\/\/secure.gravatar.com\/avatar\/15e0000cbd79bf458c75ba2fc416b0c2?s=96&d=mm&r=g","caption":"Maria Teresa Bevilacqua"},"url":"https:\/\/www.sef-italia.it\/index.php\/author\/mariateresa\/"}]}},"_links":{"self":[{"href":"https:\/\/www.sef-italia.it\/index.php\/wp-json\/wp\/v2\/posts\/4167"}],"collection":[{"href":"https:\/\/www.sef-italia.it\/index.php\/wp-json\/wp\/v2\/posts"}],"about":[{"href":"https:\/\/www.sef-italia.it\/index.php\/wp-json\/wp\/v2\/types\/post"}],"author":[{"embeddable":true,"href":"https:\/\/www.sef-italia.it\/index.php\/wp-json\/wp\/v2\/users\/83"}],"replies":[{"embeddable":true,"href":"https:\/\/www.sef-italia.it\/index.php\/wp-json\/wp\/v2\/comments?post=4167"}],"version-history":[{"count":3,"href":"https:\/\/www.sef-italia.it\/index.php\/wp-json\/wp\/v2\/posts\/4167\/revisions"}],"predecessor-version":[{"id":5704,"href":"https:\/\/www.sef-italia.it\/index.php\/wp-json\/wp\/v2\/posts\/4167\/revisions\/5704"}],"wp:featuredmedia":[{"embeddable":true,"href":"https:\/\/www.sef-italia.it\/index.php\/wp-json\/wp\/v2\/media\/4168"}],"wp:attachment":[{"href":"https:\/\/www.sef-italia.it\/index.php\/wp-json\/wp\/v2\/media?parent=4167"}],"wp:term":[{"taxonomy":"category","embeddable":true,"href":"https:\/\/www.sef-italia.it\/index.php\/wp-json\/wp\/v2\/categories?post=4167"},{"taxonomy":"post_tag","embeddable":true,"href":"https:\/\/www.sef-italia.it\/index.php\/wp-json\/wp\/v2\/tags?post=4167"}],"curies":[{"name":"wp","href":"https:\/\/api.w.org\/{rel}","templated":true}]}}