{"id":4250,"date":"2015-08-21T10:00:59","date_gmt":"2015-08-21T08:00:59","guid":{"rendered":"http:\/\/www.sporttennis.it\/sef-italia\/?p=4250"},"modified":"2016-10-19T15:03:28","modified_gmt":"2016-10-19T13:03:28","slug":"per-stabilire-la-giusta-razione-giornaliera","status":"publish","type":"post","link":"https:\/\/www.sef-italia.it\/index.php\/2015\/08\/21\/per-stabilire-la-giusta-razione-giornaliera\/","title":{"rendered":"Per Stabilire la \u201cGiusta\u201d Razione Giornaliera&#8230;"},"content":{"rendered":"<p><img loading=\"lazy\" decoding=\"async\" class=\"size-full wp-image-3580 alignleft\" src=\"http:\/\/www.sef-italia.it\/wp-content\/uploads\/2016\/10\/horse-67f7b815.jpg\" alt=\"horse-67f7b815\" width=\"250\" height=\"251\" srcset=\"https:\/\/www.sef-italia.it\/wp-content\/uploads\/2016\/10\/horse-67f7b815.jpg 250w, https:\/\/www.sef-italia.it\/wp-content\/uploads\/2016\/10\/horse-67f7b815-150x150.jpg 150w, https:\/\/www.sef-italia.it\/wp-content\/uploads\/2016\/10\/horse-67f7b815-230x231.jpg 230w\" sizes=\"(max-width: 250px) 100vw, 250px\" \/><\/p>\n<p align=\"JUSTIFY\">Un buon istruttore deve avere anche un&#8217;infarinatura di conoscenze alimentari, al fine di poter permettere ai propri allievi di chiedere al cavallo solo ci\u00f2 che lui, per preparazione atletica e metabolica pu\u00f2 dare.<\/p>\n<p align=\"JUSTIFY\">Quindi, la prima cosa che un istruttore deve fare, avvalendosi di un veterinario e di un preparatore atletico \u00e8: conoscere il peso del cavallo-atleta; stabilire un consumo energetico quotidiano del cavallo, in relazione all&#8217;attivit\u00e0 svolta; di conseguenza determinare la razione giornaliera.<\/p>\n<p align=\"JUSTIFY\">Per conoscere il peso del cavallo, si pu\u00f2 pesare l&#8217;animale su un bilico o bascula. Oppure in alternativa si potrebbe utilizzare, in modo orientativo, un nastro centimetrato che in U.S.A. Ed in Gran Bretagna viene commercializzato con il nome di \u201cequitape\u201d e serve per rilevare il peso del cavallo in base alla misura della circonferenza del tronco rilevata nella regione delle cinghie. Su un lato dell&#8217;equitape sono riportati i centimetri (o i pollici) e sull&#8217;altro, in corrispondenza, vengono riportati i pesi forma ed anche alcune notizie riguardanti la composizione della dieta adatta. Stabilito il peso in base all&#8217;attivit\u00e0 del cavallo si pu\u00f2 calcolare la quantit\u00e0 di concentrati e volume (fibra\/fieno) da fornire al cavallo.<\/p>\n","protected":false},"excerpt":{"rendered":"<p>Un buon istruttore deve avere anche un&#8217;infarinatura di conoscenze alimentari, al fine di poter permettere ai propri allievi di chiedere al cavallo [&hellip;]<\/p>\n","protected":false},"author":83,"featured_media":3580,"comment_status":"open","ping_status":"open","sticky":false,"template":"","format":"standard","meta":{"footnotes":""},"categories":[1],"tags":[],"yoast_head":"<!-- This site is optimized with the Yoast SEO plugin v24.5 - https:\/\/yoast.com\/wordpress\/plugins\/seo\/ -->\r\n<title>Per Stabilire la \u201cGiusta\u201d Razione Giornaliera... - SEF Italia<\/title>\r\n<meta name=\"robots\" content=\"index, follow, max-snippet:-1, max-image-preview:large, max-video-preview:-1\" \/>\r\n<link rel=\"canonical\" href=\"https:\/\/www.sef-italia.it\/index.php\/2015\/08\/21\/per-stabilire-la-giusta-razione-giornaliera\/\" \/>\r\n<meta property=\"og:locale\" content=\"it_IT\" \/>\r\n<meta property=\"og:type\" content=\"article\" \/>\r\n<meta property=\"og:title\" content=\"Per Stabilire la \u201cGiusta\u201d Razione Giornaliera... - SEF Italia\" \/>\r\n<meta property=\"og:description\" content=\"Un buon istruttore deve avere anche un&#8217;infarinatura di conoscenze alimentari, al fine di poter permettere ai propri allievi di chiedere al cavallo [&hellip;]\" \/>\r\n<meta property=\"og:url\" content=\"https:\/\/www.sef-italia.it\/index.php\/2015\/08\/21\/per-stabilire-la-giusta-razione-giornaliera\/\" \/>\r\n<meta property=\"og:site_name\" content=\"SEF Italia\" \/>\r\n<meta property=\"article:publisher\" content=\"https:\/\/www.facebook.com\/scuolaequestrediformazione\/\" \/>\r\n<meta property=\"article:published_time\" content=\"2015-08-21T08:00:59+00:00\" \/>\r\n<meta property=\"article:modified_time\" content=\"2016-10-19T13:03:28+00:00\" \/>\r\n<meta property=\"og:image\" content=\"https:\/\/www.sef-italia.it\/wp-content\/uploads\/2016\/10\/horse-67f7b815.jpg\" \/>\r\n\t<meta property=\"og:image:width\" content=\"250\" \/>\r\n\t<meta property=\"og:image:height\" content=\"251\" \/>\r\n\t<meta property=\"og:image:type\" content=\"image\/jpeg\" \/>\r\n<meta name=\"author\" content=\"Maria Teresa Bevilacqua\" \/>\r\n<meta name=\"twitter:card\" content=\"summary_large_image\" \/>\r\n<meta name=\"twitter:creator\" content=\"@sef_italia\" \/>\r\n<meta name=\"twitter:site\" content=\"@sef_italia\" \/>\r\n<meta name=\"twitter:label1\" content=\"Scritto da\" \/>\n\t<meta name=\"twitter:data1\" content=\"Maria Teresa Bevilacqua\" \/>\n\t<meta name=\"twitter:label2\" content=\"Tempo di lettura stimato\" \/>\n\t<meta name=\"twitter:data2\" content=\"1 minuto\" \/>\r\n<script type=\"application\/ld+json\" class=\"yoast-schema-graph\">{\"@context\":\"https:\/\/schema.org\",\"@graph\":[{\"@type\":\"Article\",\"@id\":\"https:\/\/www.sef-italia.it\/index.php\/2015\/08\/21\/per-stabilire-la-giusta-razione-giornaliera\/#article\",\"isPartOf\":{\"@id\":\"https:\/\/www.sef-italia.it\/index.php\/2015\/08\/21\/per-stabilire-la-giusta-razione-giornaliera\/\"},\"author\":{\"name\":\"Maria Teresa Bevilacqua\",\"@id\":\"https:\/\/www.sef-italia.it\/#\/schema\/person\/98bbf141ebc34928c1b6b3262203ee9e\"},\"headline\":\"Per Stabilire la \u201cGiusta\u201d Razione Giornaliera&#8230;\",\"datePublished\":\"2015-08-21T08:00:59+00:00\",\"dateModified\":\"2016-10-19T13:03:28+00:00\",\"mainEntityOfPage\":{\"@id\":\"https:\/\/www.sef-italia.it\/index.php\/2015\/08\/21\/per-stabilire-la-giusta-razione-giornaliera\/\"},\"wordCount\":202,\"commentCount\":0,\"publisher\":{\"@id\":\"https:\/\/www.sef-italia.it\/#organization\"},\"image\":{\"@id\":\"https:\/\/www.sef-italia.it\/index.php\/2015\/08\/21\/per-stabilire-la-giusta-razione-giornaliera\/#primaryimage\"},\"thumbnailUrl\":\"https:\/\/www.sef-italia.it\/wp-content\/uploads\/2016\/10\/horse-67f7b815.jpg\",\"articleSection\":[\"News\"],\"inLanguage\":\"it-IT\",\"potentialAction\":[{\"@type\":\"CommentAction\",\"name\":\"Comment\",\"target\":[\"https:\/\/www.sef-italia.it\/index.php\/2015\/08\/21\/per-stabilire-la-giusta-razione-giornaliera\/#respond\"]}]},{\"@type\":\"WebPage\",\"@id\":\"https:\/\/www.sef-italia.it\/index.php\/2015\/08\/21\/per-stabilire-la-giusta-razione-giornaliera\/\",\"url\":\"https:\/\/www.sef-italia.it\/index.php\/2015\/08\/21\/per-stabilire-la-giusta-razione-giornaliera\/\",\"name\":\"Per Stabilire la \u201cGiusta\u201d Razione Giornaliera... - SEF Italia\",\"isPartOf\":{\"@id\":\"https:\/\/www.sef-italia.it\/#website\"},\"primaryImageOfPage\":{\"@id\":\"https:\/\/www.sef-italia.it\/index.php\/2015\/08\/21\/per-stabilire-la-giusta-razione-giornaliera\/#primaryimage\"},\"image\":{\"@id\":\"https:\/\/www.sef-italia.it\/index.php\/2015\/08\/21\/per-stabilire-la-giusta-razione-giornaliera\/#primaryimage\"},\"thumbnailUrl\":\"https:\/\/www.sef-italia.it\/wp-content\/uploads\/2016\/10\/horse-67f7b815.jpg\",\"datePublished\":\"2015-08-21T08:00:59+00:00\",\"dateModified\":\"2016-10-19T13:03:28+00:00\",\"breadcrumb\":{\"@id\":\"https:\/\/www.sef-italia.it\/index.php\/2015\/08\/21\/per-stabilire-la-giusta-razione-giornaliera\/#breadcrumb\"},\"inLanguage\":\"it-IT\",\"potentialAction\":[{\"@type\":\"ReadAction\",\"target\":[\"https:\/\/www.sef-italia.it\/index.php\/2015\/08\/21\/per-stabilire-la-giusta-razione-giornaliera\/\"]}]},{\"@type\":\"ImageObject\",\"inLanguage\":\"it-IT\",\"@id\":\"https:\/\/www.sef-italia.it\/index.php\/2015\/08\/21\/per-stabilire-la-giusta-razione-giornaliera\/#primaryimage\",\"url\":\"https:\/\/www.sef-italia.it\/wp-content\/uploads\/2016\/10\/horse-67f7b815.jpg\",\"contentUrl\":\"https:\/\/www.sef-italia.it\/wp-content\/uploads\/2016\/10\/horse-67f7b815.jpg\",\"width\":250,\"height\":251},{\"@type\":\"BreadcrumbList\",\"@id\":\"https:\/\/www.sef-italia.it\/index.php\/2015\/08\/21\/per-stabilire-la-giusta-razione-giornaliera\/#breadcrumb\",\"itemListElement\":[{\"@type\":\"ListItem\",\"position\":1,\"name\":\"Home\",\"item\":\"https:\/\/www.sef-italia.it\/\"},{\"@type\":\"ListItem\",\"position\":2,\"name\":\"Per Stabilire la \u201cGiusta\u201d Razione Giornaliera&#8230;\"}]},{\"@type\":\"WebSite\",\"@id\":\"https:\/\/www.sef-italia.it\/#website\",\"url\":\"https:\/\/www.sef-italia.it\/\",\"name\":\"SEF Italia\",\"description\":\"Il nuovo sito SEF Italia\",\"publisher\":{\"@id\":\"https:\/\/www.sef-italia.it\/#organization\"},\"potentialAction\":[{\"@type\":\"SearchAction\",\"target\":{\"@type\":\"EntryPoint\",\"urlTemplate\":\"https:\/\/www.sef-italia.it\/?s={search_term_string}\"},\"query-input\":{\"@type\":\"PropertyValueSpecification\",\"valueRequired\":true,\"valueName\":\"search_term_string\"}}],\"inLanguage\":\"it-IT\"},{\"@type\":\"Organization\",\"@id\":\"https:\/\/www.sef-italia.it\/#organization\",\"name\":\"SEF Italia\",\"url\":\"https:\/\/www.sef-italia.it\/\",\"logo\":{\"@type\":\"ImageObject\",\"inLanguage\":\"it-IT\",\"@id\":\"https:\/\/www.sef-italia.it\/#\/schema\/logo\/image\/\",\"url\":\"https:\/\/www.sef-italia.it\/wp-content\/uploads\/2018\/01\/logoSEF_QUADRATO-.jpg\",\"contentUrl\":\"https:\/\/www.sef-italia.it\/wp-content\/uploads\/2018\/01\/logoSEF_QUADRATO-.jpg\",\"width\":600,\"height\":600,\"caption\":\"SEF Italia\"},\"image\":{\"@id\":\"https:\/\/www.sef-italia.it\/#\/schema\/logo\/image\/\"},\"sameAs\":[\"https:\/\/www.facebook.com\/scuolaequestrediformazione\/\",\"https:\/\/x.com\/sef_italia\",\"https:\/\/www.youtube.com\/channel\/UCcEMamL3elnrqfrtIT8sh7g?view_as=subscriber\"]},{\"@type\":\"Person\",\"@id\":\"https:\/\/www.sef-italia.it\/#\/schema\/person\/98bbf141ebc34928c1b6b3262203ee9e\",\"name\":\"Maria Teresa Bevilacqua\",\"image\":{\"@type\":\"ImageObject\",\"inLanguage\":\"it-IT\",\"@id\":\"https:\/\/www.sef-italia.it\/#\/schema\/person\/image\/\",\"url\":\"https:\/\/secure.gravatar.com\/avatar\/15e0000cbd79bf458c75ba2fc416b0c2?s=96&d=mm&r=g\",\"contentUrl\":\"https:\/\/secure.gravatar.com\/avatar\/15e0000cbd79bf458c75ba2fc416b0c2?s=96&d=mm&r=g\",\"caption\":\"Maria Teresa Bevilacqua\"},\"url\":\"https:\/\/www.sef-italia.it\/index.php\/author\/mariateresa\/\"}]}<\/script>\r\n<!-- \/ Yoast SEO plugin. -->","yoast_head_json":{"title":"Per Stabilire la \u201cGiusta\u201d Razione Giornaliera... - SEF Italia","robots":{"index":"index","follow":"follow","max-snippet":"max-snippet:-1","max-image-preview":"max-image-preview:large","max-video-preview":"max-video-preview:-1"},"canonical":"https:\/\/www.sef-italia.it\/index.php\/2015\/08\/21\/per-stabilire-la-giusta-razione-giornaliera\/","og_locale":"it_IT","og_type":"article","og_title":"Per Stabilire la \u201cGiusta\u201d Razione Giornaliera... - SEF Italia","og_description":"Un buon istruttore deve avere anche un&#8217;infarinatura di conoscenze alimentari, al fine di poter permettere ai propri allievi di chiedere al cavallo [&hellip;]","og_url":"https:\/\/www.sef-italia.it\/index.php\/2015\/08\/21\/per-stabilire-la-giusta-razione-giornaliera\/","og_site_name":"SEF Italia","article_publisher":"https:\/\/www.facebook.com\/scuolaequestrediformazione\/","article_published_time":"2015-08-21T08:00:59+00:00","article_modified_time":"2016-10-19T13:03:28+00:00","og_image":[{"width":250,"height":251,"url":"https:\/\/www.sef-italia.it\/wp-content\/uploads\/2016\/10\/horse-67f7b815.jpg","type":"image\/jpeg"}],"author":"Maria Teresa Bevilacqua","twitter_card":"summary_large_image","twitter_creator":"@sef_italia","twitter_site":"@sef_italia","twitter_misc":{"Scritto da":"Maria Teresa Bevilacqua","Tempo di lettura stimato":"1 minuto"},"schema":{"@context":"https:\/\/schema.org","@graph":[{"@type":"Article","@id":"https:\/\/www.sef-italia.it\/index.php\/2015\/08\/21\/per-stabilire-la-giusta-razione-giornaliera\/#article","isPartOf":{"@id":"https:\/\/www.sef-italia.it\/index.php\/2015\/08\/21\/per-stabilire-la-giusta-razione-giornaliera\/"},"author":{"name":"Maria Teresa Bevilacqua","@id":"https:\/\/www.sef-italia.it\/#\/schema\/person\/98bbf141ebc34928c1b6b3262203ee9e"},"headline":"Per Stabilire la \u201cGiusta\u201d Razione Giornaliera&#8230;","datePublished":"2015-08-21T08:00:59+00:00","dateModified":"2016-10-19T13:03:28+00:00","mainEntityOfPage":{"@id":"https:\/\/www.sef-italia.it\/index.php\/2015\/08\/21\/per-stabilire-la-giusta-razione-giornaliera\/"},"wordCount":202,"commentCount":0,"publisher":{"@id":"https:\/\/www.sef-italia.it\/#organization"},"image":{"@id":"https:\/\/www.sef-italia.it\/index.php\/2015\/08\/21\/per-stabilire-la-giusta-razione-giornaliera\/#primaryimage"},"thumbnailUrl":"https:\/\/www.sef-italia.it\/wp-content\/uploads\/2016\/10\/horse-67f7b815.jpg","articleSection":["News"],"inLanguage":"it-IT","potentialAction":[{"@type":"CommentAction","name":"Comment","target":["https:\/\/www.sef-italia.it\/index.php\/2015\/08\/21\/per-stabilire-la-giusta-razione-giornaliera\/#respond"]}]},{"@type":"WebPage","@id":"https:\/\/www.sef-italia.it\/index.php\/2015\/08\/21\/per-stabilire-la-giusta-razione-giornaliera\/","url":"https:\/\/www.sef-italia.it\/index.php\/2015\/08\/21\/per-stabilire-la-giusta-razione-giornaliera\/","name":"Per Stabilire la \u201cGiusta\u201d Razione Giornaliera... - SEF Italia","isPartOf":{"@id":"https:\/\/www.sef-italia.it\/#website"},"primaryImageOfPage":{"@id":"https:\/\/www.sef-italia.it\/index.php\/2015\/08\/21\/per-stabilire-la-giusta-razione-giornaliera\/#primaryimage"},"image":{"@id":"https:\/\/www.sef-italia.it\/index.php\/2015\/08\/21\/per-stabilire-la-giusta-razione-giornaliera\/#primaryimage"},"thumbnailUrl":"https:\/\/www.sef-italia.it\/wp-content\/uploads\/2016\/10\/horse-67f7b815.jpg","datePublished":"2015-08-21T08:00:59+00:00","dateModified":"2016-10-19T13:03:28+00:00","breadcrumb":{"@id":"https:\/\/www.sef-italia.it\/index.php\/2015\/08\/21\/per-stabilire-la-giusta-razione-giornaliera\/#breadcrumb"},"inLanguage":"it-IT","potentialAction":[{"@type":"ReadAction","target":["https:\/\/www.sef-italia.it\/index.php\/2015\/08\/21\/per-stabilire-la-giusta-razione-giornaliera\/"]}]},{"@type":"ImageObject","inLanguage":"it-IT","@id":"https:\/\/www.sef-italia.it\/index.php\/2015\/08\/21\/per-stabilire-la-giusta-razione-giornaliera\/#primaryimage","url":"https:\/\/www.sef-italia.it\/wp-content\/uploads\/2016\/10\/horse-67f7b815.jpg","contentUrl":"https:\/\/www.sef-italia.it\/wp-content\/uploads\/2016\/10\/horse-67f7b815.jpg","width":250,"height":251},{"@type":"BreadcrumbList","@id":"https:\/\/www.sef-italia.it\/index.php\/2015\/08\/21\/per-stabilire-la-giusta-razione-giornaliera\/#breadcrumb","itemListElement":[{"@type":"ListItem","position":1,"name":"Home","item":"https:\/\/www.sef-italia.it\/"},{"@type":"ListItem","position":2,"name":"Per Stabilire la \u201cGiusta\u201d Razione Giornaliera&#8230;"}]},{"@type":"WebSite","@id":"https:\/\/www.sef-italia.it\/#website","url":"https:\/\/www.sef-italia.it\/","name":"SEF Italia","description":"Il nuovo sito SEF Italia","publisher":{"@id":"https:\/\/www.sef-italia.it\/#organization"},"potentialAction":[{"@type":"SearchAction","target":{"@type":"EntryPoint","urlTemplate":"https:\/\/www.sef-italia.it\/?s={search_term_string}"},"query-input":{"@type":"PropertyValueSpecification","valueRequired":true,"valueName":"search_term_string"}}],"inLanguage":"it-IT"},{"@type":"Organization","@id":"https:\/\/www.sef-italia.it\/#organization","name":"SEF Italia","url":"https:\/\/www.sef-italia.it\/","logo":{"@type":"ImageObject","inLanguage":"it-IT","@id":"https:\/\/www.sef-italia.it\/#\/schema\/logo\/image\/","url":"https:\/\/www.sef-italia.it\/wp-content\/uploads\/2018\/01\/logoSEF_QUADRATO-.jpg","contentUrl":"https:\/\/www.sef-italia.it\/wp-content\/uploads\/2018\/01\/logoSEF_QUADRATO-.jpg","width":600,"height":600,"caption":"SEF Italia"},"image":{"@id":"https:\/\/www.sef-italia.it\/#\/schema\/logo\/image\/"},"sameAs":["https:\/\/www.facebook.com\/scuolaequestrediformazione\/","https:\/\/x.com\/sef_italia","https:\/\/www.youtube.com\/channel\/UCcEMamL3elnrqfrtIT8sh7g?view_as=subscriber"]},{"@type":"Person","@id":"https:\/\/www.sef-italia.it\/#\/schema\/person\/98bbf141ebc34928c1b6b3262203ee9e","name":"Maria Teresa Bevilacqua","image":{"@type":"ImageObject","inLanguage":"it-IT","@id":"https:\/\/www.sef-italia.it\/#\/schema\/person\/image\/","url":"https:\/\/secure.gravatar.com\/avatar\/15e0000cbd79bf458c75ba2fc416b0c2?s=96&d=mm&r=g","contentUrl":"https:\/\/secure.gravatar.com\/avatar\/15e0000cbd79bf458c75ba2fc416b0c2?s=96&d=mm&r=g","caption":"Maria Teresa Bevilacqua"},"url":"https:\/\/www.sef-italia.it\/index.php\/author\/mariateresa\/"}]}},"_links":{"self":[{"href":"https:\/\/www.sef-italia.it\/index.php\/wp-json\/wp\/v2\/posts\/4250"}],"collection":[{"href":"https:\/\/www.sef-italia.it\/index.php\/wp-json\/wp\/v2\/posts"}],"about":[{"href":"https:\/\/www.sef-italia.it\/index.php\/wp-json\/wp\/v2\/types\/post"}],"author":[{"embeddable":true,"href":"https:\/\/www.sef-italia.it\/index.php\/wp-json\/wp\/v2\/users\/83"}],"replies":[{"embeddable":true,"href":"https:\/\/www.sef-italia.it\/index.php\/wp-json\/wp\/v2\/comments?post=4250"}],"version-history":[{"count":3,"href":"https:\/\/www.sef-italia.it\/index.php\/wp-json\/wp\/v2\/posts\/4250\/revisions"}],"predecessor-version":[{"id":5642,"href":"https:\/\/www.sef-italia.it\/index.php\/wp-json\/wp\/v2\/posts\/4250\/revisions\/5642"}],"wp:featuredmedia":[{"embeddable":true,"href":"https:\/\/www.sef-italia.it\/index.php\/wp-json\/wp\/v2\/media\/3580"}],"wp:attachment":[{"href":"https:\/\/www.sef-italia.it\/index.php\/wp-json\/wp\/v2\/media?parent=4250"}],"wp:term":[{"taxonomy":"category","embeddable":true,"href":"https:\/\/www.sef-italia.it\/index.php\/wp-json\/wp\/v2\/categories?post=4250"},{"taxonomy":"post_tag","embeddable":true,"href":"https:\/\/www.sef-italia.it\/index.php\/wp-json\/wp\/v2\/tags?post=4250"}],"curies":[{"name":"wp","href":"https:\/\/api.w.org\/{rel}","templated":true}]}}