{"id":4684,"date":"2015-12-18T10:00:27","date_gmt":"2015-12-18T09:00:27","guid":{"rendered":"http:\/\/www.sporttennis.it\/sef-italia\/?p=4684"},"modified":"2016-10-19T10:49:44","modified_gmt":"2016-10-19T08:49:44","slug":"caio-giulio-cesare-horseman","status":"publish","type":"post","link":"https:\/\/www.sef-italia.it\/index.php\/2015\/12\/18\/caio-giulio-cesare-horseman\/","title":{"rendered":"Caio Giulio Cesare&#8230; Horseman!"},"content":{"rendered":"<p>4000 anni prima di Cristo da qualche parte in Asia Minore inizi\u00f2 il sodalizio tra uomo e cavallo. Un evento che avrebbe dato un enorme impulso allo sviluppo della civilt\u00e0 umana, giocando un ruolo fondamentale fino all&#8217;avvento della moderna motorizzazione.<\/p>\n<p>Anche se erano gi\u00e0 stati addomesticati asini ed onagri, le caratteristiche dei cavalli erano talmente superiori, pur con tutti i limiti di animali della taglia di un pony, da relegare ben presto tutti gli altri equidi a compiti secondari, mantenendo lo sgradito privilegio di venire condotti in battaglia.<\/p>\n<p>&nbsp;<\/p>\n<p>E fu cos\u00ec che Cesare dovette affrontare la battaglia di Thapsus (Tapso) nel 46 a.C. &#8211; in una zona che corrisponde alla moderna Tunisia &#8211; per eliminare definitivamente i suoi avversari della guerra civile. Il re di Numidia, Juba era infatti alleato di Pompeo ed aveva con se oltre a ingenti forze, almeno 70 elefanti africani.<\/p>\n<p>Sul Bellum Africanum leggiamo:&#8221; Egli [Cesare] aveva un&#8217;altra causa di preoccupazione &#8211; la paura che le dimensioni e il numero degli elefanti generavano nelle menti dei soldati. Era per\u00f2 un problema al quale egli aveva trovato una soluzione, poich\u00e9 aveva ordinato che gli fossero portati degli elefanti dall&#8217;Italia (verosimilmente animali da circo)\u2026 per consentire alle truppe non solo di familiarizzarsi con essi ma di capire i punti vulnerabili\u2026. Aveva per\u00f2 un altro obiettivo in mente, ovvero quello di consentire ai suoi cavalli di familiarizzare con queste bestie affinch\u00e9 non si allarmassero per il loro odore, i barriti e l&#8217;aspetto.<\/p>\n<p>Da questa prova egli trasse un buon profitto: le truppe impararono a gestire questi animali e a capire quanto fossero indolenti, la cavalleria pot\u00e9 esercitarsi a scagliare finte lance e la docilit\u00e0 degli elefanti fece in modo che i cavalli stessi si sentissero ben presto a loro agio con loro.&#8221;<\/p>\n<p>Durante la battaglia, venne fuori che furono gli elefanti di Juba ad essere poco addestrati. Attaccati dai frombolieri di Cesare, si spaventarono moltissimo per il sibilo dei proiettili lanciati con le fionde ed andarono in panico travolgendo le loro stesse truppe nella fretta di fuggire.<\/p>\n<p>Ora non \u00e8 chiaro se gli elefanti di Cesare fossero indiani oppure africani come quelli di Juba, sta di fatto che i cavalli non notarono differenze e fecero la loro parte senza difficolt\u00e0.<\/p>\n<p>Cesare ci da quindi un&#8217;altra grande lezione di grande saggezza, i cavalli con i dovuti modi possono desensibilizzarsi a tutto, basta dare loro il tempo necessario a studiarsi bene le novit\u00e0: quello che gli antichi sapevano bene e che noi abbiamo dimenticato, abituati ad ottenere un risultato schiacciando un tasto, \u00e8 il rispetto dei tempi.<\/p>\n<p>In un&#8217;epoca dove non esistevano le staffe e stare in sella anche in situazioni spaventose come le battaglie, comportava doti atletiche non indifferenti era ancora pi\u00f9 importante avere un&#8217;ottima intesa col proprio cavallo. Questi soldati vivevano assieme alle loro cavalcature, le conoscevano benissimo e sapevano per esperienza rispettare le loro esigenze.<\/p>\n<p>Questo \u00e8 un aspetto che dobbiamo recuperare al giorno d&#8217;oggi: il cavallo che si spaventa per qualcosa ha tutte le ragioni, siamo noi che dobbiamo lavorare prima in maneggio, creando una solida fiducia con l&#8217;animale e poi, fuori, capendo come gestire al meglio le paure sue, rassicurandolo e non mettendogli fretta se teme qualcosa.<\/p>\n<p><img loading=\"lazy\" decoding=\"async\" class=\"size-full wp-image-4685 alignleft\" src=\"http:\/\/www.sef-italia.it\/wp-content\/uploads\/2016\/10\/Schlacht_bei_Zama_Gemaelde_H_P_Motte-18ef15e8.jpg\" alt=\"schlacht_bei_zama_gemaelde_h_p_motte-18ef15e8\" width=\"250\" height=\"162\" srcset=\"https:\/\/www.sef-italia.it\/wp-content\/uploads\/2016\/10\/Schlacht_bei_Zama_Gemaelde_H_P_Motte-18ef15e8.jpg 250w, https:\/\/www.sef-italia.it\/wp-content\/uploads\/2016\/10\/Schlacht_bei_Zama_Gemaelde_H_P_Motte-18ef15e8-230x149.jpg 230w\" sizes=\"(max-width: 250px) 100vw, 250px\" \/>Come spesso capita nel mondo del cavallo, non esiste mai una soluzione bianca o nera, tutto dipende dalle circostanze e di conseguenza non va nemmeno bene il contrario, ovvero cedere alla paura equina e consentirgli di cambiare strada o di rifiutarsi a oltranza! Fin troppo spesso il sentiero che si pu\u00f2 percorrere \u00e8 uno solo e ad un certo punto bisogna andare. \u00c8 pericolosissimo un cavallo che si mette a fare cinema durante un passaggio critico, sono cose che vanno prese molto alla lontana, lavorandoci sopra con calma e per tutto il tempo necessario!<\/p>\n<p>Si tratta purtroppo del principale problema dei cavalli bravissimi in campo ma con poca esperienza fuori, non possiamo pretendere che si trovino di punto in bianco a loro agio in un ambiente che non conoscono! Sarebbe come se noi fossimo improvvisamente proiettati sul pianeta Marte!<\/p>\n<p>Cerchiamo di non tralasciare mai una buona occasione di insegnare al nostro amico a non spaventarsi! Ricordiamo la lezione di Cesare: non \u00e8 importante che il cavallo superi la cosa che lo spaventa, \u00e8 importante che la conosca bene, avvicinandosi, annusando, masticando, fosse anche\u2026 un elefante!<\/p>\n<p>In questo modo otterremo la sua fiducia verso di noi che non lo forziamo ma che siamo con lui e lo accompagniamo! Pi\u00f9 conosce e pi\u00f9 si fida, meno si spaventa, diventando ogni volta un po&#8217; pi\u00f9 esperto!<\/p>\n","protected":false},"excerpt":{"rendered":"<p>4000 anni prima di Cristo da qualche parte in Asia Minore inizi\u00f2 il sodalizio tra uomo e cavallo. Un evento che avrebbe [&hellip;]<\/p>\n","protected":false},"author":83,"featured_media":4685,"comment_status":"open","ping_status":"open","sticky":false,"template":"","format":"standard","meta":{"footnotes":""},"categories":[1],"tags":[],"yoast_head":"<!-- This site is optimized with the Yoast SEO plugin v24.5 - https:\/\/yoast.com\/wordpress\/plugins\/seo\/ -->\r\n<title>Caio Giulio Cesare... Horseman! - SEF Italia<\/title>\r\n<meta name=\"robots\" content=\"index, follow, max-snippet:-1, max-image-preview:large, max-video-preview:-1\" \/>\r\n<link rel=\"canonical\" href=\"https:\/\/www.sef-italia.it\/index.php\/2015\/12\/18\/caio-giulio-cesare-horseman\/\" \/>\r\n<meta property=\"og:locale\" content=\"it_IT\" \/>\r\n<meta property=\"og:type\" content=\"article\" \/>\r\n<meta property=\"og:title\" content=\"Caio Giulio Cesare... Horseman! - SEF Italia\" \/>\r\n<meta property=\"og:description\" content=\"4000 anni prima di Cristo da qualche parte in Asia Minore inizi\u00f2 il sodalizio tra uomo e cavallo. Un evento che avrebbe [&hellip;]\" \/>\r\n<meta property=\"og:url\" content=\"https:\/\/www.sef-italia.it\/index.php\/2015\/12\/18\/caio-giulio-cesare-horseman\/\" \/>\r\n<meta property=\"og:site_name\" content=\"SEF Italia\" \/>\r\n<meta property=\"article:publisher\" content=\"https:\/\/www.facebook.com\/scuolaequestrediformazione\/\" \/>\r\n<meta property=\"article:published_time\" content=\"2015-12-18T09:00:27+00:00\" \/>\r\n<meta property=\"article:modified_time\" content=\"2016-10-19T08:49:44+00:00\" \/>\r\n<meta property=\"og:image\" content=\"https:\/\/www.sef-italia.it\/wp-content\/uploads\/2016\/10\/Schlacht_bei_Zama_Gemaelde_H_P_Motte-18ef15e8.jpg\" \/>\r\n\t<meta property=\"og:image:width\" content=\"250\" \/>\r\n\t<meta property=\"og:image:height\" content=\"162\" \/>\r\n\t<meta property=\"og:image:type\" content=\"image\/jpeg\" \/>\r\n<meta name=\"author\" content=\"Maria Teresa Bevilacqua\" \/>\r\n<meta name=\"twitter:card\" content=\"summary_large_image\" \/>\r\n<meta name=\"twitter:creator\" content=\"@sef_italia\" \/>\r\n<meta name=\"twitter:site\" content=\"@sef_italia\" \/>\r\n<meta name=\"twitter:label1\" content=\"Scritto da\" \/>\n\t<meta name=\"twitter:data1\" content=\"Maria Teresa Bevilacqua\" \/>\n\t<meta name=\"twitter:label2\" content=\"Tempo di lettura stimato\" \/>\n\t<meta name=\"twitter:data2\" content=\"4 minuti\" \/>\r\n<script type=\"application\/ld+json\" class=\"yoast-schema-graph\">{\"@context\":\"https:\/\/schema.org\",\"@graph\":[{\"@type\":\"Article\",\"@id\":\"https:\/\/www.sef-italia.it\/index.php\/2015\/12\/18\/caio-giulio-cesare-horseman\/#article\",\"isPartOf\":{\"@id\":\"https:\/\/www.sef-italia.it\/index.php\/2015\/12\/18\/caio-giulio-cesare-horseman\/\"},\"author\":{\"name\":\"Maria Teresa Bevilacqua\",\"@id\":\"https:\/\/www.sef-italia.it\/#\/schema\/person\/98bbf141ebc34928c1b6b3262203ee9e\"},\"headline\":\"Caio Giulio Cesare&#8230; Horseman!\",\"datePublished\":\"2015-12-18T09:00:27+00:00\",\"dateModified\":\"2016-10-19T08:49:44+00:00\",\"mainEntityOfPage\":{\"@id\":\"https:\/\/www.sef-italia.it\/index.php\/2015\/12\/18\/caio-giulio-cesare-horseman\/\"},\"wordCount\":759,\"commentCount\":0,\"publisher\":{\"@id\":\"https:\/\/www.sef-italia.it\/#organization\"},\"image\":{\"@id\":\"https:\/\/www.sef-italia.it\/index.php\/2015\/12\/18\/caio-giulio-cesare-horseman\/#primaryimage\"},\"thumbnailUrl\":\"https:\/\/www.sef-italia.it\/wp-content\/uploads\/2016\/10\/Schlacht_bei_Zama_Gemaelde_H_P_Motte-18ef15e8.jpg\",\"articleSection\":[\"News\"],\"inLanguage\":\"it-IT\",\"potentialAction\":[{\"@type\":\"CommentAction\",\"name\":\"Comment\",\"target\":[\"https:\/\/www.sef-italia.it\/index.php\/2015\/12\/18\/caio-giulio-cesare-horseman\/#respond\"]}]},{\"@type\":\"WebPage\",\"@id\":\"https:\/\/www.sef-italia.it\/index.php\/2015\/12\/18\/caio-giulio-cesare-horseman\/\",\"url\":\"https:\/\/www.sef-italia.it\/index.php\/2015\/12\/18\/caio-giulio-cesare-horseman\/\",\"name\":\"Caio Giulio Cesare... Horseman! - SEF Italia\",\"isPartOf\":{\"@id\":\"https:\/\/www.sef-italia.it\/#website\"},\"primaryImageOfPage\":{\"@id\":\"https:\/\/www.sef-italia.it\/index.php\/2015\/12\/18\/caio-giulio-cesare-horseman\/#primaryimage\"},\"image\":{\"@id\":\"https:\/\/www.sef-italia.it\/index.php\/2015\/12\/18\/caio-giulio-cesare-horseman\/#primaryimage\"},\"thumbnailUrl\":\"https:\/\/www.sef-italia.it\/wp-content\/uploads\/2016\/10\/Schlacht_bei_Zama_Gemaelde_H_P_Motte-18ef15e8.jpg\",\"datePublished\":\"2015-12-18T09:00:27+00:00\",\"dateModified\":\"2016-10-19T08:49:44+00:00\",\"breadcrumb\":{\"@id\":\"https:\/\/www.sef-italia.it\/index.php\/2015\/12\/18\/caio-giulio-cesare-horseman\/#breadcrumb\"},\"inLanguage\":\"it-IT\",\"potentialAction\":[{\"@type\":\"ReadAction\",\"target\":[\"https:\/\/www.sef-italia.it\/index.php\/2015\/12\/18\/caio-giulio-cesare-horseman\/\"]}]},{\"@type\":\"ImageObject\",\"inLanguage\":\"it-IT\",\"@id\":\"https:\/\/www.sef-italia.it\/index.php\/2015\/12\/18\/caio-giulio-cesare-horseman\/#primaryimage\",\"url\":\"https:\/\/www.sef-italia.it\/wp-content\/uploads\/2016\/10\/Schlacht_bei_Zama_Gemaelde_H_P_Motte-18ef15e8.jpg\",\"contentUrl\":\"https:\/\/www.sef-italia.it\/wp-content\/uploads\/2016\/10\/Schlacht_bei_Zama_Gemaelde_H_P_Motte-18ef15e8.jpg\",\"width\":250,\"height\":162},{\"@type\":\"BreadcrumbList\",\"@id\":\"https:\/\/www.sef-italia.it\/index.php\/2015\/12\/18\/caio-giulio-cesare-horseman\/#breadcrumb\",\"itemListElement\":[{\"@type\":\"ListItem\",\"position\":1,\"name\":\"Home\",\"item\":\"https:\/\/www.sef-italia.it\/\"},{\"@type\":\"ListItem\",\"position\":2,\"name\":\"Caio Giulio Cesare&#8230; Horseman!\"}]},{\"@type\":\"WebSite\",\"@id\":\"https:\/\/www.sef-italia.it\/#website\",\"url\":\"https:\/\/www.sef-italia.it\/\",\"name\":\"SEF Italia\",\"description\":\"Il nuovo sito SEF Italia\",\"publisher\":{\"@id\":\"https:\/\/www.sef-italia.it\/#organization\"},\"potentialAction\":[{\"@type\":\"SearchAction\",\"target\":{\"@type\":\"EntryPoint\",\"urlTemplate\":\"https:\/\/www.sef-italia.it\/?s={search_term_string}\"},\"query-input\":{\"@type\":\"PropertyValueSpecification\",\"valueRequired\":true,\"valueName\":\"search_term_string\"}}],\"inLanguage\":\"it-IT\"},{\"@type\":\"Organization\",\"@id\":\"https:\/\/www.sef-italia.it\/#organization\",\"name\":\"SEF Italia\",\"url\":\"https:\/\/www.sef-italia.it\/\",\"logo\":{\"@type\":\"ImageObject\",\"inLanguage\":\"it-IT\",\"@id\":\"https:\/\/www.sef-italia.it\/#\/schema\/logo\/image\/\",\"url\":\"https:\/\/www.sef-italia.it\/wp-content\/uploads\/2018\/01\/logoSEF_QUADRATO-.jpg\",\"contentUrl\":\"https:\/\/www.sef-italia.it\/wp-content\/uploads\/2018\/01\/logoSEF_QUADRATO-.jpg\",\"width\":600,\"height\":600,\"caption\":\"SEF Italia\"},\"image\":{\"@id\":\"https:\/\/www.sef-italia.it\/#\/schema\/logo\/image\/\"},\"sameAs\":[\"https:\/\/www.facebook.com\/scuolaequestrediformazione\/\",\"https:\/\/x.com\/sef_italia\",\"https:\/\/www.youtube.com\/channel\/UCcEMamL3elnrqfrtIT8sh7g?view_as=subscriber\"]},{\"@type\":\"Person\",\"@id\":\"https:\/\/www.sef-italia.it\/#\/schema\/person\/98bbf141ebc34928c1b6b3262203ee9e\",\"name\":\"Maria Teresa Bevilacqua\",\"image\":{\"@type\":\"ImageObject\",\"inLanguage\":\"it-IT\",\"@id\":\"https:\/\/www.sef-italia.it\/#\/schema\/person\/image\/\",\"url\":\"https:\/\/secure.gravatar.com\/avatar\/15e0000cbd79bf458c75ba2fc416b0c2?s=96&d=mm&r=g\",\"contentUrl\":\"https:\/\/secure.gravatar.com\/avatar\/15e0000cbd79bf458c75ba2fc416b0c2?s=96&d=mm&r=g\",\"caption\":\"Maria Teresa Bevilacqua\"},\"url\":\"https:\/\/www.sef-italia.it\/index.php\/author\/mariateresa\/\"}]}<\/script>\r\n<!-- \/ Yoast SEO plugin. -->","yoast_head_json":{"title":"Caio Giulio Cesare... Horseman! - SEF Italia","robots":{"index":"index","follow":"follow","max-snippet":"max-snippet:-1","max-image-preview":"max-image-preview:large","max-video-preview":"max-video-preview:-1"},"canonical":"https:\/\/www.sef-italia.it\/index.php\/2015\/12\/18\/caio-giulio-cesare-horseman\/","og_locale":"it_IT","og_type":"article","og_title":"Caio Giulio Cesare... Horseman! - SEF Italia","og_description":"4000 anni prima di Cristo da qualche parte in Asia Minore inizi\u00f2 il sodalizio tra uomo e cavallo. Un evento che avrebbe [&hellip;]","og_url":"https:\/\/www.sef-italia.it\/index.php\/2015\/12\/18\/caio-giulio-cesare-horseman\/","og_site_name":"SEF Italia","article_publisher":"https:\/\/www.facebook.com\/scuolaequestrediformazione\/","article_published_time":"2015-12-18T09:00:27+00:00","article_modified_time":"2016-10-19T08:49:44+00:00","og_image":[{"width":250,"height":162,"url":"https:\/\/www.sef-italia.it\/wp-content\/uploads\/2016\/10\/Schlacht_bei_Zama_Gemaelde_H_P_Motte-18ef15e8.jpg","type":"image\/jpeg"}],"author":"Maria Teresa Bevilacqua","twitter_card":"summary_large_image","twitter_creator":"@sef_italia","twitter_site":"@sef_italia","twitter_misc":{"Scritto da":"Maria Teresa Bevilacqua","Tempo di lettura stimato":"4 minuti"},"schema":{"@context":"https:\/\/schema.org","@graph":[{"@type":"Article","@id":"https:\/\/www.sef-italia.it\/index.php\/2015\/12\/18\/caio-giulio-cesare-horseman\/#article","isPartOf":{"@id":"https:\/\/www.sef-italia.it\/index.php\/2015\/12\/18\/caio-giulio-cesare-horseman\/"},"author":{"name":"Maria Teresa Bevilacqua","@id":"https:\/\/www.sef-italia.it\/#\/schema\/person\/98bbf141ebc34928c1b6b3262203ee9e"},"headline":"Caio Giulio Cesare&#8230; Horseman!","datePublished":"2015-12-18T09:00:27+00:00","dateModified":"2016-10-19T08:49:44+00:00","mainEntityOfPage":{"@id":"https:\/\/www.sef-italia.it\/index.php\/2015\/12\/18\/caio-giulio-cesare-horseman\/"},"wordCount":759,"commentCount":0,"publisher":{"@id":"https:\/\/www.sef-italia.it\/#organization"},"image":{"@id":"https:\/\/www.sef-italia.it\/index.php\/2015\/12\/18\/caio-giulio-cesare-horseman\/#primaryimage"},"thumbnailUrl":"https:\/\/www.sef-italia.it\/wp-content\/uploads\/2016\/10\/Schlacht_bei_Zama_Gemaelde_H_P_Motte-18ef15e8.jpg","articleSection":["News"],"inLanguage":"it-IT","potentialAction":[{"@type":"CommentAction","name":"Comment","target":["https:\/\/www.sef-italia.it\/index.php\/2015\/12\/18\/caio-giulio-cesare-horseman\/#respond"]}]},{"@type":"WebPage","@id":"https:\/\/www.sef-italia.it\/index.php\/2015\/12\/18\/caio-giulio-cesare-horseman\/","url":"https:\/\/www.sef-italia.it\/index.php\/2015\/12\/18\/caio-giulio-cesare-horseman\/","name":"Caio Giulio Cesare... Horseman! - SEF Italia","isPartOf":{"@id":"https:\/\/www.sef-italia.it\/#website"},"primaryImageOfPage":{"@id":"https:\/\/www.sef-italia.it\/index.php\/2015\/12\/18\/caio-giulio-cesare-horseman\/#primaryimage"},"image":{"@id":"https:\/\/www.sef-italia.it\/index.php\/2015\/12\/18\/caio-giulio-cesare-horseman\/#primaryimage"},"thumbnailUrl":"https:\/\/www.sef-italia.it\/wp-content\/uploads\/2016\/10\/Schlacht_bei_Zama_Gemaelde_H_P_Motte-18ef15e8.jpg","datePublished":"2015-12-18T09:00:27+00:00","dateModified":"2016-10-19T08:49:44+00:00","breadcrumb":{"@id":"https:\/\/www.sef-italia.it\/index.php\/2015\/12\/18\/caio-giulio-cesare-horseman\/#breadcrumb"},"inLanguage":"it-IT","potentialAction":[{"@type":"ReadAction","target":["https:\/\/www.sef-italia.it\/index.php\/2015\/12\/18\/caio-giulio-cesare-horseman\/"]}]},{"@type":"ImageObject","inLanguage":"it-IT","@id":"https:\/\/www.sef-italia.it\/index.php\/2015\/12\/18\/caio-giulio-cesare-horseman\/#primaryimage","url":"https:\/\/www.sef-italia.it\/wp-content\/uploads\/2016\/10\/Schlacht_bei_Zama_Gemaelde_H_P_Motte-18ef15e8.jpg","contentUrl":"https:\/\/www.sef-italia.it\/wp-content\/uploads\/2016\/10\/Schlacht_bei_Zama_Gemaelde_H_P_Motte-18ef15e8.jpg","width":250,"height":162},{"@type":"BreadcrumbList","@id":"https:\/\/www.sef-italia.it\/index.php\/2015\/12\/18\/caio-giulio-cesare-horseman\/#breadcrumb","itemListElement":[{"@type":"ListItem","position":1,"name":"Home","item":"https:\/\/www.sef-italia.it\/"},{"@type":"ListItem","position":2,"name":"Caio Giulio Cesare&#8230; Horseman!"}]},{"@type":"WebSite","@id":"https:\/\/www.sef-italia.it\/#website","url":"https:\/\/www.sef-italia.it\/","name":"SEF Italia","description":"Il nuovo sito SEF Italia","publisher":{"@id":"https:\/\/www.sef-italia.it\/#organization"},"potentialAction":[{"@type":"SearchAction","target":{"@type":"EntryPoint","urlTemplate":"https:\/\/www.sef-italia.it\/?s={search_term_string}"},"query-input":{"@type":"PropertyValueSpecification","valueRequired":true,"valueName":"search_term_string"}}],"inLanguage":"it-IT"},{"@type":"Organization","@id":"https:\/\/www.sef-italia.it\/#organization","name":"SEF Italia","url":"https:\/\/www.sef-italia.it\/","logo":{"@type":"ImageObject","inLanguage":"it-IT","@id":"https:\/\/www.sef-italia.it\/#\/schema\/logo\/image\/","url":"https:\/\/www.sef-italia.it\/wp-content\/uploads\/2018\/01\/logoSEF_QUADRATO-.jpg","contentUrl":"https:\/\/www.sef-italia.it\/wp-content\/uploads\/2018\/01\/logoSEF_QUADRATO-.jpg","width":600,"height":600,"caption":"SEF Italia"},"image":{"@id":"https:\/\/www.sef-italia.it\/#\/schema\/logo\/image\/"},"sameAs":["https:\/\/www.facebook.com\/scuolaequestrediformazione\/","https:\/\/x.com\/sef_italia","https:\/\/www.youtube.com\/channel\/UCcEMamL3elnrqfrtIT8sh7g?view_as=subscriber"]},{"@type":"Person","@id":"https:\/\/www.sef-italia.it\/#\/schema\/person\/98bbf141ebc34928c1b6b3262203ee9e","name":"Maria Teresa Bevilacqua","image":{"@type":"ImageObject","inLanguage":"it-IT","@id":"https:\/\/www.sef-italia.it\/#\/schema\/person\/image\/","url":"https:\/\/secure.gravatar.com\/avatar\/15e0000cbd79bf458c75ba2fc416b0c2?s=96&d=mm&r=g","contentUrl":"https:\/\/secure.gravatar.com\/avatar\/15e0000cbd79bf458c75ba2fc416b0c2?s=96&d=mm&r=g","caption":"Maria Teresa Bevilacqua"},"url":"https:\/\/www.sef-italia.it\/index.php\/author\/mariateresa\/"}]}},"_links":{"self":[{"href":"https:\/\/www.sef-italia.it\/index.php\/wp-json\/wp\/v2\/posts\/4684"}],"collection":[{"href":"https:\/\/www.sef-italia.it\/index.php\/wp-json\/wp\/v2\/posts"}],"about":[{"href":"https:\/\/www.sef-italia.it\/index.php\/wp-json\/wp\/v2\/types\/post"}],"author":[{"embeddable":true,"href":"https:\/\/www.sef-italia.it\/index.php\/wp-json\/wp\/v2\/users\/83"}],"replies":[{"embeddable":true,"href":"https:\/\/www.sef-italia.it\/index.php\/wp-json\/wp\/v2\/comments?post=4684"}],"version-history":[{"count":2,"href":"https:\/\/www.sef-italia.it\/index.php\/wp-json\/wp\/v2\/posts\/4684\/revisions"}],"predecessor-version":[{"id":5365,"href":"https:\/\/www.sef-italia.it\/index.php\/wp-json\/wp\/v2\/posts\/4684\/revisions\/5365"}],"wp:featuredmedia":[{"embeddable":true,"href":"https:\/\/www.sef-italia.it\/index.php\/wp-json\/wp\/v2\/media\/4685"}],"wp:attachment":[{"href":"https:\/\/www.sef-italia.it\/index.php\/wp-json\/wp\/v2\/media?parent=4684"}],"wp:term":[{"taxonomy":"category","embeddable":true,"href":"https:\/\/www.sef-italia.it\/index.php\/wp-json\/wp\/v2\/categories?post=4684"},{"taxonomy":"post_tag","embeddable":true,"href":"https:\/\/www.sef-italia.it\/index.php\/wp-json\/wp\/v2\/tags?post=4684"}],"curies":[{"name":"wp","href":"https:\/\/api.w.org\/{rel}","templated":true}]}}