{"id":6466,"date":"2016-11-23T10:00:13","date_gmt":"2016-11-23T09:00:13","guid":{"rendered":"http:\/\/www.sef-italia.it\/?p=6466"},"modified":"2016-11-22T15:22:42","modified_gmt":"2016-11-22T14:22:42","slug":"lanatomia-del-piede","status":"publish","type":"post","link":"https:\/\/www.sef-italia.it\/index.php\/2016\/11\/23\/lanatomia-del-piede\/","title":{"rendered":"L\u2019anatomia del piede"},"content":{"rendered":"<p>Per capire la complessa materia della \u201cmascalcia\u201d e del podologia del piede equino \u00e8 fondamentale capire com\u2019\u00e8 fatto ci\u00f2 che sorregge un animale cos\u00ec grande e pesante, come il cavallo.<\/p>\n<p>La parte terminale degli arti si pu\u00f2 suddividere in 3 falangi:<\/p>\n<ul>\n<li>Partendo dal basso abbiamo la \u201cTerza Falange\u201d, detto anche \u201cosso triangolare o osso piramidale\u201d a causa della sua forma. Esso \u00e8 formato da tante lamelle innervate e vescolarizzate, che rendono questa zona molto sensibile al dolore;<\/li>\n<li>Nella parte frontale superiore alla \u201cTerza Falange\u201d vi \u00e8 una cresta, ossia il punto dove si inserisce il \u201ctendine estensore delle falangi\u201d, mentre il \u201ctendine flessore profondo delle falangi\u201d si trova nella parte opposta vicino al cuscinetto plantare;<\/li>\n<li>Salendo troviamo la \u201cSeconda Falange\u201d, detto anche \u201cosso coronale\u201d;<\/li>\n<li>Infine abbiamo la \u201cPrima Falange\u201d che corrisponde all\u2019osso pastorale.<\/li>\n<\/ul>\n<p><img loading=\"lazy\" decoding=\"async\" class=\" wp-image-6467 alignleft\" src=\"http:\/\/www.sef-italia.it\/wp-content\/uploads\/2016\/11\/Piede-300x102.png\" alt=\"piede\" width=\"323\" height=\"110\" srcset=\"https:\/\/www.sef-italia.it\/wp-content\/uploads\/2016\/11\/Piede-300x102.png 300w, https:\/\/www.sef-italia.it\/wp-content\/uploads\/2016\/11\/Piede-768x262.png 768w, https:\/\/www.sef-italia.it\/wp-content\/uploads\/2016\/11\/Piede-1024x349.png 1024w, https:\/\/www.sef-italia.it\/wp-content\/uploads\/2016\/11\/Piede-830x283.png 830w, https:\/\/www.sef-italia.it\/wp-content\/uploads\/2016\/11\/Piede-230x78.png 230w, https:\/\/www.sef-italia.it\/wp-content\/uploads\/2016\/11\/Piede-350x119.png 350w, https:\/\/www.sef-italia.it\/wp-content\/uploads\/2016\/11\/Piede-480x163.png 480w, https:\/\/www.sef-italia.it\/wp-content\/uploads\/2016\/11\/Piede.png 2048w\" sizes=\"(max-width: 323px) 100vw, 323px\" \/>Lo zoccolo si pu\u00f2 dividere in muraglia, fattone e suola, mentre l\u2019orlo plantare \u00e8 stato diviso dal Brambilla in 4 parti:<\/p>\n<ul>\n<li>Punta, che corrisponde ad un tredicesimo dell\u2019orlo plantare, situata in posizione anteriore centrale<\/li>\n<li>Mammelle, situate lateralmente alla punta. Esse corrispondono ciascuna ad un tredicesimo;<\/li>\n<li>Quarti, situate lateralmente dopo le mammelle e corrispondono a tre tredicesimi ciascuno;<\/li>\n<li>Talloni, che si trovano dopo i quarti ed equivalgono ad un tredicesimo da entrambi i lati.<\/li>\n<\/ul>\n<p>In questa suddivisione, inoltre, abbiamo i due rami del fettone, che costituiscono l\u2019unit\u00e0 di misura dei tredicesimi.<\/p>\n","protected":false},"excerpt":{"rendered":"<p>Per capire la complessa materia della \u201cmascalcia\u201d e del podologia del piede equino \u00e8 fondamentale capire com\u2019\u00e8 fatto ci\u00f2 che sorregge un [&hellip;]<\/p>\n","protected":false},"author":83,"featured_media":6467,"comment_status":"open","ping_status":"open","sticky":false,"template":"","format":"standard","meta":{"footnotes":""},"categories":[8,1],"tags":[],"yoast_head":"<!-- This site is optimized with the Yoast SEO plugin v24.5 - https:\/\/yoast.com\/wordpress\/plugins\/seo\/ -->\r\n<title>L\u2019anatomia del piede - SEF Italia<\/title>\r\n<meta name=\"robots\" content=\"index, follow, max-snippet:-1, max-image-preview:large, max-video-preview:-1\" \/>\r\n<link rel=\"canonical\" href=\"https:\/\/www.sef-italia.it\/index.php\/2016\/11\/23\/lanatomia-del-piede\/\" \/>\r\n<meta property=\"og:locale\" content=\"it_IT\" \/>\r\n<meta property=\"og:type\" content=\"article\" \/>\r\n<meta property=\"og:title\" content=\"L\u2019anatomia del piede - SEF Italia\" \/>\r\n<meta property=\"og:description\" content=\"Per capire la complessa materia della \u201cmascalcia\u201d e del podologia del piede equino \u00e8 fondamentale capire com\u2019\u00e8 fatto ci\u00f2 che sorregge un [&hellip;]\" \/>\r\n<meta property=\"og:url\" content=\"https:\/\/www.sef-italia.it\/index.php\/2016\/11\/23\/lanatomia-del-piede\/\" \/>\r\n<meta property=\"og:site_name\" content=\"SEF Italia\" \/>\r\n<meta property=\"article:publisher\" content=\"https:\/\/www.facebook.com\/scuolaequestrediformazione\/\" \/>\r\n<meta property=\"article:published_time\" content=\"2016-11-23T09:00:13+00:00\" \/>\r\n<meta property=\"og:image\" content=\"https:\/\/www.sef-italia.it\/wp-content\/uploads\/2016\/11\/Piede.png\" \/>\r\n\t<meta property=\"og:image:width\" content=\"2048\" \/>\r\n\t<meta property=\"og:image:height\" content=\"698\" \/>\r\n\t<meta property=\"og:image:type\" content=\"image\/png\" \/>\r\n<meta name=\"author\" content=\"Maria Teresa Bevilacqua\" \/>\r\n<meta name=\"twitter:card\" content=\"summary_large_image\" \/>\r\n<meta name=\"twitter:creator\" content=\"@sef_italia\" \/>\r\n<meta name=\"twitter:site\" content=\"@sef_italia\" \/>\r\n<meta name=\"twitter:label1\" content=\"Scritto da\" \/>\n\t<meta name=\"twitter:data1\" content=\"Maria Teresa Bevilacqua\" \/>\n\t<meta name=\"twitter:label2\" content=\"Tempo di lettura stimato\" \/>\n\t<meta name=\"twitter:data2\" content=\"1 minuto\" \/>\r\n<script type=\"application\/ld+json\" class=\"yoast-schema-graph\">{\"@context\":\"https:\/\/schema.org\",\"@graph\":[{\"@type\":\"Article\",\"@id\":\"https:\/\/www.sef-italia.it\/index.php\/2016\/11\/23\/lanatomia-del-piede\/#article\",\"isPartOf\":{\"@id\":\"https:\/\/www.sef-italia.it\/index.php\/2016\/11\/23\/lanatomia-del-piede\/\"},\"author\":{\"name\":\"Maria Teresa Bevilacqua\",\"@id\":\"https:\/\/www.sef-italia.it\/#\/schema\/person\/98bbf141ebc34928c1b6b3262203ee9e\"},\"headline\":\"L\u2019anatomia del piede\",\"datePublished\":\"2016-11-23T09:00:13+00:00\",\"mainEntityOfPage\":{\"@id\":\"https:\/\/www.sef-italia.it\/index.php\/2016\/11\/23\/lanatomia-del-piede\/\"},\"wordCount\":225,\"commentCount\":0,\"publisher\":{\"@id\":\"https:\/\/www.sef-italia.it\/#organization\"},\"image\":{\"@id\":\"https:\/\/www.sef-italia.it\/index.php\/2016\/11\/23\/lanatomia-del-piede\/#primaryimage\"},\"thumbnailUrl\":\"https:\/\/www.sef-italia.it\/wp-content\/uploads\/2016\/11\/Piede.png\",\"articleSection\":[\"Caratteristiche del cavallo\",\"News\"],\"inLanguage\":\"it-IT\",\"potentialAction\":[{\"@type\":\"CommentAction\",\"name\":\"Comment\",\"target\":[\"https:\/\/www.sef-italia.it\/index.php\/2016\/11\/23\/lanatomia-del-piede\/#respond\"]}]},{\"@type\":\"WebPage\",\"@id\":\"https:\/\/www.sef-italia.it\/index.php\/2016\/11\/23\/lanatomia-del-piede\/\",\"url\":\"https:\/\/www.sef-italia.it\/index.php\/2016\/11\/23\/lanatomia-del-piede\/\",\"name\":\"L\u2019anatomia del piede - SEF Italia\",\"isPartOf\":{\"@id\":\"https:\/\/www.sef-italia.it\/#website\"},\"primaryImageOfPage\":{\"@id\":\"https:\/\/www.sef-italia.it\/index.php\/2016\/11\/23\/lanatomia-del-piede\/#primaryimage\"},\"image\":{\"@id\":\"https:\/\/www.sef-italia.it\/index.php\/2016\/11\/23\/lanatomia-del-piede\/#primaryimage\"},\"thumbnailUrl\":\"https:\/\/www.sef-italia.it\/wp-content\/uploads\/2016\/11\/Piede.png\",\"datePublished\":\"2016-11-23T09:00:13+00:00\",\"breadcrumb\":{\"@id\":\"https:\/\/www.sef-italia.it\/index.php\/2016\/11\/23\/lanatomia-del-piede\/#breadcrumb\"},\"inLanguage\":\"it-IT\",\"potentialAction\":[{\"@type\":\"ReadAction\",\"target\":[\"https:\/\/www.sef-italia.it\/index.php\/2016\/11\/23\/lanatomia-del-piede\/\"]}]},{\"@type\":\"ImageObject\",\"inLanguage\":\"it-IT\",\"@id\":\"https:\/\/www.sef-italia.it\/index.php\/2016\/11\/23\/lanatomia-del-piede\/#primaryimage\",\"url\":\"https:\/\/www.sef-italia.it\/wp-content\/uploads\/2016\/11\/Piede.png\",\"contentUrl\":\"https:\/\/www.sef-italia.it\/wp-content\/uploads\/2016\/11\/Piede.png\",\"width\":2048,\"height\":698},{\"@type\":\"BreadcrumbList\",\"@id\":\"https:\/\/www.sef-italia.it\/index.php\/2016\/11\/23\/lanatomia-del-piede\/#breadcrumb\",\"itemListElement\":[{\"@type\":\"ListItem\",\"position\":1,\"name\":\"Home\",\"item\":\"https:\/\/www.sef-italia.it\/\"},{\"@type\":\"ListItem\",\"position\":2,\"name\":\"L\u2019anatomia del piede\"}]},{\"@type\":\"WebSite\",\"@id\":\"https:\/\/www.sef-italia.it\/#website\",\"url\":\"https:\/\/www.sef-italia.it\/\",\"name\":\"SEF Italia\",\"description\":\"Il nuovo sito SEF Italia\",\"publisher\":{\"@id\":\"https:\/\/www.sef-italia.it\/#organization\"},\"potentialAction\":[{\"@type\":\"SearchAction\",\"target\":{\"@type\":\"EntryPoint\",\"urlTemplate\":\"https:\/\/www.sef-italia.it\/?s={search_term_string}\"},\"query-input\":{\"@type\":\"PropertyValueSpecification\",\"valueRequired\":true,\"valueName\":\"search_term_string\"}}],\"inLanguage\":\"it-IT\"},{\"@type\":\"Organization\",\"@id\":\"https:\/\/www.sef-italia.it\/#organization\",\"name\":\"SEF Italia\",\"url\":\"https:\/\/www.sef-italia.it\/\",\"logo\":{\"@type\":\"ImageObject\",\"inLanguage\":\"it-IT\",\"@id\":\"https:\/\/www.sef-italia.it\/#\/schema\/logo\/image\/\",\"url\":\"https:\/\/www.sef-italia.it\/wp-content\/uploads\/2018\/01\/logoSEF_QUADRATO-.jpg\",\"contentUrl\":\"https:\/\/www.sef-italia.it\/wp-content\/uploads\/2018\/01\/logoSEF_QUADRATO-.jpg\",\"width\":600,\"height\":600,\"caption\":\"SEF Italia\"},\"image\":{\"@id\":\"https:\/\/www.sef-italia.it\/#\/schema\/logo\/image\/\"},\"sameAs\":[\"https:\/\/www.facebook.com\/scuolaequestrediformazione\/\",\"https:\/\/x.com\/sef_italia\",\"https:\/\/www.youtube.com\/channel\/UCcEMamL3elnrqfrtIT8sh7g?view_as=subscriber\"]},{\"@type\":\"Person\",\"@id\":\"https:\/\/www.sef-italia.it\/#\/schema\/person\/98bbf141ebc34928c1b6b3262203ee9e\",\"name\":\"Maria Teresa Bevilacqua\",\"image\":{\"@type\":\"ImageObject\",\"inLanguage\":\"it-IT\",\"@id\":\"https:\/\/www.sef-italia.it\/#\/schema\/person\/image\/\",\"url\":\"https:\/\/secure.gravatar.com\/avatar\/15e0000cbd79bf458c75ba2fc416b0c2?s=96&d=mm&r=g\",\"contentUrl\":\"https:\/\/secure.gravatar.com\/avatar\/15e0000cbd79bf458c75ba2fc416b0c2?s=96&d=mm&r=g\",\"caption\":\"Maria Teresa Bevilacqua\"},\"url\":\"https:\/\/www.sef-italia.it\/index.php\/author\/mariateresa\/\"}]}<\/script>\r\n<!-- \/ Yoast SEO plugin. -->","yoast_head_json":{"title":"L\u2019anatomia del piede - SEF Italia","robots":{"index":"index","follow":"follow","max-snippet":"max-snippet:-1","max-image-preview":"max-image-preview:large","max-video-preview":"max-video-preview:-1"},"canonical":"https:\/\/www.sef-italia.it\/index.php\/2016\/11\/23\/lanatomia-del-piede\/","og_locale":"it_IT","og_type":"article","og_title":"L\u2019anatomia del piede - SEF Italia","og_description":"Per capire la complessa materia della \u201cmascalcia\u201d e del podologia del piede equino \u00e8 fondamentale capire com\u2019\u00e8 fatto ci\u00f2 che sorregge un [&hellip;]","og_url":"https:\/\/www.sef-italia.it\/index.php\/2016\/11\/23\/lanatomia-del-piede\/","og_site_name":"SEF Italia","article_publisher":"https:\/\/www.facebook.com\/scuolaequestrediformazione\/","article_published_time":"2016-11-23T09:00:13+00:00","og_image":[{"width":2048,"height":698,"url":"https:\/\/www.sef-italia.it\/wp-content\/uploads\/2016\/11\/Piede.png","type":"image\/png"}],"author":"Maria Teresa Bevilacqua","twitter_card":"summary_large_image","twitter_creator":"@sef_italia","twitter_site":"@sef_italia","twitter_misc":{"Scritto da":"Maria Teresa Bevilacqua","Tempo di lettura stimato":"1 minuto"},"schema":{"@context":"https:\/\/schema.org","@graph":[{"@type":"Article","@id":"https:\/\/www.sef-italia.it\/index.php\/2016\/11\/23\/lanatomia-del-piede\/#article","isPartOf":{"@id":"https:\/\/www.sef-italia.it\/index.php\/2016\/11\/23\/lanatomia-del-piede\/"},"author":{"name":"Maria Teresa Bevilacqua","@id":"https:\/\/www.sef-italia.it\/#\/schema\/person\/98bbf141ebc34928c1b6b3262203ee9e"},"headline":"L\u2019anatomia del piede","datePublished":"2016-11-23T09:00:13+00:00","mainEntityOfPage":{"@id":"https:\/\/www.sef-italia.it\/index.php\/2016\/11\/23\/lanatomia-del-piede\/"},"wordCount":225,"commentCount":0,"publisher":{"@id":"https:\/\/www.sef-italia.it\/#organization"},"image":{"@id":"https:\/\/www.sef-italia.it\/index.php\/2016\/11\/23\/lanatomia-del-piede\/#primaryimage"},"thumbnailUrl":"https:\/\/www.sef-italia.it\/wp-content\/uploads\/2016\/11\/Piede.png","articleSection":["Caratteristiche del cavallo","News"],"inLanguage":"it-IT","potentialAction":[{"@type":"CommentAction","name":"Comment","target":["https:\/\/www.sef-italia.it\/index.php\/2016\/11\/23\/lanatomia-del-piede\/#respond"]}]},{"@type":"WebPage","@id":"https:\/\/www.sef-italia.it\/index.php\/2016\/11\/23\/lanatomia-del-piede\/","url":"https:\/\/www.sef-italia.it\/index.php\/2016\/11\/23\/lanatomia-del-piede\/","name":"L\u2019anatomia del piede - SEF Italia","isPartOf":{"@id":"https:\/\/www.sef-italia.it\/#website"},"primaryImageOfPage":{"@id":"https:\/\/www.sef-italia.it\/index.php\/2016\/11\/23\/lanatomia-del-piede\/#primaryimage"},"image":{"@id":"https:\/\/www.sef-italia.it\/index.php\/2016\/11\/23\/lanatomia-del-piede\/#primaryimage"},"thumbnailUrl":"https:\/\/www.sef-italia.it\/wp-content\/uploads\/2016\/11\/Piede.png","datePublished":"2016-11-23T09:00:13+00:00","breadcrumb":{"@id":"https:\/\/www.sef-italia.it\/index.php\/2016\/11\/23\/lanatomia-del-piede\/#breadcrumb"},"inLanguage":"it-IT","potentialAction":[{"@type":"ReadAction","target":["https:\/\/www.sef-italia.it\/index.php\/2016\/11\/23\/lanatomia-del-piede\/"]}]},{"@type":"ImageObject","inLanguage":"it-IT","@id":"https:\/\/www.sef-italia.it\/index.php\/2016\/11\/23\/lanatomia-del-piede\/#primaryimage","url":"https:\/\/www.sef-italia.it\/wp-content\/uploads\/2016\/11\/Piede.png","contentUrl":"https:\/\/www.sef-italia.it\/wp-content\/uploads\/2016\/11\/Piede.png","width":2048,"height":698},{"@type":"BreadcrumbList","@id":"https:\/\/www.sef-italia.it\/index.php\/2016\/11\/23\/lanatomia-del-piede\/#breadcrumb","itemListElement":[{"@type":"ListItem","position":1,"name":"Home","item":"https:\/\/www.sef-italia.it\/"},{"@type":"ListItem","position":2,"name":"L\u2019anatomia del piede"}]},{"@type":"WebSite","@id":"https:\/\/www.sef-italia.it\/#website","url":"https:\/\/www.sef-italia.it\/","name":"SEF Italia","description":"Il nuovo sito SEF Italia","publisher":{"@id":"https:\/\/www.sef-italia.it\/#organization"},"potentialAction":[{"@type":"SearchAction","target":{"@type":"EntryPoint","urlTemplate":"https:\/\/www.sef-italia.it\/?s={search_term_string}"},"query-input":{"@type":"PropertyValueSpecification","valueRequired":true,"valueName":"search_term_string"}}],"inLanguage":"it-IT"},{"@type":"Organization","@id":"https:\/\/www.sef-italia.it\/#organization","name":"SEF Italia","url":"https:\/\/www.sef-italia.it\/","logo":{"@type":"ImageObject","inLanguage":"it-IT","@id":"https:\/\/www.sef-italia.it\/#\/schema\/logo\/image\/","url":"https:\/\/www.sef-italia.it\/wp-content\/uploads\/2018\/01\/logoSEF_QUADRATO-.jpg","contentUrl":"https:\/\/www.sef-italia.it\/wp-content\/uploads\/2018\/01\/logoSEF_QUADRATO-.jpg","width":600,"height":600,"caption":"SEF Italia"},"image":{"@id":"https:\/\/www.sef-italia.it\/#\/schema\/logo\/image\/"},"sameAs":["https:\/\/www.facebook.com\/scuolaequestrediformazione\/","https:\/\/x.com\/sef_italia","https:\/\/www.youtube.com\/channel\/UCcEMamL3elnrqfrtIT8sh7g?view_as=subscriber"]},{"@type":"Person","@id":"https:\/\/www.sef-italia.it\/#\/schema\/person\/98bbf141ebc34928c1b6b3262203ee9e","name":"Maria Teresa Bevilacqua","image":{"@type":"ImageObject","inLanguage":"it-IT","@id":"https:\/\/www.sef-italia.it\/#\/schema\/person\/image\/","url":"https:\/\/secure.gravatar.com\/avatar\/15e0000cbd79bf458c75ba2fc416b0c2?s=96&d=mm&r=g","contentUrl":"https:\/\/secure.gravatar.com\/avatar\/15e0000cbd79bf458c75ba2fc416b0c2?s=96&d=mm&r=g","caption":"Maria Teresa Bevilacqua"},"url":"https:\/\/www.sef-italia.it\/index.php\/author\/mariateresa\/"}]}},"_links":{"self":[{"href":"https:\/\/www.sef-italia.it\/index.php\/wp-json\/wp\/v2\/posts\/6466"}],"collection":[{"href":"https:\/\/www.sef-italia.it\/index.php\/wp-json\/wp\/v2\/posts"}],"about":[{"href":"https:\/\/www.sef-italia.it\/index.php\/wp-json\/wp\/v2\/types\/post"}],"author":[{"embeddable":true,"href":"https:\/\/www.sef-italia.it\/index.php\/wp-json\/wp\/v2\/users\/83"}],"replies":[{"embeddable":true,"href":"https:\/\/www.sef-italia.it\/index.php\/wp-json\/wp\/v2\/comments?post=6466"}],"version-history":[{"count":1,"href":"https:\/\/www.sef-italia.it\/index.php\/wp-json\/wp\/v2\/posts\/6466\/revisions"}],"predecessor-version":[{"id":6468,"href":"https:\/\/www.sef-italia.it\/index.php\/wp-json\/wp\/v2\/posts\/6466\/revisions\/6468"}],"wp:featuredmedia":[{"embeddable":true,"href":"https:\/\/www.sef-italia.it\/index.php\/wp-json\/wp\/v2\/media\/6467"}],"wp:attachment":[{"href":"https:\/\/www.sef-italia.it\/index.php\/wp-json\/wp\/v2\/media?parent=6466"}],"wp:term":[{"taxonomy":"category","embeddable":true,"href":"https:\/\/www.sef-italia.it\/index.php\/wp-json\/wp\/v2\/categories?post=6466"},{"taxonomy":"post_tag","embeddable":true,"href":"https:\/\/www.sef-italia.it\/index.php\/wp-json\/wp\/v2\/tags?post=6466"}],"curies":[{"name":"wp","href":"https:\/\/api.w.org\/{rel}","templated":true}]}}