{"id":6915,"date":"2017-02-06T15:10:27","date_gmt":"2017-02-06T14:10:27","guid":{"rendered":"http:\/\/www.sef-italia.it\/?p=6915"},"modified":"2017-02-06T15:10:27","modified_gmt":"2017-02-06T14:10:27","slug":"pensare-come-un-cavallo","status":"publish","type":"post","link":"https:\/\/www.sef-italia.it\/index.php\/2017\/02\/06\/pensare-come-un-cavallo\/","title":{"rendered":"Pensare come un cavallo"},"content":{"rendered":"<p><img loading=\"lazy\" decoding=\"async\" class=\"size-medium wp-image-6916 alignleft\" src=\"http:\/\/www.sef-italia.it\/wp-content\/uploads\/2017\/02\/06022017-200x300.jpg\" alt=\"\" width=\"200\" height=\"300\" srcset=\"https:\/\/www.sef-italia.it\/wp-content\/uploads\/2017\/02\/06022017-200x300.jpg 200w, https:\/\/www.sef-italia.it\/wp-content\/uploads\/2017\/02\/06022017-230x345.jpg 230w, https:\/\/www.sef-italia.it\/wp-content\/uploads\/2017\/02\/06022017-350x525.jpg 350w, https:\/\/www.sef-italia.it\/wp-content\/uploads\/2017\/02\/06022017-480x720.jpg 480w, https:\/\/www.sef-italia.it\/wp-content\/uploads\/2017\/02\/06022017.jpg 500w\" sizes=\"(max-width: 200px) 100vw, 200px\" \/>Alcuni ricercatori svolgono studi per capire come funziona la mente del cavallo e quali sono i metodi che usa per imparare quello che stiamo cercando di insegnargli. Con una pi\u00f9 chiara comprensione delle sue capacit\u00e0 di apprendimento, possiamo regolare i nostri insegnamenti per realizzare un buon rapporto con il cavallo.<\/p>\n<p><strong>Tentativi ed errori: fare associazioni<\/strong><\/p>\n<p>Il modo primario in cui imparano i cavalli \u00e8 attraverso l\u2019apprendimento associativo \u2014associazioni tra stimoli ed eventi. Se sentono una pressione sulla loro capezza e fanno un passo in avanti, la pressione scompare. \u00c8 quello che Paolo Baragli, ricercatore nell&#8217;Universit\u00e0 di Pisa del Dipartimento di Scienze fisiologiche, in Italia, chiama una comunicazione &#8220;binaria&#8221; tra cavallo e gestore. In altre parole, \u00e8 tutto basato sulle risposte s\u00ec e no: questo \u00e8 quello che chiedo, o questo \u00e8 quello che non ti chiedo.<\/p>\n<p>Ma come sa, il cavallo, quello che vogliamo? Angelo Telatin, direttore degli studi equini al Delaware Valley College, in Pennsylvania, ha detto che si tratta di comfort: &#8220;il cavallo sta solo cercando di fare tutto il necessario per rimuovere il \u201cdisagio\u201d che gli creiamo in quel momento&#8221; dice.<\/p>\n<p>Telatin si riferisce al rinforzo negativo \u2014 non negativo come nel senso di \u201cfar del male\u201d, ma negativo come in assenza di qualcosa. Un esempio nel caso dell\u2019addestramento del cavallo, \u00e8 l&#8217;assenza di pressione. Cos\u00ec quando il cavallo scopre un&#8217;azione che fa terminare la pressione, impara ad associare quel movimento alla fine di tale pressione.<\/p>\n<p><strong>Abituarsi: Rimozione delle associazioni<\/strong><\/p>\n<p>Questo tipo di apprendimento \u00e8 conosciuto anche come assuefazione o desensibilizzazione. Attraverso un\u2019assuefazione ad una certa azione, i cavalli imparano a non rispondere a determinati stimoli.<\/p>\n<p>A quali stimoli non vuoi che il tuo cavallo risponda? Bandierine che ondeggiano. Cani che abbaiano\u2026Tutto ci\u00f2 che potrebbe spaventare un cavallo inesperto\u2014 questa lista potrebbe andare avanti.<\/p>\n<p>Se il cavallo capisce che le sue azioni non fanno andar via gli stimoli spaventosi, farete in modo che si renda conto che non esiste alcuna associazione tra tutto ci\u00f2 che fa e la presenza di quel stimoli. E alla fine arriver\u00e0 da solo a rendersi conto che, come gi\u00e0 sappiamo, non c&#8217;\u00e8 niente di terrificante nel fruscio di un telone.<\/p>\n<p>Il cavallo capisce un&#8217;associazione: sento un ronzio forte, potrebbe essere pericoloso, mi allontano\/scappo dal ronzio, il ronzio si attenua.<\/p>\n<p>Per un cavallo che ha gi\u00e0 associato un determinato rumore ad uno stimolo spaventoso, effettuare pause frequenti nel lavoro ogni volta che sente quel rumore gli dar\u00e0 l&#8217;impressione di controllar la situazione.<\/p>\n<p><strong>Tempismo e precisione<\/strong><\/p>\n<p>Mentre questi due metodi di apprendimento potrebbero sembrare abbastanza semplici, richiedono una buona dose della nostra attenzione. Dobbiamo concentrarci, fare in modo di avere sempre un occhio pronto a cogliere i minimi movimenti del cavallo, cos\u00ec da poterlo premiare proprio al momento giusto.<\/p>\n<p>I cavalli sono naturalmente degli animali sensibili, molto in sintonia con i movimenti pi\u00f9 sottili \u2014 un buon meccanismo di sopravvivenza per degli animali gregari che devono comunicare al volo con segnali rapidi e discreti in un possibile momento di pericolo.<\/p>\n<p>Bisogna essere precisi dunque, perch\u00e9 una leggera differenza nella nostra comunicazione pu\u00f2 significare qualcosa di molto diverso per un cavallo. Nel momento in cui il cavallo comincia a rispondere nel modo corretto, dobbiamo premiarlo.<\/p>\n","protected":false},"excerpt":{"rendered":"<p>Alcuni ricercatori svolgono studi per capire come funziona la mente del cavallo e quali sono i metodi che usa per imparare quello [&hellip;]<\/p>\n","protected":false},"author":83,"featured_media":6916,"comment_status":"open","ping_status":"open","sticky":false,"template":"","format":"standard","meta":{"footnotes":""},"categories":[1],"tags":[],"yoast_head":"<!-- This site is optimized with the Yoast SEO plugin v24.5 - https:\/\/yoast.com\/wordpress\/plugins\/seo\/ -->\r\n<title>Pensare come un cavallo - SEF Italia<\/title>\r\n<meta name=\"robots\" content=\"index, follow, max-snippet:-1, max-image-preview:large, max-video-preview:-1\" \/>\r\n<link rel=\"canonical\" href=\"https:\/\/www.sef-italia.it\/index.php\/2017\/02\/06\/pensare-come-un-cavallo\/\" \/>\r\n<meta property=\"og:locale\" content=\"it_IT\" \/>\r\n<meta property=\"og:type\" content=\"article\" \/>\r\n<meta property=\"og:title\" content=\"Pensare come un cavallo - SEF Italia\" \/>\r\n<meta property=\"og:description\" content=\"Alcuni ricercatori svolgono studi per capire come funziona la mente del cavallo e quali sono i metodi che usa per imparare quello [&hellip;]\" \/>\r\n<meta property=\"og:url\" content=\"https:\/\/www.sef-italia.it\/index.php\/2017\/02\/06\/pensare-come-un-cavallo\/\" \/>\r\n<meta property=\"og:site_name\" content=\"SEF Italia\" \/>\r\n<meta property=\"article:publisher\" content=\"https:\/\/www.facebook.com\/scuolaequestrediformazione\/\" \/>\r\n<meta property=\"article:published_time\" content=\"2017-02-06T14:10:27+00:00\" \/>\r\n<meta property=\"og:image\" content=\"https:\/\/www.sef-italia.it\/wp-content\/uploads\/2017\/02\/06022017.jpg\" \/>\r\n\t<meta property=\"og:image:width\" content=\"500\" \/>\r\n\t<meta property=\"og:image:height\" content=\"750\" \/>\r\n\t<meta property=\"og:image:type\" content=\"image\/jpeg\" \/>\r\n<meta name=\"author\" content=\"Maria Teresa Bevilacqua\" \/>\r\n<meta name=\"twitter:card\" content=\"summary_large_image\" \/>\r\n<meta name=\"twitter:creator\" content=\"@sef_italia\" \/>\r\n<meta name=\"twitter:site\" content=\"@sef_italia\" \/>\r\n<meta name=\"twitter:label1\" content=\"Scritto da\" \/>\n\t<meta name=\"twitter:data1\" content=\"Maria Teresa Bevilacqua\" \/>\n\t<meta name=\"twitter:label2\" content=\"Tempo di lettura stimato\" \/>\n\t<meta name=\"twitter:data2\" content=\"3 minuti\" \/>\r\n<script type=\"application\/ld+json\" class=\"yoast-schema-graph\">{\"@context\":\"https:\/\/schema.org\",\"@graph\":[{\"@type\":\"Article\",\"@id\":\"https:\/\/www.sef-italia.it\/index.php\/2017\/02\/06\/pensare-come-un-cavallo\/#article\",\"isPartOf\":{\"@id\":\"https:\/\/www.sef-italia.it\/index.php\/2017\/02\/06\/pensare-come-un-cavallo\/\"},\"author\":{\"name\":\"Maria Teresa Bevilacqua\",\"@id\":\"https:\/\/www.sef-italia.it\/#\/schema\/person\/98bbf141ebc34928c1b6b3262203ee9e\"},\"headline\":\"Pensare come un cavallo\",\"datePublished\":\"2017-02-06T14:10:27+00:00\",\"mainEntityOfPage\":{\"@id\":\"https:\/\/www.sef-italia.it\/index.php\/2017\/02\/06\/pensare-come-un-cavallo\/\"},\"wordCount\":535,\"commentCount\":0,\"publisher\":{\"@id\":\"https:\/\/www.sef-italia.it\/#organization\"},\"image\":{\"@id\":\"https:\/\/www.sef-italia.it\/index.php\/2017\/02\/06\/pensare-come-un-cavallo\/#primaryimage\"},\"thumbnailUrl\":\"https:\/\/www.sef-italia.it\/wp-content\/uploads\/2017\/02\/06022017.jpg\",\"articleSection\":[\"News\"],\"inLanguage\":\"it-IT\",\"potentialAction\":[{\"@type\":\"CommentAction\",\"name\":\"Comment\",\"target\":[\"https:\/\/www.sef-italia.it\/index.php\/2017\/02\/06\/pensare-come-un-cavallo\/#respond\"]}]},{\"@type\":\"WebPage\",\"@id\":\"https:\/\/www.sef-italia.it\/index.php\/2017\/02\/06\/pensare-come-un-cavallo\/\",\"url\":\"https:\/\/www.sef-italia.it\/index.php\/2017\/02\/06\/pensare-come-un-cavallo\/\",\"name\":\"Pensare come un cavallo - SEF Italia\",\"isPartOf\":{\"@id\":\"https:\/\/www.sef-italia.it\/#website\"},\"primaryImageOfPage\":{\"@id\":\"https:\/\/www.sef-italia.it\/index.php\/2017\/02\/06\/pensare-come-un-cavallo\/#primaryimage\"},\"image\":{\"@id\":\"https:\/\/www.sef-italia.it\/index.php\/2017\/02\/06\/pensare-come-un-cavallo\/#primaryimage\"},\"thumbnailUrl\":\"https:\/\/www.sef-italia.it\/wp-content\/uploads\/2017\/02\/06022017.jpg\",\"datePublished\":\"2017-02-06T14:10:27+00:00\",\"breadcrumb\":{\"@id\":\"https:\/\/www.sef-italia.it\/index.php\/2017\/02\/06\/pensare-come-un-cavallo\/#breadcrumb\"},\"inLanguage\":\"it-IT\",\"potentialAction\":[{\"@type\":\"ReadAction\",\"target\":[\"https:\/\/www.sef-italia.it\/index.php\/2017\/02\/06\/pensare-come-un-cavallo\/\"]}]},{\"@type\":\"ImageObject\",\"inLanguage\":\"it-IT\",\"@id\":\"https:\/\/www.sef-italia.it\/index.php\/2017\/02\/06\/pensare-come-un-cavallo\/#primaryimage\",\"url\":\"https:\/\/www.sef-italia.it\/wp-content\/uploads\/2017\/02\/06022017.jpg\",\"contentUrl\":\"https:\/\/www.sef-italia.it\/wp-content\/uploads\/2017\/02\/06022017.jpg\",\"width\":500,\"height\":750},{\"@type\":\"BreadcrumbList\",\"@id\":\"https:\/\/www.sef-italia.it\/index.php\/2017\/02\/06\/pensare-come-un-cavallo\/#breadcrumb\",\"itemListElement\":[{\"@type\":\"ListItem\",\"position\":1,\"name\":\"Home\",\"item\":\"https:\/\/www.sef-italia.it\/\"},{\"@type\":\"ListItem\",\"position\":2,\"name\":\"Pensare come un cavallo\"}]},{\"@type\":\"WebSite\",\"@id\":\"https:\/\/www.sef-italia.it\/#website\",\"url\":\"https:\/\/www.sef-italia.it\/\",\"name\":\"SEF Italia\",\"description\":\"Il nuovo sito SEF Italia\",\"publisher\":{\"@id\":\"https:\/\/www.sef-italia.it\/#organization\"},\"potentialAction\":[{\"@type\":\"SearchAction\",\"target\":{\"@type\":\"EntryPoint\",\"urlTemplate\":\"https:\/\/www.sef-italia.it\/?s={search_term_string}\"},\"query-input\":{\"@type\":\"PropertyValueSpecification\",\"valueRequired\":true,\"valueName\":\"search_term_string\"}}],\"inLanguage\":\"it-IT\"},{\"@type\":\"Organization\",\"@id\":\"https:\/\/www.sef-italia.it\/#organization\",\"name\":\"SEF Italia\",\"url\":\"https:\/\/www.sef-italia.it\/\",\"logo\":{\"@type\":\"ImageObject\",\"inLanguage\":\"it-IT\",\"@id\":\"https:\/\/www.sef-italia.it\/#\/schema\/logo\/image\/\",\"url\":\"https:\/\/www.sef-italia.it\/wp-content\/uploads\/2018\/01\/logoSEF_QUADRATO-.jpg\",\"contentUrl\":\"https:\/\/www.sef-italia.it\/wp-content\/uploads\/2018\/01\/logoSEF_QUADRATO-.jpg\",\"width\":600,\"height\":600,\"caption\":\"SEF Italia\"},\"image\":{\"@id\":\"https:\/\/www.sef-italia.it\/#\/schema\/logo\/image\/\"},\"sameAs\":[\"https:\/\/www.facebook.com\/scuolaequestrediformazione\/\",\"https:\/\/x.com\/sef_italia\",\"https:\/\/www.youtube.com\/channel\/UCcEMamL3elnrqfrtIT8sh7g?view_as=subscriber\"]},{\"@type\":\"Person\",\"@id\":\"https:\/\/www.sef-italia.it\/#\/schema\/person\/98bbf141ebc34928c1b6b3262203ee9e\",\"name\":\"Maria Teresa Bevilacqua\",\"image\":{\"@type\":\"ImageObject\",\"inLanguage\":\"it-IT\",\"@id\":\"https:\/\/www.sef-italia.it\/#\/schema\/person\/image\/\",\"url\":\"https:\/\/secure.gravatar.com\/avatar\/15e0000cbd79bf458c75ba2fc416b0c2?s=96&d=mm&r=g\",\"contentUrl\":\"https:\/\/secure.gravatar.com\/avatar\/15e0000cbd79bf458c75ba2fc416b0c2?s=96&d=mm&r=g\",\"caption\":\"Maria Teresa Bevilacqua\"},\"url\":\"https:\/\/www.sef-italia.it\/index.php\/author\/mariateresa\/\"}]}<\/script>\r\n<!-- \/ Yoast SEO plugin. -->","yoast_head_json":{"title":"Pensare come un cavallo - SEF Italia","robots":{"index":"index","follow":"follow","max-snippet":"max-snippet:-1","max-image-preview":"max-image-preview:large","max-video-preview":"max-video-preview:-1"},"canonical":"https:\/\/www.sef-italia.it\/index.php\/2017\/02\/06\/pensare-come-un-cavallo\/","og_locale":"it_IT","og_type":"article","og_title":"Pensare come un cavallo - SEF Italia","og_description":"Alcuni ricercatori svolgono studi per capire come funziona la mente del cavallo e quali sono i metodi che usa per imparare quello [&hellip;]","og_url":"https:\/\/www.sef-italia.it\/index.php\/2017\/02\/06\/pensare-come-un-cavallo\/","og_site_name":"SEF Italia","article_publisher":"https:\/\/www.facebook.com\/scuolaequestrediformazione\/","article_published_time":"2017-02-06T14:10:27+00:00","og_image":[{"width":500,"height":750,"url":"https:\/\/www.sef-italia.it\/wp-content\/uploads\/2017\/02\/06022017.jpg","type":"image\/jpeg"}],"author":"Maria Teresa Bevilacqua","twitter_card":"summary_large_image","twitter_creator":"@sef_italia","twitter_site":"@sef_italia","twitter_misc":{"Scritto da":"Maria Teresa Bevilacqua","Tempo di lettura stimato":"3 minuti"},"schema":{"@context":"https:\/\/schema.org","@graph":[{"@type":"Article","@id":"https:\/\/www.sef-italia.it\/index.php\/2017\/02\/06\/pensare-come-un-cavallo\/#article","isPartOf":{"@id":"https:\/\/www.sef-italia.it\/index.php\/2017\/02\/06\/pensare-come-un-cavallo\/"},"author":{"name":"Maria Teresa Bevilacqua","@id":"https:\/\/www.sef-italia.it\/#\/schema\/person\/98bbf141ebc34928c1b6b3262203ee9e"},"headline":"Pensare come un cavallo","datePublished":"2017-02-06T14:10:27+00:00","mainEntityOfPage":{"@id":"https:\/\/www.sef-italia.it\/index.php\/2017\/02\/06\/pensare-come-un-cavallo\/"},"wordCount":535,"commentCount":0,"publisher":{"@id":"https:\/\/www.sef-italia.it\/#organization"},"image":{"@id":"https:\/\/www.sef-italia.it\/index.php\/2017\/02\/06\/pensare-come-un-cavallo\/#primaryimage"},"thumbnailUrl":"https:\/\/www.sef-italia.it\/wp-content\/uploads\/2017\/02\/06022017.jpg","articleSection":["News"],"inLanguage":"it-IT","potentialAction":[{"@type":"CommentAction","name":"Comment","target":["https:\/\/www.sef-italia.it\/index.php\/2017\/02\/06\/pensare-come-un-cavallo\/#respond"]}]},{"@type":"WebPage","@id":"https:\/\/www.sef-italia.it\/index.php\/2017\/02\/06\/pensare-come-un-cavallo\/","url":"https:\/\/www.sef-italia.it\/index.php\/2017\/02\/06\/pensare-come-un-cavallo\/","name":"Pensare come un cavallo - SEF Italia","isPartOf":{"@id":"https:\/\/www.sef-italia.it\/#website"},"primaryImageOfPage":{"@id":"https:\/\/www.sef-italia.it\/index.php\/2017\/02\/06\/pensare-come-un-cavallo\/#primaryimage"},"image":{"@id":"https:\/\/www.sef-italia.it\/index.php\/2017\/02\/06\/pensare-come-un-cavallo\/#primaryimage"},"thumbnailUrl":"https:\/\/www.sef-italia.it\/wp-content\/uploads\/2017\/02\/06022017.jpg","datePublished":"2017-02-06T14:10:27+00:00","breadcrumb":{"@id":"https:\/\/www.sef-italia.it\/index.php\/2017\/02\/06\/pensare-come-un-cavallo\/#breadcrumb"},"inLanguage":"it-IT","potentialAction":[{"@type":"ReadAction","target":["https:\/\/www.sef-italia.it\/index.php\/2017\/02\/06\/pensare-come-un-cavallo\/"]}]},{"@type":"ImageObject","inLanguage":"it-IT","@id":"https:\/\/www.sef-italia.it\/index.php\/2017\/02\/06\/pensare-come-un-cavallo\/#primaryimage","url":"https:\/\/www.sef-italia.it\/wp-content\/uploads\/2017\/02\/06022017.jpg","contentUrl":"https:\/\/www.sef-italia.it\/wp-content\/uploads\/2017\/02\/06022017.jpg","width":500,"height":750},{"@type":"BreadcrumbList","@id":"https:\/\/www.sef-italia.it\/index.php\/2017\/02\/06\/pensare-come-un-cavallo\/#breadcrumb","itemListElement":[{"@type":"ListItem","position":1,"name":"Home","item":"https:\/\/www.sef-italia.it\/"},{"@type":"ListItem","position":2,"name":"Pensare come un cavallo"}]},{"@type":"WebSite","@id":"https:\/\/www.sef-italia.it\/#website","url":"https:\/\/www.sef-italia.it\/","name":"SEF Italia","description":"Il nuovo sito SEF Italia","publisher":{"@id":"https:\/\/www.sef-italia.it\/#organization"},"potentialAction":[{"@type":"SearchAction","target":{"@type":"EntryPoint","urlTemplate":"https:\/\/www.sef-italia.it\/?s={search_term_string}"},"query-input":{"@type":"PropertyValueSpecification","valueRequired":true,"valueName":"search_term_string"}}],"inLanguage":"it-IT"},{"@type":"Organization","@id":"https:\/\/www.sef-italia.it\/#organization","name":"SEF Italia","url":"https:\/\/www.sef-italia.it\/","logo":{"@type":"ImageObject","inLanguage":"it-IT","@id":"https:\/\/www.sef-italia.it\/#\/schema\/logo\/image\/","url":"https:\/\/www.sef-italia.it\/wp-content\/uploads\/2018\/01\/logoSEF_QUADRATO-.jpg","contentUrl":"https:\/\/www.sef-italia.it\/wp-content\/uploads\/2018\/01\/logoSEF_QUADRATO-.jpg","width":600,"height":600,"caption":"SEF Italia"},"image":{"@id":"https:\/\/www.sef-italia.it\/#\/schema\/logo\/image\/"},"sameAs":["https:\/\/www.facebook.com\/scuolaequestrediformazione\/","https:\/\/x.com\/sef_italia","https:\/\/www.youtube.com\/channel\/UCcEMamL3elnrqfrtIT8sh7g?view_as=subscriber"]},{"@type":"Person","@id":"https:\/\/www.sef-italia.it\/#\/schema\/person\/98bbf141ebc34928c1b6b3262203ee9e","name":"Maria Teresa Bevilacqua","image":{"@type":"ImageObject","inLanguage":"it-IT","@id":"https:\/\/www.sef-italia.it\/#\/schema\/person\/image\/","url":"https:\/\/secure.gravatar.com\/avatar\/15e0000cbd79bf458c75ba2fc416b0c2?s=96&d=mm&r=g","contentUrl":"https:\/\/secure.gravatar.com\/avatar\/15e0000cbd79bf458c75ba2fc416b0c2?s=96&d=mm&r=g","caption":"Maria Teresa Bevilacqua"},"url":"https:\/\/www.sef-italia.it\/index.php\/author\/mariateresa\/"}]}},"_links":{"self":[{"href":"https:\/\/www.sef-italia.it\/index.php\/wp-json\/wp\/v2\/posts\/6915"}],"collection":[{"href":"https:\/\/www.sef-italia.it\/index.php\/wp-json\/wp\/v2\/posts"}],"about":[{"href":"https:\/\/www.sef-italia.it\/index.php\/wp-json\/wp\/v2\/types\/post"}],"author":[{"embeddable":true,"href":"https:\/\/www.sef-italia.it\/index.php\/wp-json\/wp\/v2\/users\/83"}],"replies":[{"embeddable":true,"href":"https:\/\/www.sef-italia.it\/index.php\/wp-json\/wp\/v2\/comments?post=6915"}],"version-history":[{"count":1,"href":"https:\/\/www.sef-italia.it\/index.php\/wp-json\/wp\/v2\/posts\/6915\/revisions"}],"predecessor-version":[{"id":6917,"href":"https:\/\/www.sef-italia.it\/index.php\/wp-json\/wp\/v2\/posts\/6915\/revisions\/6917"}],"wp:featuredmedia":[{"embeddable":true,"href":"https:\/\/www.sef-italia.it\/index.php\/wp-json\/wp\/v2\/media\/6916"}],"wp:attachment":[{"href":"https:\/\/www.sef-italia.it\/index.php\/wp-json\/wp\/v2\/media?parent=6915"}],"wp:term":[{"taxonomy":"category","embeddable":true,"href":"https:\/\/www.sef-italia.it\/index.php\/wp-json\/wp\/v2\/categories?post=6915"},{"taxonomy":"post_tag","embeddable":true,"href":"https:\/\/www.sef-italia.it\/index.php\/wp-json\/wp\/v2\/tags?post=6915"}],"curies":[{"name":"wp","href":"https:\/\/api.w.org\/{rel}","templated":true}]}}