{"id":7269,"date":"2017-03-10T10:00:31","date_gmt":"2017-03-10T09:00:31","guid":{"rendered":"http:\/\/www.sef-italia.it\/?p=7269"},"modified":"2017-02-28T11:06:21","modified_gmt":"2017-02-28T10:06:21","slug":"conosciamo-il-calabrese","status":"publish","type":"post","link":"https:\/\/www.sef-italia.it\/index.php\/2017\/03\/10\/conosciamo-il-calabrese\/","title":{"rendered":"Conosciamo il Calabrese"},"content":{"rendered":"<p>Antica razza originaria della Calabria, derivata da un gruppo di cavalli arabi importati dal Nord Africa.<br \/>\nDurante il periodo borbonico \u00e8 stato incrociato con l&#8217;Andaluso che gli ha conferito eleganza nei movimenti. In tempi pi\u00f9 recenti ha subito l&#8217;influenza del Purosangue Inglese che ha prodotto l&#8217;incremento della taglia e del Salernitano.<br \/>\nPer non disperdere i caratteri originari si ricorre, ogni tanto, al rinsanguamento con cavalli orientali.<br \/>\nIl Calabrese \u00e8 un cavallo frugale e resistente, dal temperamento vivace e docile, facile da addestrare. Ottimo per la sella e adatto al turismo equestre.<br \/>\nInoltre, \u00e8 molto indicato per il salto; forte, resistente e veloce, dotato di grande equilibrio.<\/p>\n<p>Il mantello pu\u00f2 essere baio, baio scuro, morello, grigio o sauro. L&#8217;altezza varia dai\u00a01,60 ai 1,65 cm, mentre il peso va dai\u00a0450 ai 500 kg.<\/p>\n<p>Il garrese di questa razza \u00e8 elevato, la coda \u00e8 bassa, il torace \u00e8 ampio e i tendini sono resistenti.<\/p>\n<p><img loading=\"lazy\" decoding=\"async\" class=\"alignnone size-medium wp-image-7270\" src=\"http:\/\/www.sef-italia.it\/wp-content\/uploads\/2017\/02\/Calabrese-200x300.jpg\" alt=\"\" width=\"200\" height=\"300\" srcset=\"https:\/\/www.sef-italia.it\/wp-content\/uploads\/2017\/02\/Calabrese-200x300.jpg 200w, https:\/\/www.sef-italia.it\/wp-content\/uploads\/2017\/02\/Calabrese.jpg 267w, https:\/\/www.sef-italia.it\/wp-content\/uploads\/2017\/02\/Calabrese-230x345.jpg 230w\" sizes=\"(max-width: 200px) 100vw, 200px\" \/><\/p>\n","protected":false},"excerpt":{"rendered":"<p>Antica razza originaria della Calabria, derivata da un gruppo di cavalli arabi importati dal Nord Africa. Durante il periodo borbonico \u00e8 stato [&hellip;]<\/p>\n","protected":false},"author":83,"featured_media":7270,"comment_status":"open","ping_status":"open","sticky":false,"template":"","format":"standard","meta":{"footnotes":""},"categories":[1,15],"tags":[],"yoast_head":"<!-- This site is optimized with the Yoast SEO plugin v24.5 - https:\/\/yoast.com\/wordpress\/plugins\/seo\/ -->\r\n<title>Conosciamo il Calabrese - SEF Italia<\/title>\r\n<meta name=\"robots\" content=\"index, follow, max-snippet:-1, max-image-preview:large, max-video-preview:-1\" \/>\r\n<link rel=\"canonical\" href=\"https:\/\/www.sef-italia.it\/index.php\/2017\/03\/10\/conosciamo-il-calabrese\/\" \/>\r\n<meta property=\"og:locale\" content=\"it_IT\" \/>\r\n<meta property=\"og:type\" content=\"article\" \/>\r\n<meta property=\"og:title\" content=\"Conosciamo il Calabrese - SEF Italia\" \/>\r\n<meta property=\"og:description\" content=\"Antica razza originaria della Calabria, derivata da un gruppo di cavalli arabi importati dal Nord Africa. Durante il periodo borbonico \u00e8 stato [&hellip;]\" \/>\r\n<meta property=\"og:url\" content=\"https:\/\/www.sef-italia.it\/index.php\/2017\/03\/10\/conosciamo-il-calabrese\/\" \/>\r\n<meta property=\"og:site_name\" content=\"SEF Italia\" \/>\r\n<meta property=\"article:publisher\" content=\"https:\/\/www.facebook.com\/scuolaequestrediformazione\/\" \/>\r\n<meta property=\"article:published_time\" content=\"2017-03-10T09:00:31+00:00\" \/>\r\n<meta property=\"og:image\" content=\"https:\/\/www.sef-italia.it\/wp-content\/uploads\/2017\/02\/Calabrese.jpg\" \/>\r\n\t<meta property=\"og:image:width\" content=\"267\" \/>\r\n\t<meta property=\"og:image:height\" content=\"400\" \/>\r\n\t<meta property=\"og:image:type\" content=\"image\/jpeg\" \/>\r\n<meta name=\"author\" content=\"Maria Teresa Bevilacqua\" \/>\r\n<meta name=\"twitter:card\" content=\"summary_large_image\" \/>\r\n<meta name=\"twitter:creator\" content=\"@sef_italia\" \/>\r\n<meta name=\"twitter:site\" content=\"@sef_italia\" \/>\r\n<meta name=\"twitter:label1\" content=\"Scritto da\" \/>\n\t<meta name=\"twitter:data1\" content=\"Maria Teresa Bevilacqua\" \/>\n\t<meta name=\"twitter:label2\" content=\"Tempo di lettura stimato\" \/>\n\t<meta name=\"twitter:data2\" content=\"1 minuto\" \/>\r\n<script type=\"application\/ld+json\" class=\"yoast-schema-graph\">{\"@context\":\"https:\/\/schema.org\",\"@graph\":[{\"@type\":\"Article\",\"@id\":\"https:\/\/www.sef-italia.it\/index.php\/2017\/03\/10\/conosciamo-il-calabrese\/#article\",\"isPartOf\":{\"@id\":\"https:\/\/www.sef-italia.it\/index.php\/2017\/03\/10\/conosciamo-il-calabrese\/\"},\"author\":{\"name\":\"Maria Teresa Bevilacqua\",\"@id\":\"https:\/\/www.sef-italia.it\/#\/schema\/person\/98bbf141ebc34928c1b6b3262203ee9e\"},\"headline\":\"Conosciamo il Calabrese\",\"datePublished\":\"2017-03-10T09:00:31+00:00\",\"mainEntityOfPage\":{\"@id\":\"https:\/\/www.sef-italia.it\/index.php\/2017\/03\/10\/conosciamo-il-calabrese\/\"},\"wordCount\":150,\"commentCount\":0,\"publisher\":{\"@id\":\"https:\/\/www.sef-italia.it\/#organization\"},\"image\":{\"@id\":\"https:\/\/www.sef-italia.it\/index.php\/2017\/03\/10\/conosciamo-il-calabrese\/#primaryimage\"},\"thumbnailUrl\":\"https:\/\/www.sef-italia.it\/wp-content\/uploads\/2017\/02\/Calabrese.jpg\",\"articleSection\":[\"News\",\"Razze\"],\"inLanguage\":\"it-IT\",\"potentialAction\":[{\"@type\":\"CommentAction\",\"name\":\"Comment\",\"target\":[\"https:\/\/www.sef-italia.it\/index.php\/2017\/03\/10\/conosciamo-il-calabrese\/#respond\"]}]},{\"@type\":\"WebPage\",\"@id\":\"https:\/\/www.sef-italia.it\/index.php\/2017\/03\/10\/conosciamo-il-calabrese\/\",\"url\":\"https:\/\/www.sef-italia.it\/index.php\/2017\/03\/10\/conosciamo-il-calabrese\/\",\"name\":\"Conosciamo il Calabrese - SEF Italia\",\"isPartOf\":{\"@id\":\"https:\/\/www.sef-italia.it\/#website\"},\"primaryImageOfPage\":{\"@id\":\"https:\/\/www.sef-italia.it\/index.php\/2017\/03\/10\/conosciamo-il-calabrese\/#primaryimage\"},\"image\":{\"@id\":\"https:\/\/www.sef-italia.it\/index.php\/2017\/03\/10\/conosciamo-il-calabrese\/#primaryimage\"},\"thumbnailUrl\":\"https:\/\/www.sef-italia.it\/wp-content\/uploads\/2017\/02\/Calabrese.jpg\",\"datePublished\":\"2017-03-10T09:00:31+00:00\",\"breadcrumb\":{\"@id\":\"https:\/\/www.sef-italia.it\/index.php\/2017\/03\/10\/conosciamo-il-calabrese\/#breadcrumb\"},\"inLanguage\":\"it-IT\",\"potentialAction\":[{\"@type\":\"ReadAction\",\"target\":[\"https:\/\/www.sef-italia.it\/index.php\/2017\/03\/10\/conosciamo-il-calabrese\/\"]}]},{\"@type\":\"ImageObject\",\"inLanguage\":\"it-IT\",\"@id\":\"https:\/\/www.sef-italia.it\/index.php\/2017\/03\/10\/conosciamo-il-calabrese\/#primaryimage\",\"url\":\"https:\/\/www.sef-italia.it\/wp-content\/uploads\/2017\/02\/Calabrese.jpg\",\"contentUrl\":\"https:\/\/www.sef-italia.it\/wp-content\/uploads\/2017\/02\/Calabrese.jpg\",\"width\":267,\"height\":400},{\"@type\":\"BreadcrumbList\",\"@id\":\"https:\/\/www.sef-italia.it\/index.php\/2017\/03\/10\/conosciamo-il-calabrese\/#breadcrumb\",\"itemListElement\":[{\"@type\":\"ListItem\",\"position\":1,\"name\":\"Home\",\"item\":\"https:\/\/www.sef-italia.it\/\"},{\"@type\":\"ListItem\",\"position\":2,\"name\":\"Conosciamo il Calabrese\"}]},{\"@type\":\"WebSite\",\"@id\":\"https:\/\/www.sef-italia.it\/#website\",\"url\":\"https:\/\/www.sef-italia.it\/\",\"name\":\"SEF Italia\",\"description\":\"Il nuovo sito SEF Italia\",\"publisher\":{\"@id\":\"https:\/\/www.sef-italia.it\/#organization\"},\"potentialAction\":[{\"@type\":\"SearchAction\",\"target\":{\"@type\":\"EntryPoint\",\"urlTemplate\":\"https:\/\/www.sef-italia.it\/?s={search_term_string}\"},\"query-input\":{\"@type\":\"PropertyValueSpecification\",\"valueRequired\":true,\"valueName\":\"search_term_string\"}}],\"inLanguage\":\"it-IT\"},{\"@type\":\"Organization\",\"@id\":\"https:\/\/www.sef-italia.it\/#organization\",\"name\":\"SEF Italia\",\"url\":\"https:\/\/www.sef-italia.it\/\",\"logo\":{\"@type\":\"ImageObject\",\"inLanguage\":\"it-IT\",\"@id\":\"https:\/\/www.sef-italia.it\/#\/schema\/logo\/image\/\",\"url\":\"https:\/\/www.sef-italia.it\/wp-content\/uploads\/2018\/01\/logoSEF_QUADRATO-.jpg\",\"contentUrl\":\"https:\/\/www.sef-italia.it\/wp-content\/uploads\/2018\/01\/logoSEF_QUADRATO-.jpg\",\"width\":600,\"height\":600,\"caption\":\"SEF Italia\"},\"image\":{\"@id\":\"https:\/\/www.sef-italia.it\/#\/schema\/logo\/image\/\"},\"sameAs\":[\"https:\/\/www.facebook.com\/scuolaequestrediformazione\/\",\"https:\/\/x.com\/sef_italia\",\"https:\/\/www.youtube.com\/channel\/UCcEMamL3elnrqfrtIT8sh7g?view_as=subscriber\"]},{\"@type\":\"Person\",\"@id\":\"https:\/\/www.sef-italia.it\/#\/schema\/person\/98bbf141ebc34928c1b6b3262203ee9e\",\"name\":\"Maria Teresa Bevilacqua\",\"image\":{\"@type\":\"ImageObject\",\"inLanguage\":\"it-IT\",\"@id\":\"https:\/\/www.sef-italia.it\/#\/schema\/person\/image\/\",\"url\":\"https:\/\/secure.gravatar.com\/avatar\/15e0000cbd79bf458c75ba2fc416b0c2?s=96&d=mm&r=g\",\"contentUrl\":\"https:\/\/secure.gravatar.com\/avatar\/15e0000cbd79bf458c75ba2fc416b0c2?s=96&d=mm&r=g\",\"caption\":\"Maria Teresa Bevilacqua\"},\"url\":\"https:\/\/www.sef-italia.it\/index.php\/author\/mariateresa\/\"}]}<\/script>\r\n<!-- \/ Yoast SEO plugin. -->","yoast_head_json":{"title":"Conosciamo il Calabrese - SEF Italia","robots":{"index":"index","follow":"follow","max-snippet":"max-snippet:-1","max-image-preview":"max-image-preview:large","max-video-preview":"max-video-preview:-1"},"canonical":"https:\/\/www.sef-italia.it\/index.php\/2017\/03\/10\/conosciamo-il-calabrese\/","og_locale":"it_IT","og_type":"article","og_title":"Conosciamo il Calabrese - SEF Italia","og_description":"Antica razza originaria della Calabria, derivata da un gruppo di cavalli arabi importati dal Nord Africa. Durante il periodo borbonico \u00e8 stato [&hellip;]","og_url":"https:\/\/www.sef-italia.it\/index.php\/2017\/03\/10\/conosciamo-il-calabrese\/","og_site_name":"SEF Italia","article_publisher":"https:\/\/www.facebook.com\/scuolaequestrediformazione\/","article_published_time":"2017-03-10T09:00:31+00:00","og_image":[{"width":267,"height":400,"url":"https:\/\/www.sef-italia.it\/wp-content\/uploads\/2017\/02\/Calabrese.jpg","type":"image\/jpeg"}],"author":"Maria Teresa Bevilacqua","twitter_card":"summary_large_image","twitter_creator":"@sef_italia","twitter_site":"@sef_italia","twitter_misc":{"Scritto da":"Maria Teresa Bevilacqua","Tempo di lettura stimato":"1 minuto"},"schema":{"@context":"https:\/\/schema.org","@graph":[{"@type":"Article","@id":"https:\/\/www.sef-italia.it\/index.php\/2017\/03\/10\/conosciamo-il-calabrese\/#article","isPartOf":{"@id":"https:\/\/www.sef-italia.it\/index.php\/2017\/03\/10\/conosciamo-il-calabrese\/"},"author":{"name":"Maria Teresa Bevilacqua","@id":"https:\/\/www.sef-italia.it\/#\/schema\/person\/98bbf141ebc34928c1b6b3262203ee9e"},"headline":"Conosciamo il Calabrese","datePublished":"2017-03-10T09:00:31+00:00","mainEntityOfPage":{"@id":"https:\/\/www.sef-italia.it\/index.php\/2017\/03\/10\/conosciamo-il-calabrese\/"},"wordCount":150,"commentCount":0,"publisher":{"@id":"https:\/\/www.sef-italia.it\/#organization"},"image":{"@id":"https:\/\/www.sef-italia.it\/index.php\/2017\/03\/10\/conosciamo-il-calabrese\/#primaryimage"},"thumbnailUrl":"https:\/\/www.sef-italia.it\/wp-content\/uploads\/2017\/02\/Calabrese.jpg","articleSection":["News","Razze"],"inLanguage":"it-IT","potentialAction":[{"@type":"CommentAction","name":"Comment","target":["https:\/\/www.sef-italia.it\/index.php\/2017\/03\/10\/conosciamo-il-calabrese\/#respond"]}]},{"@type":"WebPage","@id":"https:\/\/www.sef-italia.it\/index.php\/2017\/03\/10\/conosciamo-il-calabrese\/","url":"https:\/\/www.sef-italia.it\/index.php\/2017\/03\/10\/conosciamo-il-calabrese\/","name":"Conosciamo il Calabrese - SEF Italia","isPartOf":{"@id":"https:\/\/www.sef-italia.it\/#website"},"primaryImageOfPage":{"@id":"https:\/\/www.sef-italia.it\/index.php\/2017\/03\/10\/conosciamo-il-calabrese\/#primaryimage"},"image":{"@id":"https:\/\/www.sef-italia.it\/index.php\/2017\/03\/10\/conosciamo-il-calabrese\/#primaryimage"},"thumbnailUrl":"https:\/\/www.sef-italia.it\/wp-content\/uploads\/2017\/02\/Calabrese.jpg","datePublished":"2017-03-10T09:00:31+00:00","breadcrumb":{"@id":"https:\/\/www.sef-italia.it\/index.php\/2017\/03\/10\/conosciamo-il-calabrese\/#breadcrumb"},"inLanguage":"it-IT","potentialAction":[{"@type":"ReadAction","target":["https:\/\/www.sef-italia.it\/index.php\/2017\/03\/10\/conosciamo-il-calabrese\/"]}]},{"@type":"ImageObject","inLanguage":"it-IT","@id":"https:\/\/www.sef-italia.it\/index.php\/2017\/03\/10\/conosciamo-il-calabrese\/#primaryimage","url":"https:\/\/www.sef-italia.it\/wp-content\/uploads\/2017\/02\/Calabrese.jpg","contentUrl":"https:\/\/www.sef-italia.it\/wp-content\/uploads\/2017\/02\/Calabrese.jpg","width":267,"height":400},{"@type":"BreadcrumbList","@id":"https:\/\/www.sef-italia.it\/index.php\/2017\/03\/10\/conosciamo-il-calabrese\/#breadcrumb","itemListElement":[{"@type":"ListItem","position":1,"name":"Home","item":"https:\/\/www.sef-italia.it\/"},{"@type":"ListItem","position":2,"name":"Conosciamo il Calabrese"}]},{"@type":"WebSite","@id":"https:\/\/www.sef-italia.it\/#website","url":"https:\/\/www.sef-italia.it\/","name":"SEF Italia","description":"Il nuovo sito SEF Italia","publisher":{"@id":"https:\/\/www.sef-italia.it\/#organization"},"potentialAction":[{"@type":"SearchAction","target":{"@type":"EntryPoint","urlTemplate":"https:\/\/www.sef-italia.it\/?s={search_term_string}"},"query-input":{"@type":"PropertyValueSpecification","valueRequired":true,"valueName":"search_term_string"}}],"inLanguage":"it-IT"},{"@type":"Organization","@id":"https:\/\/www.sef-italia.it\/#organization","name":"SEF Italia","url":"https:\/\/www.sef-italia.it\/","logo":{"@type":"ImageObject","inLanguage":"it-IT","@id":"https:\/\/www.sef-italia.it\/#\/schema\/logo\/image\/","url":"https:\/\/www.sef-italia.it\/wp-content\/uploads\/2018\/01\/logoSEF_QUADRATO-.jpg","contentUrl":"https:\/\/www.sef-italia.it\/wp-content\/uploads\/2018\/01\/logoSEF_QUADRATO-.jpg","width":600,"height":600,"caption":"SEF Italia"},"image":{"@id":"https:\/\/www.sef-italia.it\/#\/schema\/logo\/image\/"},"sameAs":["https:\/\/www.facebook.com\/scuolaequestrediformazione\/","https:\/\/x.com\/sef_italia","https:\/\/www.youtube.com\/channel\/UCcEMamL3elnrqfrtIT8sh7g?view_as=subscriber"]},{"@type":"Person","@id":"https:\/\/www.sef-italia.it\/#\/schema\/person\/98bbf141ebc34928c1b6b3262203ee9e","name":"Maria Teresa Bevilacqua","image":{"@type":"ImageObject","inLanguage":"it-IT","@id":"https:\/\/www.sef-italia.it\/#\/schema\/person\/image\/","url":"https:\/\/secure.gravatar.com\/avatar\/15e0000cbd79bf458c75ba2fc416b0c2?s=96&d=mm&r=g","contentUrl":"https:\/\/secure.gravatar.com\/avatar\/15e0000cbd79bf458c75ba2fc416b0c2?s=96&d=mm&r=g","caption":"Maria Teresa Bevilacqua"},"url":"https:\/\/www.sef-italia.it\/index.php\/author\/mariateresa\/"}]}},"_links":{"self":[{"href":"https:\/\/www.sef-italia.it\/index.php\/wp-json\/wp\/v2\/posts\/7269"}],"collection":[{"href":"https:\/\/www.sef-italia.it\/index.php\/wp-json\/wp\/v2\/posts"}],"about":[{"href":"https:\/\/www.sef-italia.it\/index.php\/wp-json\/wp\/v2\/types\/post"}],"author":[{"embeddable":true,"href":"https:\/\/www.sef-italia.it\/index.php\/wp-json\/wp\/v2\/users\/83"}],"replies":[{"embeddable":true,"href":"https:\/\/www.sef-italia.it\/index.php\/wp-json\/wp\/v2\/comments?post=7269"}],"version-history":[{"count":3,"href":"https:\/\/www.sef-italia.it\/index.php\/wp-json\/wp\/v2\/posts\/7269\/revisions"}],"predecessor-version":[{"id":7273,"href":"https:\/\/www.sef-italia.it\/index.php\/wp-json\/wp\/v2\/posts\/7269\/revisions\/7273"}],"wp:featuredmedia":[{"embeddable":true,"href":"https:\/\/www.sef-italia.it\/index.php\/wp-json\/wp\/v2\/media\/7270"}],"wp:attachment":[{"href":"https:\/\/www.sef-italia.it\/index.php\/wp-json\/wp\/v2\/media?parent=7269"}],"wp:term":[{"taxonomy":"category","embeddable":true,"href":"https:\/\/www.sef-italia.it\/index.php\/wp-json\/wp\/v2\/categories?post=7269"},{"taxonomy":"post_tag","embeddable":true,"href":"https:\/\/www.sef-italia.it\/index.php\/wp-json\/wp\/v2\/tags?post=7269"}],"curies":[{"name":"wp","href":"https:\/\/api.w.org\/{rel}","templated":true}]}}