{"id":8863,"date":"2017-07-13T17:00:06","date_gmt":"2017-07-13T15:00:06","guid":{"rendered":"http:\/\/www.sef-italia.it\/?p=8863"},"modified":"2017-07-13T17:00:06","modified_gmt":"2017-07-13T15:00:06","slug":"i-pony-cavalli-piccoli-ma-dal-cuore-grande","status":"publish","type":"post","link":"https:\/\/www.sef-italia.it\/index.php\/2017\/07\/13\/i-pony-cavalli-piccoli-ma-dal-cuore-grande\/","title":{"rendered":"I PONY: cavalli piccoli ma dal cuore grande"},"content":{"rendered":"<p>I pony sono cavalli con un\u2019ottima resistenza fisica e sono rappresentati da un numero notevole di razze, alcune ormai rarissime. Ottimi cavallini per i lavori agricoli, tutti per\u00f2 entro i 142 cm di altezza al garrese, oppure ai 148 quando ci riferisce ai &#8220;doppi pony&#8221;.<\/p>\n<p><strong>LA GRANDE VERSATILITA&#8217; DEI PONY<\/strong><\/p>\n<p>Oggi il pony ha valenze diverse a seconda dei contesti: nei paesi a economia avanzata \u00e8 ormai diventato un cavallo da tempo libero e addirittura un animale da giardino. I giovani utilizzano i pony come monta sportiva per avvicinarsi all\u2019equitazione in et\u00e0 sempre pi\u00f9 verde e, in effetti, un corretto utilizzo di questi cavalli nell\u2019istruzione dei cavalieri pu\u00f2 essere assai efficace. In paesi a economia prevalentemente rurale, il pony rappresenta invece ancora un aiuto per i lavori agricoli o per il trasporto delle merci; si pensi, per esempio, alle molte isole degli arcipelaghi indonesiano e malese, oppure alle steppe mongole dove molte popolazioni nomadi si spostano a cavallo di rustici pony che trainano anche i loro pesanti carri.<\/p>\n<p class=\"p2\">I pony moderni tendono sempre pi\u00f9 ad avere l\u2019aspetto dei piccoli cavalli; c\u2019\u00e8, in generale, un ingentilimento delle forme: il blocco testa-incollatura \u00e8 pi\u00f9 proporzionato, il tronco meno pesante e tozzo, le gambe snellite e allungate. Anche le andature sono caratterizzate da maggiore agilit\u00e0 e velocit\u00e0. Ci\u00f2 avviene a scapito della resistenza, della frugalit\u00e0, della rusticit\u00e0 e della forza delle razze pi\u00f9 antiche, dove predomina ancora il tipo antico \u00e8 un pony da lavoro, ottimo in miniera e nei campi, imbattibile in montagna sui terreni molto aspri, e all\u2019occasione diventa anche monta rustica; mentre il tipo moderno \u00e8 un pony prevalentemente da sella e da calesse, che, spesso e volentieri, sa anche diventare ottima monta sportiva per giovani cavalieri.<\/p>\n<p class=\"p2\"><img loading=\"lazy\" decoding=\"async\" class=\"alignnone size-full wp-image-8865\" src=\"http:\/\/www.sef-italia.it\/wp-content\/uploads\/2017\/07\/shutterstock_146544482-680x400.jpg\" alt=\"\" width=\"680\" height=\"400\" srcset=\"https:\/\/www.sef-italia.it\/wp-content\/uploads\/2017\/07\/shutterstock_146544482-680x400.jpg 680w, https:\/\/www.sef-italia.it\/wp-content\/uploads\/2017\/07\/shutterstock_146544482-680x400-300x176.jpg 300w, https:\/\/www.sef-italia.it\/wp-content\/uploads\/2017\/07\/shutterstock_146544482-680x400-148x87.jpg 148w, https:\/\/www.sef-italia.it\/wp-content\/uploads\/2017\/07\/shutterstock_146544482-680x400-31x18.jpg 31w, https:\/\/www.sef-italia.it\/wp-content\/uploads\/2017\/07\/shutterstock_146544482-680x400-38x22.jpg 38w, https:\/\/www.sef-italia.it\/wp-content\/uploads\/2017\/07\/shutterstock_146544482-680x400-366x215.jpg 366w, https:\/\/www.sef-italia.it\/wp-content\/uploads\/2017\/07\/shutterstock_146544482-680x400-230x135.jpg 230w, https:\/\/www.sef-italia.it\/wp-content\/uploads\/2017\/07\/shutterstock_146544482-680x400-350x206.jpg 350w, https:\/\/www.sef-italia.it\/wp-content\/uploads\/2017\/07\/shutterstock_146544482-680x400-480x282.jpg 480w\" sizes=\"(max-width: 680px) 100vw, 680px\" \/><\/p>\n","protected":false},"excerpt":{"rendered":"<p>I pony sono cavalli con un\u2019ottima resistenza fisica e sono rappresentati da un numero notevole di razze, alcune ormai rarissime. Ottimi cavallini [&hellip;]<\/p>\n","protected":false},"author":83,"featured_media":8865,"comment_status":"open","ping_status":"open","sticky":false,"template":"","format":"standard","meta":{"footnotes":""},"categories":[1],"tags":[],"yoast_head":"<!-- This site is optimized with the Yoast SEO plugin v24.5 - https:\/\/yoast.com\/wordpress\/plugins\/seo\/ -->\r\n<title>I PONY: cavalli piccoli ma dal cuore grande - SEF Italia<\/title>\r\n<meta name=\"robots\" content=\"index, follow, max-snippet:-1, max-image-preview:large, max-video-preview:-1\" \/>\r\n<link rel=\"canonical\" href=\"https:\/\/www.sef-italia.it\/index.php\/2017\/07\/13\/i-pony-cavalli-piccoli-ma-dal-cuore-grande\/\" \/>\r\n<meta property=\"og:locale\" content=\"it_IT\" \/>\r\n<meta property=\"og:type\" content=\"article\" \/>\r\n<meta property=\"og:title\" content=\"I PONY: cavalli piccoli ma dal cuore grande - SEF Italia\" \/>\r\n<meta property=\"og:description\" content=\"I pony sono cavalli con un\u2019ottima resistenza fisica e sono rappresentati da un numero notevole di razze, alcune ormai rarissime. Ottimi cavallini [&hellip;]\" \/>\r\n<meta property=\"og:url\" content=\"https:\/\/www.sef-italia.it\/index.php\/2017\/07\/13\/i-pony-cavalli-piccoli-ma-dal-cuore-grande\/\" \/>\r\n<meta property=\"og:site_name\" content=\"SEF Italia\" \/>\r\n<meta property=\"article:publisher\" content=\"https:\/\/www.facebook.com\/scuolaequestrediformazione\/\" \/>\r\n<meta property=\"article:published_time\" content=\"2017-07-13T15:00:06+00:00\" \/>\r\n<meta property=\"og:image\" content=\"https:\/\/www.sef-italia.it\/wp-content\/uploads\/2017\/07\/shutterstock_146544482-680x400.jpg\" \/>\r\n\t<meta property=\"og:image:width\" content=\"680\" \/>\r\n\t<meta property=\"og:image:height\" content=\"400\" \/>\r\n\t<meta property=\"og:image:type\" content=\"image\/jpeg\" \/>\r\n<meta name=\"author\" content=\"Maria Teresa Bevilacqua\" \/>\r\n<meta name=\"twitter:card\" content=\"summary_large_image\" \/>\r\n<meta name=\"twitter:creator\" content=\"@sef_italia\" \/>\r\n<meta name=\"twitter:site\" content=\"@sef_italia\" \/>\r\n<meta name=\"twitter:label1\" content=\"Scritto da\" \/>\n\t<meta name=\"twitter:data1\" content=\"Maria Teresa Bevilacqua\" \/>\n\t<meta name=\"twitter:label2\" content=\"Tempo di lettura stimato\" \/>\n\t<meta name=\"twitter:data2\" content=\"1 minuto\" \/>\r\n<script type=\"application\/ld+json\" class=\"yoast-schema-graph\">{\"@context\":\"https:\/\/schema.org\",\"@graph\":[{\"@type\":\"Article\",\"@id\":\"https:\/\/www.sef-italia.it\/index.php\/2017\/07\/13\/i-pony-cavalli-piccoli-ma-dal-cuore-grande\/#article\",\"isPartOf\":{\"@id\":\"https:\/\/www.sef-italia.it\/index.php\/2017\/07\/13\/i-pony-cavalli-piccoli-ma-dal-cuore-grande\/\"},\"author\":{\"name\":\"Maria Teresa Bevilacqua\",\"@id\":\"https:\/\/www.sef-italia.it\/#\/schema\/person\/98bbf141ebc34928c1b6b3262203ee9e\"},\"headline\":\"I PONY: cavalli piccoli ma dal cuore grande\",\"datePublished\":\"2017-07-13T15:00:06+00:00\",\"mainEntityOfPage\":{\"@id\":\"https:\/\/www.sef-italia.it\/index.php\/2017\/07\/13\/i-pony-cavalli-piccoli-ma-dal-cuore-grande\/\"},\"wordCount\":294,\"commentCount\":0,\"publisher\":{\"@id\":\"https:\/\/www.sef-italia.it\/#organization\"},\"image\":{\"@id\":\"https:\/\/www.sef-italia.it\/index.php\/2017\/07\/13\/i-pony-cavalli-piccoli-ma-dal-cuore-grande\/#primaryimage\"},\"thumbnailUrl\":\"https:\/\/www.sef-italia.it\/wp-content\/uploads\/2017\/07\/shutterstock_146544482-680x400.jpg\",\"articleSection\":[\"News\"],\"inLanguage\":\"it-IT\",\"potentialAction\":[{\"@type\":\"CommentAction\",\"name\":\"Comment\",\"target\":[\"https:\/\/www.sef-italia.it\/index.php\/2017\/07\/13\/i-pony-cavalli-piccoli-ma-dal-cuore-grande\/#respond\"]}]},{\"@type\":\"WebPage\",\"@id\":\"https:\/\/www.sef-italia.it\/index.php\/2017\/07\/13\/i-pony-cavalli-piccoli-ma-dal-cuore-grande\/\",\"url\":\"https:\/\/www.sef-italia.it\/index.php\/2017\/07\/13\/i-pony-cavalli-piccoli-ma-dal-cuore-grande\/\",\"name\":\"I PONY: cavalli piccoli ma dal cuore grande - SEF Italia\",\"isPartOf\":{\"@id\":\"https:\/\/www.sef-italia.it\/#website\"},\"primaryImageOfPage\":{\"@id\":\"https:\/\/www.sef-italia.it\/index.php\/2017\/07\/13\/i-pony-cavalli-piccoli-ma-dal-cuore-grande\/#primaryimage\"},\"image\":{\"@id\":\"https:\/\/www.sef-italia.it\/index.php\/2017\/07\/13\/i-pony-cavalli-piccoli-ma-dal-cuore-grande\/#primaryimage\"},\"thumbnailUrl\":\"https:\/\/www.sef-italia.it\/wp-content\/uploads\/2017\/07\/shutterstock_146544482-680x400.jpg\",\"datePublished\":\"2017-07-13T15:00:06+00:00\",\"breadcrumb\":{\"@id\":\"https:\/\/www.sef-italia.it\/index.php\/2017\/07\/13\/i-pony-cavalli-piccoli-ma-dal-cuore-grande\/#breadcrumb\"},\"inLanguage\":\"it-IT\",\"potentialAction\":[{\"@type\":\"ReadAction\",\"target\":[\"https:\/\/www.sef-italia.it\/index.php\/2017\/07\/13\/i-pony-cavalli-piccoli-ma-dal-cuore-grande\/\"]}]},{\"@type\":\"ImageObject\",\"inLanguage\":\"it-IT\",\"@id\":\"https:\/\/www.sef-italia.it\/index.php\/2017\/07\/13\/i-pony-cavalli-piccoli-ma-dal-cuore-grande\/#primaryimage\",\"url\":\"https:\/\/www.sef-italia.it\/wp-content\/uploads\/2017\/07\/shutterstock_146544482-680x400.jpg\",\"contentUrl\":\"https:\/\/www.sef-italia.it\/wp-content\/uploads\/2017\/07\/shutterstock_146544482-680x400.jpg\",\"width\":680,\"height\":400},{\"@type\":\"BreadcrumbList\",\"@id\":\"https:\/\/www.sef-italia.it\/index.php\/2017\/07\/13\/i-pony-cavalli-piccoli-ma-dal-cuore-grande\/#breadcrumb\",\"itemListElement\":[{\"@type\":\"ListItem\",\"position\":1,\"name\":\"Home\",\"item\":\"https:\/\/www.sef-italia.it\/\"},{\"@type\":\"ListItem\",\"position\":2,\"name\":\"I PONY: cavalli piccoli ma dal cuore grande\"}]},{\"@type\":\"WebSite\",\"@id\":\"https:\/\/www.sef-italia.it\/#website\",\"url\":\"https:\/\/www.sef-italia.it\/\",\"name\":\"SEF Italia\",\"description\":\"Il nuovo sito SEF Italia\",\"publisher\":{\"@id\":\"https:\/\/www.sef-italia.it\/#organization\"},\"potentialAction\":[{\"@type\":\"SearchAction\",\"target\":{\"@type\":\"EntryPoint\",\"urlTemplate\":\"https:\/\/www.sef-italia.it\/?s={search_term_string}\"},\"query-input\":{\"@type\":\"PropertyValueSpecification\",\"valueRequired\":true,\"valueName\":\"search_term_string\"}}],\"inLanguage\":\"it-IT\"},{\"@type\":\"Organization\",\"@id\":\"https:\/\/www.sef-italia.it\/#organization\",\"name\":\"SEF Italia\",\"url\":\"https:\/\/www.sef-italia.it\/\",\"logo\":{\"@type\":\"ImageObject\",\"inLanguage\":\"it-IT\",\"@id\":\"https:\/\/www.sef-italia.it\/#\/schema\/logo\/image\/\",\"url\":\"https:\/\/www.sef-italia.it\/wp-content\/uploads\/2018\/01\/logoSEF_QUADRATO-.jpg\",\"contentUrl\":\"https:\/\/www.sef-italia.it\/wp-content\/uploads\/2018\/01\/logoSEF_QUADRATO-.jpg\",\"width\":600,\"height\":600,\"caption\":\"SEF Italia\"},\"image\":{\"@id\":\"https:\/\/www.sef-italia.it\/#\/schema\/logo\/image\/\"},\"sameAs\":[\"https:\/\/www.facebook.com\/scuolaequestrediformazione\/\",\"https:\/\/x.com\/sef_italia\",\"https:\/\/www.youtube.com\/channel\/UCcEMamL3elnrqfrtIT8sh7g?view_as=subscriber\"]},{\"@type\":\"Person\",\"@id\":\"https:\/\/www.sef-italia.it\/#\/schema\/person\/98bbf141ebc34928c1b6b3262203ee9e\",\"name\":\"Maria Teresa Bevilacqua\",\"image\":{\"@type\":\"ImageObject\",\"inLanguage\":\"it-IT\",\"@id\":\"https:\/\/www.sef-italia.it\/#\/schema\/person\/image\/\",\"url\":\"https:\/\/secure.gravatar.com\/avatar\/15e0000cbd79bf458c75ba2fc416b0c2?s=96&d=mm&r=g\",\"contentUrl\":\"https:\/\/secure.gravatar.com\/avatar\/15e0000cbd79bf458c75ba2fc416b0c2?s=96&d=mm&r=g\",\"caption\":\"Maria Teresa Bevilacqua\"},\"url\":\"https:\/\/www.sef-italia.it\/index.php\/author\/mariateresa\/\"}]}<\/script>\r\n<!-- \/ Yoast SEO plugin. -->","yoast_head_json":{"title":"I PONY: cavalli piccoli ma dal cuore grande - SEF Italia","robots":{"index":"index","follow":"follow","max-snippet":"max-snippet:-1","max-image-preview":"max-image-preview:large","max-video-preview":"max-video-preview:-1"},"canonical":"https:\/\/www.sef-italia.it\/index.php\/2017\/07\/13\/i-pony-cavalli-piccoli-ma-dal-cuore-grande\/","og_locale":"it_IT","og_type":"article","og_title":"I PONY: cavalli piccoli ma dal cuore grande - SEF Italia","og_description":"I pony sono cavalli con un\u2019ottima resistenza fisica e sono rappresentati da un numero notevole di razze, alcune ormai rarissime. Ottimi cavallini [&hellip;]","og_url":"https:\/\/www.sef-italia.it\/index.php\/2017\/07\/13\/i-pony-cavalli-piccoli-ma-dal-cuore-grande\/","og_site_name":"SEF Italia","article_publisher":"https:\/\/www.facebook.com\/scuolaequestrediformazione\/","article_published_time":"2017-07-13T15:00:06+00:00","og_image":[{"width":680,"height":400,"url":"https:\/\/www.sef-italia.it\/wp-content\/uploads\/2017\/07\/shutterstock_146544482-680x400.jpg","type":"image\/jpeg"}],"author":"Maria Teresa Bevilacqua","twitter_card":"summary_large_image","twitter_creator":"@sef_italia","twitter_site":"@sef_italia","twitter_misc":{"Scritto da":"Maria Teresa Bevilacqua","Tempo di lettura stimato":"1 minuto"},"schema":{"@context":"https:\/\/schema.org","@graph":[{"@type":"Article","@id":"https:\/\/www.sef-italia.it\/index.php\/2017\/07\/13\/i-pony-cavalli-piccoli-ma-dal-cuore-grande\/#article","isPartOf":{"@id":"https:\/\/www.sef-italia.it\/index.php\/2017\/07\/13\/i-pony-cavalli-piccoli-ma-dal-cuore-grande\/"},"author":{"name":"Maria Teresa Bevilacqua","@id":"https:\/\/www.sef-italia.it\/#\/schema\/person\/98bbf141ebc34928c1b6b3262203ee9e"},"headline":"I PONY: cavalli piccoli ma dal cuore grande","datePublished":"2017-07-13T15:00:06+00:00","mainEntityOfPage":{"@id":"https:\/\/www.sef-italia.it\/index.php\/2017\/07\/13\/i-pony-cavalli-piccoli-ma-dal-cuore-grande\/"},"wordCount":294,"commentCount":0,"publisher":{"@id":"https:\/\/www.sef-italia.it\/#organization"},"image":{"@id":"https:\/\/www.sef-italia.it\/index.php\/2017\/07\/13\/i-pony-cavalli-piccoli-ma-dal-cuore-grande\/#primaryimage"},"thumbnailUrl":"https:\/\/www.sef-italia.it\/wp-content\/uploads\/2017\/07\/shutterstock_146544482-680x400.jpg","articleSection":["News"],"inLanguage":"it-IT","potentialAction":[{"@type":"CommentAction","name":"Comment","target":["https:\/\/www.sef-italia.it\/index.php\/2017\/07\/13\/i-pony-cavalli-piccoli-ma-dal-cuore-grande\/#respond"]}]},{"@type":"WebPage","@id":"https:\/\/www.sef-italia.it\/index.php\/2017\/07\/13\/i-pony-cavalli-piccoli-ma-dal-cuore-grande\/","url":"https:\/\/www.sef-italia.it\/index.php\/2017\/07\/13\/i-pony-cavalli-piccoli-ma-dal-cuore-grande\/","name":"I PONY: cavalli piccoli ma dal cuore grande - SEF Italia","isPartOf":{"@id":"https:\/\/www.sef-italia.it\/#website"},"primaryImageOfPage":{"@id":"https:\/\/www.sef-italia.it\/index.php\/2017\/07\/13\/i-pony-cavalli-piccoli-ma-dal-cuore-grande\/#primaryimage"},"image":{"@id":"https:\/\/www.sef-italia.it\/index.php\/2017\/07\/13\/i-pony-cavalli-piccoli-ma-dal-cuore-grande\/#primaryimage"},"thumbnailUrl":"https:\/\/www.sef-italia.it\/wp-content\/uploads\/2017\/07\/shutterstock_146544482-680x400.jpg","datePublished":"2017-07-13T15:00:06+00:00","breadcrumb":{"@id":"https:\/\/www.sef-italia.it\/index.php\/2017\/07\/13\/i-pony-cavalli-piccoli-ma-dal-cuore-grande\/#breadcrumb"},"inLanguage":"it-IT","potentialAction":[{"@type":"ReadAction","target":["https:\/\/www.sef-italia.it\/index.php\/2017\/07\/13\/i-pony-cavalli-piccoli-ma-dal-cuore-grande\/"]}]},{"@type":"ImageObject","inLanguage":"it-IT","@id":"https:\/\/www.sef-italia.it\/index.php\/2017\/07\/13\/i-pony-cavalli-piccoli-ma-dal-cuore-grande\/#primaryimage","url":"https:\/\/www.sef-italia.it\/wp-content\/uploads\/2017\/07\/shutterstock_146544482-680x400.jpg","contentUrl":"https:\/\/www.sef-italia.it\/wp-content\/uploads\/2017\/07\/shutterstock_146544482-680x400.jpg","width":680,"height":400},{"@type":"BreadcrumbList","@id":"https:\/\/www.sef-italia.it\/index.php\/2017\/07\/13\/i-pony-cavalli-piccoli-ma-dal-cuore-grande\/#breadcrumb","itemListElement":[{"@type":"ListItem","position":1,"name":"Home","item":"https:\/\/www.sef-italia.it\/"},{"@type":"ListItem","position":2,"name":"I PONY: cavalli piccoli ma dal cuore grande"}]},{"@type":"WebSite","@id":"https:\/\/www.sef-italia.it\/#website","url":"https:\/\/www.sef-italia.it\/","name":"SEF Italia","description":"Il nuovo sito SEF Italia","publisher":{"@id":"https:\/\/www.sef-italia.it\/#organization"},"potentialAction":[{"@type":"SearchAction","target":{"@type":"EntryPoint","urlTemplate":"https:\/\/www.sef-italia.it\/?s={search_term_string}"},"query-input":{"@type":"PropertyValueSpecification","valueRequired":true,"valueName":"search_term_string"}}],"inLanguage":"it-IT"},{"@type":"Organization","@id":"https:\/\/www.sef-italia.it\/#organization","name":"SEF Italia","url":"https:\/\/www.sef-italia.it\/","logo":{"@type":"ImageObject","inLanguage":"it-IT","@id":"https:\/\/www.sef-italia.it\/#\/schema\/logo\/image\/","url":"https:\/\/www.sef-italia.it\/wp-content\/uploads\/2018\/01\/logoSEF_QUADRATO-.jpg","contentUrl":"https:\/\/www.sef-italia.it\/wp-content\/uploads\/2018\/01\/logoSEF_QUADRATO-.jpg","width":600,"height":600,"caption":"SEF Italia"},"image":{"@id":"https:\/\/www.sef-italia.it\/#\/schema\/logo\/image\/"},"sameAs":["https:\/\/www.facebook.com\/scuolaequestrediformazione\/","https:\/\/x.com\/sef_italia","https:\/\/www.youtube.com\/channel\/UCcEMamL3elnrqfrtIT8sh7g?view_as=subscriber"]},{"@type":"Person","@id":"https:\/\/www.sef-italia.it\/#\/schema\/person\/98bbf141ebc34928c1b6b3262203ee9e","name":"Maria Teresa Bevilacqua","image":{"@type":"ImageObject","inLanguage":"it-IT","@id":"https:\/\/www.sef-italia.it\/#\/schema\/person\/image\/","url":"https:\/\/secure.gravatar.com\/avatar\/15e0000cbd79bf458c75ba2fc416b0c2?s=96&d=mm&r=g","contentUrl":"https:\/\/secure.gravatar.com\/avatar\/15e0000cbd79bf458c75ba2fc416b0c2?s=96&d=mm&r=g","caption":"Maria Teresa Bevilacqua"},"url":"https:\/\/www.sef-italia.it\/index.php\/author\/mariateresa\/"}]}},"_links":{"self":[{"href":"https:\/\/www.sef-italia.it\/index.php\/wp-json\/wp\/v2\/posts\/8863"}],"collection":[{"href":"https:\/\/www.sef-italia.it\/index.php\/wp-json\/wp\/v2\/posts"}],"about":[{"href":"https:\/\/www.sef-italia.it\/index.php\/wp-json\/wp\/v2\/types\/post"}],"author":[{"embeddable":true,"href":"https:\/\/www.sef-italia.it\/index.php\/wp-json\/wp\/v2\/users\/83"}],"replies":[{"embeddable":true,"href":"https:\/\/www.sef-italia.it\/index.php\/wp-json\/wp\/v2\/comments?post=8863"}],"version-history":[{"count":2,"href":"https:\/\/www.sef-italia.it\/index.php\/wp-json\/wp\/v2\/posts\/8863\/revisions"}],"predecessor-version":[{"id":8866,"href":"https:\/\/www.sef-italia.it\/index.php\/wp-json\/wp\/v2\/posts\/8863\/revisions\/8866"}],"wp:featuredmedia":[{"embeddable":true,"href":"https:\/\/www.sef-italia.it\/index.php\/wp-json\/wp\/v2\/media\/8865"}],"wp:attachment":[{"href":"https:\/\/www.sef-italia.it\/index.php\/wp-json\/wp\/v2\/media?parent=8863"}],"wp:term":[{"taxonomy":"category","embeddable":true,"href":"https:\/\/www.sef-italia.it\/index.php\/wp-json\/wp\/v2\/categories?post=8863"},{"taxonomy":"post_tag","embeddable":true,"href":"https:\/\/www.sef-italia.it\/index.php\/wp-json\/wp\/v2\/tags?post=8863"}],"curies":[{"name":"wp","href":"https:\/\/api.w.org\/{rel}","templated":true}]}}