{"id":9079,"date":"2017-08-23T11:12:06","date_gmt":"2017-08-23T09:12:06","guid":{"rendered":"http:\/\/www.sef-italia.it\/?p=9079"},"modified":"2017-08-22T16:27:02","modified_gmt":"2017-08-22T14:27:02","slug":"trattamento-e-controllo-delle-zecche","status":"publish","type":"post","link":"https:\/\/www.sef-italia.it\/index.php\/2017\/08\/23\/trattamento-e-controllo-delle-zecche\/","title":{"rendered":"Trattamento e controllo delle zecche"},"content":{"rendered":"<p>Le zecche devono essere rimosse il pi\u00f9 presto possibile per minimizzare il danno. Per rimuovere correttamente una zecca, si devono usare delle pinzette per prendere la zecca molto vicina alla cute e tirare delicatamente. Non provare mai a rimuovere una zecca a mani nude perch\u00e9 certe malattie possono essere trasmesse immediatamente attraverso ferite cutanee o contatto con le mucose. Anche l&#8217;uso di cerini caldi per rimuovere le zecche deve essere evitato. I cavalli infestati devono essere trattati anche con insetticidi che distruggono larve, ninfe e adulti attaccati. Contattare il veterinario per una prescrizione o un&#8217;indicazione per il miglior prodotto per il controllo delle zecche per il cavallo. Bisogna assicurarsi di far sapere al veterinario quali altri animali si possiedono perch\u00e9 questo pu\u00f2 fare la differenza nella prescrizione del veterinario. Controllare i siti da cui sono state tolte le zecche. Se una puntura di zecche diventa rossa o rigonfia, \u00e8 meglio chiamare il veterinario.<\/p>\n<p>Se un cavallo \u00e8 gravemente infestato da zecche, \u00e8 consigliabile chiamare subito il veterinario per la loro rimozione. Le gravi infestazioni non solo danneggiano seriamente la cute, \u00a0ma le possibilit\u00e0 di anemia e altre complicanze sono elevate.<\/p>\n<p>Mantenere lontani gli animali dalle zone colonizzate dalle zecche \u00e8 la tecnica pi\u00f9 efficace per controllare l&#8217;esposizione. La maggior parte delle zecche vive in particolari microhabitat come l&#8217;erba alta o i confini tra pascoli e boschi. Distruggere questi microhabitat riduce il numero di zecche. Rimuovere le erbe alte e le erbacce dalla propriet\u00e0 e mantenere tagliati i pascoli pu\u00f2 aiutare a proteggere il cavallo. Il trattamento insetticida della vegetazione pu\u00f2 ridurre lievemente il rischio di zecche. Tuttavia, non \u00e8 raccomandabile l&#8217;uso esteso per l&#8217;inquinamento ambientale e per il costo per trattare vaste zone.<\/p>\n<p><img loading=\"lazy\" decoding=\"async\" class=\"alignnone size-medium wp-image-8871\" src=\"http:\/\/www.sef-italia.it\/wp-content\/uploads\/2017\/07\/1446734569-cavallo-300x200.jpg\" alt=\"\" width=\"300\" height=\"200\" srcset=\"https:\/\/www.sef-italia.it\/wp-content\/uploads\/2017\/07\/1446734569-cavallo-300x200.jpg 300w, https:\/\/www.sef-italia.it\/wp-content\/uploads\/2017\/07\/1446734569-cavallo-768x511.jpg 768w, https:\/\/www.sef-italia.it\/wp-content\/uploads\/2017\/07\/1446734569-cavallo-1024x681.jpg 1024w, https:\/\/www.sef-italia.it\/wp-content\/uploads\/2017\/07\/1446734569-cavallo-148x98.jpg 148w, https:\/\/www.sef-italia.it\/wp-content\/uploads\/2017\/07\/1446734569-cavallo-31x21.jpg 31w, https:\/\/www.sef-italia.it\/wp-content\/uploads\/2017\/07\/1446734569-cavallo-38x25.jpg 38w, https:\/\/www.sef-italia.it\/wp-content\/uploads\/2017\/07\/1446734569-cavallo-323x215.jpg 323w, https:\/\/www.sef-italia.it\/wp-content\/uploads\/2017\/07\/1446734569-cavallo-830x552.jpg 830w, https:\/\/www.sef-italia.it\/wp-content\/uploads\/2017\/07\/1446734569-cavallo-230x153.jpg 230w, https:\/\/www.sef-italia.it\/wp-content\/uploads\/2017\/07\/1446734569-cavallo-350x233.jpg 350w, https:\/\/www.sef-italia.it\/wp-content\/uploads\/2017\/07\/1446734569-cavallo-480x319.jpg 480w, https:\/\/www.sef-italia.it\/wp-content\/uploads\/2017\/07\/1446734569-cavallo.jpg 1200w\" sizes=\"(max-width: 300px) 100vw, 300px\" \/><\/p>\n","protected":false},"excerpt":{"rendered":"<p>Le zecche devono essere rimosse il pi\u00f9 presto possibile per minimizzare il danno. Per rimuovere correttamente una zecca, si devono usare delle [&hellip;]<\/p>\n","protected":false},"author":83,"featured_media":8871,"comment_status":"open","ping_status":"open","sticky":false,"template":"","format":"standard","meta":{"footnotes":""},"categories":[1],"tags":[],"yoast_head":"<!-- This site is optimized with the Yoast SEO plugin v24.5 - https:\/\/yoast.com\/wordpress\/plugins\/seo\/ -->\r\n<title>Trattamento e controllo delle zecche - SEF Italia<\/title>\r\n<meta name=\"robots\" content=\"index, follow, max-snippet:-1, max-image-preview:large, max-video-preview:-1\" \/>\r\n<link rel=\"canonical\" href=\"https:\/\/www.sef-italia.it\/index.php\/2017\/08\/23\/trattamento-e-controllo-delle-zecche\/\" \/>\r\n<meta property=\"og:locale\" content=\"it_IT\" \/>\r\n<meta property=\"og:type\" content=\"article\" \/>\r\n<meta property=\"og:title\" content=\"Trattamento e controllo delle zecche - SEF Italia\" \/>\r\n<meta property=\"og:description\" content=\"Le zecche devono essere rimosse il pi\u00f9 presto possibile per minimizzare il danno. Per rimuovere correttamente una zecca, si devono usare delle [&hellip;]\" \/>\r\n<meta property=\"og:url\" content=\"https:\/\/www.sef-italia.it\/index.php\/2017\/08\/23\/trattamento-e-controllo-delle-zecche\/\" \/>\r\n<meta property=\"og:site_name\" content=\"SEF Italia\" \/>\r\n<meta property=\"article:publisher\" content=\"https:\/\/www.facebook.com\/scuolaequestrediformazione\/\" \/>\r\n<meta property=\"article:published_time\" content=\"2017-08-23T09:12:06+00:00\" \/>\r\n<meta property=\"og:image\" content=\"https:\/\/www.sef-italia.it\/wp-content\/uploads\/2017\/07\/1446734569-cavallo.jpg\" \/>\r\n\t<meta property=\"og:image:width\" content=\"1200\" \/>\r\n\t<meta property=\"og:image:height\" content=\"798\" \/>\r\n\t<meta property=\"og:image:type\" content=\"image\/jpeg\" \/>\r\n<meta name=\"author\" content=\"Maria Teresa Bevilacqua\" \/>\r\n<meta name=\"twitter:card\" content=\"summary_large_image\" \/>\r\n<meta name=\"twitter:creator\" content=\"@sef_italia\" \/>\r\n<meta name=\"twitter:site\" content=\"@sef_italia\" \/>\r\n<meta name=\"twitter:label1\" content=\"Scritto da\" \/>\n\t<meta name=\"twitter:data1\" content=\"Maria Teresa Bevilacqua\" \/>\n\t<meta name=\"twitter:label2\" content=\"Tempo di lettura stimato\" \/>\n\t<meta name=\"twitter:data2\" content=\"1 minuto\" \/>\r\n<script type=\"application\/ld+json\" class=\"yoast-schema-graph\">{\"@context\":\"https:\/\/schema.org\",\"@graph\":[{\"@type\":\"Article\",\"@id\":\"https:\/\/www.sef-italia.it\/index.php\/2017\/08\/23\/trattamento-e-controllo-delle-zecche\/#article\",\"isPartOf\":{\"@id\":\"https:\/\/www.sef-italia.it\/index.php\/2017\/08\/23\/trattamento-e-controllo-delle-zecche\/\"},\"author\":{\"name\":\"Maria Teresa Bevilacqua\",\"@id\":\"https:\/\/www.sef-italia.it\/#\/schema\/person\/98bbf141ebc34928c1b6b3262203ee9e\"},\"headline\":\"Trattamento e controllo delle zecche\",\"datePublished\":\"2017-08-23T09:12:06+00:00\",\"mainEntityOfPage\":{\"@id\":\"https:\/\/www.sef-italia.it\/index.php\/2017\/08\/23\/trattamento-e-controllo-delle-zecche\/\"},\"wordCount\":289,\"commentCount\":0,\"publisher\":{\"@id\":\"https:\/\/www.sef-italia.it\/#organization\"},\"image\":{\"@id\":\"https:\/\/www.sef-italia.it\/index.php\/2017\/08\/23\/trattamento-e-controllo-delle-zecche\/#primaryimage\"},\"thumbnailUrl\":\"https:\/\/www.sef-italia.it\/wp-content\/uploads\/2017\/07\/1446734569-cavallo.jpg\",\"articleSection\":[\"News\"],\"inLanguage\":\"it-IT\",\"potentialAction\":[{\"@type\":\"CommentAction\",\"name\":\"Comment\",\"target\":[\"https:\/\/www.sef-italia.it\/index.php\/2017\/08\/23\/trattamento-e-controllo-delle-zecche\/#respond\"]}]},{\"@type\":\"WebPage\",\"@id\":\"https:\/\/www.sef-italia.it\/index.php\/2017\/08\/23\/trattamento-e-controllo-delle-zecche\/\",\"url\":\"https:\/\/www.sef-italia.it\/index.php\/2017\/08\/23\/trattamento-e-controllo-delle-zecche\/\",\"name\":\"Trattamento e controllo delle zecche - SEF Italia\",\"isPartOf\":{\"@id\":\"https:\/\/www.sef-italia.it\/#website\"},\"primaryImageOfPage\":{\"@id\":\"https:\/\/www.sef-italia.it\/index.php\/2017\/08\/23\/trattamento-e-controllo-delle-zecche\/#primaryimage\"},\"image\":{\"@id\":\"https:\/\/www.sef-italia.it\/index.php\/2017\/08\/23\/trattamento-e-controllo-delle-zecche\/#primaryimage\"},\"thumbnailUrl\":\"https:\/\/www.sef-italia.it\/wp-content\/uploads\/2017\/07\/1446734569-cavallo.jpg\",\"datePublished\":\"2017-08-23T09:12:06+00:00\",\"breadcrumb\":{\"@id\":\"https:\/\/www.sef-italia.it\/index.php\/2017\/08\/23\/trattamento-e-controllo-delle-zecche\/#breadcrumb\"},\"inLanguage\":\"it-IT\",\"potentialAction\":[{\"@type\":\"ReadAction\",\"target\":[\"https:\/\/www.sef-italia.it\/index.php\/2017\/08\/23\/trattamento-e-controllo-delle-zecche\/\"]}]},{\"@type\":\"ImageObject\",\"inLanguage\":\"it-IT\",\"@id\":\"https:\/\/www.sef-italia.it\/index.php\/2017\/08\/23\/trattamento-e-controllo-delle-zecche\/#primaryimage\",\"url\":\"https:\/\/www.sef-italia.it\/wp-content\/uploads\/2017\/07\/1446734569-cavallo.jpg\",\"contentUrl\":\"https:\/\/www.sef-italia.it\/wp-content\/uploads\/2017\/07\/1446734569-cavallo.jpg\",\"width\":1200,\"height\":798},{\"@type\":\"BreadcrumbList\",\"@id\":\"https:\/\/www.sef-italia.it\/index.php\/2017\/08\/23\/trattamento-e-controllo-delle-zecche\/#breadcrumb\",\"itemListElement\":[{\"@type\":\"ListItem\",\"position\":1,\"name\":\"Home\",\"item\":\"https:\/\/www.sef-italia.it\/\"},{\"@type\":\"ListItem\",\"position\":2,\"name\":\"Trattamento e controllo delle zecche\"}]},{\"@type\":\"WebSite\",\"@id\":\"https:\/\/www.sef-italia.it\/#website\",\"url\":\"https:\/\/www.sef-italia.it\/\",\"name\":\"SEF Italia\",\"description\":\"Il nuovo sito SEF Italia\",\"publisher\":{\"@id\":\"https:\/\/www.sef-italia.it\/#organization\"},\"potentialAction\":[{\"@type\":\"SearchAction\",\"target\":{\"@type\":\"EntryPoint\",\"urlTemplate\":\"https:\/\/www.sef-italia.it\/?s={search_term_string}\"},\"query-input\":{\"@type\":\"PropertyValueSpecification\",\"valueRequired\":true,\"valueName\":\"search_term_string\"}}],\"inLanguage\":\"it-IT\"},{\"@type\":\"Organization\",\"@id\":\"https:\/\/www.sef-italia.it\/#organization\",\"name\":\"SEF Italia\",\"url\":\"https:\/\/www.sef-italia.it\/\",\"logo\":{\"@type\":\"ImageObject\",\"inLanguage\":\"it-IT\",\"@id\":\"https:\/\/www.sef-italia.it\/#\/schema\/logo\/image\/\",\"url\":\"https:\/\/www.sef-italia.it\/wp-content\/uploads\/2018\/01\/logoSEF_QUADRATO-.jpg\",\"contentUrl\":\"https:\/\/www.sef-italia.it\/wp-content\/uploads\/2018\/01\/logoSEF_QUADRATO-.jpg\",\"width\":600,\"height\":600,\"caption\":\"SEF Italia\"},\"image\":{\"@id\":\"https:\/\/www.sef-italia.it\/#\/schema\/logo\/image\/\"},\"sameAs\":[\"https:\/\/www.facebook.com\/scuolaequestrediformazione\/\",\"https:\/\/x.com\/sef_italia\",\"https:\/\/www.youtube.com\/channel\/UCcEMamL3elnrqfrtIT8sh7g?view_as=subscriber\"]},{\"@type\":\"Person\",\"@id\":\"https:\/\/www.sef-italia.it\/#\/schema\/person\/98bbf141ebc34928c1b6b3262203ee9e\",\"name\":\"Maria Teresa Bevilacqua\",\"image\":{\"@type\":\"ImageObject\",\"inLanguage\":\"it-IT\",\"@id\":\"https:\/\/www.sef-italia.it\/#\/schema\/person\/image\/\",\"url\":\"https:\/\/secure.gravatar.com\/avatar\/15e0000cbd79bf458c75ba2fc416b0c2?s=96&d=mm&r=g\",\"contentUrl\":\"https:\/\/secure.gravatar.com\/avatar\/15e0000cbd79bf458c75ba2fc416b0c2?s=96&d=mm&r=g\",\"caption\":\"Maria Teresa Bevilacqua\"},\"url\":\"https:\/\/www.sef-italia.it\/index.php\/author\/mariateresa\/\"}]}<\/script>\r\n<!-- \/ Yoast SEO plugin. -->","yoast_head_json":{"title":"Trattamento e controllo delle zecche - SEF Italia","robots":{"index":"index","follow":"follow","max-snippet":"max-snippet:-1","max-image-preview":"max-image-preview:large","max-video-preview":"max-video-preview:-1"},"canonical":"https:\/\/www.sef-italia.it\/index.php\/2017\/08\/23\/trattamento-e-controllo-delle-zecche\/","og_locale":"it_IT","og_type":"article","og_title":"Trattamento e controllo delle zecche - SEF Italia","og_description":"Le zecche devono essere rimosse il pi\u00f9 presto possibile per minimizzare il danno. Per rimuovere correttamente una zecca, si devono usare delle [&hellip;]","og_url":"https:\/\/www.sef-italia.it\/index.php\/2017\/08\/23\/trattamento-e-controllo-delle-zecche\/","og_site_name":"SEF Italia","article_publisher":"https:\/\/www.facebook.com\/scuolaequestrediformazione\/","article_published_time":"2017-08-23T09:12:06+00:00","og_image":[{"width":1200,"height":798,"url":"https:\/\/www.sef-italia.it\/wp-content\/uploads\/2017\/07\/1446734569-cavallo.jpg","type":"image\/jpeg"}],"author":"Maria Teresa Bevilacqua","twitter_card":"summary_large_image","twitter_creator":"@sef_italia","twitter_site":"@sef_italia","twitter_misc":{"Scritto da":"Maria Teresa Bevilacqua","Tempo di lettura stimato":"1 minuto"},"schema":{"@context":"https:\/\/schema.org","@graph":[{"@type":"Article","@id":"https:\/\/www.sef-italia.it\/index.php\/2017\/08\/23\/trattamento-e-controllo-delle-zecche\/#article","isPartOf":{"@id":"https:\/\/www.sef-italia.it\/index.php\/2017\/08\/23\/trattamento-e-controllo-delle-zecche\/"},"author":{"name":"Maria Teresa Bevilacqua","@id":"https:\/\/www.sef-italia.it\/#\/schema\/person\/98bbf141ebc34928c1b6b3262203ee9e"},"headline":"Trattamento e controllo delle zecche","datePublished":"2017-08-23T09:12:06+00:00","mainEntityOfPage":{"@id":"https:\/\/www.sef-italia.it\/index.php\/2017\/08\/23\/trattamento-e-controllo-delle-zecche\/"},"wordCount":289,"commentCount":0,"publisher":{"@id":"https:\/\/www.sef-italia.it\/#organization"},"image":{"@id":"https:\/\/www.sef-italia.it\/index.php\/2017\/08\/23\/trattamento-e-controllo-delle-zecche\/#primaryimage"},"thumbnailUrl":"https:\/\/www.sef-italia.it\/wp-content\/uploads\/2017\/07\/1446734569-cavallo.jpg","articleSection":["News"],"inLanguage":"it-IT","potentialAction":[{"@type":"CommentAction","name":"Comment","target":["https:\/\/www.sef-italia.it\/index.php\/2017\/08\/23\/trattamento-e-controllo-delle-zecche\/#respond"]}]},{"@type":"WebPage","@id":"https:\/\/www.sef-italia.it\/index.php\/2017\/08\/23\/trattamento-e-controllo-delle-zecche\/","url":"https:\/\/www.sef-italia.it\/index.php\/2017\/08\/23\/trattamento-e-controllo-delle-zecche\/","name":"Trattamento e controllo delle zecche - SEF Italia","isPartOf":{"@id":"https:\/\/www.sef-italia.it\/#website"},"primaryImageOfPage":{"@id":"https:\/\/www.sef-italia.it\/index.php\/2017\/08\/23\/trattamento-e-controllo-delle-zecche\/#primaryimage"},"image":{"@id":"https:\/\/www.sef-italia.it\/index.php\/2017\/08\/23\/trattamento-e-controllo-delle-zecche\/#primaryimage"},"thumbnailUrl":"https:\/\/www.sef-italia.it\/wp-content\/uploads\/2017\/07\/1446734569-cavallo.jpg","datePublished":"2017-08-23T09:12:06+00:00","breadcrumb":{"@id":"https:\/\/www.sef-italia.it\/index.php\/2017\/08\/23\/trattamento-e-controllo-delle-zecche\/#breadcrumb"},"inLanguage":"it-IT","potentialAction":[{"@type":"ReadAction","target":["https:\/\/www.sef-italia.it\/index.php\/2017\/08\/23\/trattamento-e-controllo-delle-zecche\/"]}]},{"@type":"ImageObject","inLanguage":"it-IT","@id":"https:\/\/www.sef-italia.it\/index.php\/2017\/08\/23\/trattamento-e-controllo-delle-zecche\/#primaryimage","url":"https:\/\/www.sef-italia.it\/wp-content\/uploads\/2017\/07\/1446734569-cavallo.jpg","contentUrl":"https:\/\/www.sef-italia.it\/wp-content\/uploads\/2017\/07\/1446734569-cavallo.jpg","width":1200,"height":798},{"@type":"BreadcrumbList","@id":"https:\/\/www.sef-italia.it\/index.php\/2017\/08\/23\/trattamento-e-controllo-delle-zecche\/#breadcrumb","itemListElement":[{"@type":"ListItem","position":1,"name":"Home","item":"https:\/\/www.sef-italia.it\/"},{"@type":"ListItem","position":2,"name":"Trattamento e controllo delle zecche"}]},{"@type":"WebSite","@id":"https:\/\/www.sef-italia.it\/#website","url":"https:\/\/www.sef-italia.it\/","name":"SEF Italia","description":"Il nuovo sito SEF Italia","publisher":{"@id":"https:\/\/www.sef-italia.it\/#organization"},"potentialAction":[{"@type":"SearchAction","target":{"@type":"EntryPoint","urlTemplate":"https:\/\/www.sef-italia.it\/?s={search_term_string}"},"query-input":{"@type":"PropertyValueSpecification","valueRequired":true,"valueName":"search_term_string"}}],"inLanguage":"it-IT"},{"@type":"Organization","@id":"https:\/\/www.sef-italia.it\/#organization","name":"SEF Italia","url":"https:\/\/www.sef-italia.it\/","logo":{"@type":"ImageObject","inLanguage":"it-IT","@id":"https:\/\/www.sef-italia.it\/#\/schema\/logo\/image\/","url":"https:\/\/www.sef-italia.it\/wp-content\/uploads\/2018\/01\/logoSEF_QUADRATO-.jpg","contentUrl":"https:\/\/www.sef-italia.it\/wp-content\/uploads\/2018\/01\/logoSEF_QUADRATO-.jpg","width":600,"height":600,"caption":"SEF Italia"},"image":{"@id":"https:\/\/www.sef-italia.it\/#\/schema\/logo\/image\/"},"sameAs":["https:\/\/www.facebook.com\/scuolaequestrediformazione\/","https:\/\/x.com\/sef_italia","https:\/\/www.youtube.com\/channel\/UCcEMamL3elnrqfrtIT8sh7g?view_as=subscriber"]},{"@type":"Person","@id":"https:\/\/www.sef-italia.it\/#\/schema\/person\/98bbf141ebc34928c1b6b3262203ee9e","name":"Maria Teresa Bevilacqua","image":{"@type":"ImageObject","inLanguage":"it-IT","@id":"https:\/\/www.sef-italia.it\/#\/schema\/person\/image\/","url":"https:\/\/secure.gravatar.com\/avatar\/15e0000cbd79bf458c75ba2fc416b0c2?s=96&d=mm&r=g","contentUrl":"https:\/\/secure.gravatar.com\/avatar\/15e0000cbd79bf458c75ba2fc416b0c2?s=96&d=mm&r=g","caption":"Maria Teresa Bevilacqua"},"url":"https:\/\/www.sef-italia.it\/index.php\/author\/mariateresa\/"}]}},"_links":{"self":[{"href":"https:\/\/www.sef-italia.it\/index.php\/wp-json\/wp\/v2\/posts\/9079"}],"collection":[{"href":"https:\/\/www.sef-italia.it\/index.php\/wp-json\/wp\/v2\/posts"}],"about":[{"href":"https:\/\/www.sef-italia.it\/index.php\/wp-json\/wp\/v2\/types\/post"}],"author":[{"embeddable":true,"href":"https:\/\/www.sef-italia.it\/index.php\/wp-json\/wp\/v2\/users\/83"}],"replies":[{"embeddable":true,"href":"https:\/\/www.sef-italia.it\/index.php\/wp-json\/wp\/v2\/comments?post=9079"}],"version-history":[{"count":1,"href":"https:\/\/www.sef-italia.it\/index.php\/wp-json\/wp\/v2\/posts\/9079\/revisions"}],"predecessor-version":[{"id":9080,"href":"https:\/\/www.sef-italia.it\/index.php\/wp-json\/wp\/v2\/posts\/9079\/revisions\/9080"}],"wp:featuredmedia":[{"embeddable":true,"href":"https:\/\/www.sef-italia.it\/index.php\/wp-json\/wp\/v2\/media\/8871"}],"wp:attachment":[{"href":"https:\/\/www.sef-italia.it\/index.php\/wp-json\/wp\/v2\/media?parent=9079"}],"wp:term":[{"taxonomy":"category","embeddable":true,"href":"https:\/\/www.sef-italia.it\/index.php\/wp-json\/wp\/v2\/categories?post=9079"},{"taxonomy":"post_tag","embeddable":true,"href":"https:\/\/www.sef-italia.it\/index.php\/wp-json\/wp\/v2\/tags?post=9079"}],"curies":[{"name":"wp","href":"https:\/\/api.w.org\/{rel}","templated":true}]}}